{"id":25709,"date":"2026-04-01T15:05:01","date_gmt":"2026-04-01T20:05:01","guid":{"rendered":"https:\/\/patternenergy.com\/projet-eolien-de-broughton-points-forts-de-la-journee-portes-ouvertes-et-evenements-a-venir\/"},"modified":"2026-04-01T11:25:36","modified_gmt":"2026-04-01T16:25:36","slug":"projet-de-parc-eolien-broughton-retour-sur-les-portes-ouvertes-et-prochaines-etapes-a-franchir","status":"publish","type":"post","link":"https:\/\/patternenergy.com\/fr\/projet-de-parc-eolien-broughton-retour-sur-les-portes-ouvertes-et-prochaines-etapes-a-franchir\/","title":{"rendered":"Projet de parc \u00e9olien Broughton\u202f: retour sur les portes ouvertes et prochaines \u00e9tapes \u00e0 franchir"},"content":{"rendered":"<p><b><span data-contrast=\"auto\">Projet de parc \u00e9olien Broughton\u202f: retour sur les portes ouvertes et prochaines \u00e9tapes \u00e0 franchir<\/span><\/b><span data-ccp-props=\"{\"201341983\":0,\"335559739\":0,\"335559740\":240}\"> <\/span><\/p>\n<p><span data-ccp-props=\"{\"201341983\":0,\"335559739\":0,\"335559740\":240}\"> <\/span><span data-contrast=\"auto\">Montr\u00e9al, Qu\u00e9bec, 1er avril 2026  <\/span><span data-contrast=\"auto\">Plusieurs autorisations environnementales sont attendues avant le d\u00e9but des travaux de d\u00e9boisement du Parc \u00e9olien Broughton, pr\u00e9vus \u00e0 l\u2019automne 2027, dans un projet qui doit prendre forme sur des terres priv\u00e9es des municipalit\u00e9s de Saint-Pierre-de-Broughton, de Sacr\u00e9-Coeur-de-J\u00e9sus et de Thetford Mines. Plusieurs autorisations environnementales sont n\u00e9cessaires avant le d\u00e9but des travaux de d\u00e9frichement du projet, pr\u00e9vu pour l&rsquo;automne 2027.<\/span><span data-ccp-props=\"{\"201341983\":0,\"335559739\":0,\"335559740\":240}\"> <\/span><\/p>\n<p><span data-ccp-props=\"{\"201341983\":0,\"335559739\":0,\"335559740\":240}\"> <\/span><span data-contrast=\"auto\">L\u2019\u00e9quipe du projet du parc \u00e9olien Broughton de Pattern travaille actuellement \u00e0 r\u00e9pondre \u00e0 une premi\u00e8re s\u00e9rie de questions et de demandes de pr\u00e9cisions formul\u00e9es par le minist\u00e8re de l\u2019Environnement, de la Lutte contre les changements climatiques, de la Faune et des Parcs. Des \u00e9tudes d&rsquo;ing\u00e9nierie se poursuivent \u00e9galement en 2026 afin de pr\u00e9ciser certains aspects techniques de la configuration du projet qui pr\u00e9voit l\u2019am\u00e9nagement de 25 \u00e0 29 \u00e9oliennes selon le mod\u00e8le s\u00e9lectionn\u00e9. <\/span><span data-ccp-props=\"{\"201341983\":0,\"335559739\":0,\"335559740\":240}\"> <\/span><\/p>\n<p><span data-ccp-props=\"{\"201341983\":0,\"335559739\":0,\"335559740\":240}\"> <\/span><\/p>\n<p><b><span data-contrast=\"auto\">Projet de parc \u00e9olien Broughton\u202f: accueil favorable de la communaut\u00e9 locale<\/span><\/b><span data-ccp-props=\"{\"201341983\":0,\"335559739\":0,\"335559740\":240}\"> <\/span><\/p>\n<p><span data-contrast=\"auto\">Une autre \u00e9tape importante a d\u2019ailleurs \u00e9t\u00e9 franchie au d\u00e9but 2026 avec la troisi\u00e8me s\u00e9ance d\u2019information et de consultation publique qui a eu lieu le 4 f\u00e9vrier 2026 \u00e0 l\u2019\u00e9glise de Saint-Pierre-de-Broughton, \u00e0 laquelle 200 personnes ont particip\u00e9. <\/span><span data-ccp-props=\"{\"201341983\":0,\"335559739\":0,\"335559740\":240}\"> <\/span><\/p>\n<p><span data-contrast=\"auto\">Les partenaires du Parc \u00e9olien Broughton (Pattern Renewable Holdings Canada 2 ULC, la MRC des Appalaches, la MRC de L\u2019\u00c9rable et les conseils des Ab\u00e9nakis d\u2019Odanak et de W\u00f4linak) saluent la participation et l\u2019int\u00e9r\u00eat de la population de Saint-Pierre-de-Broughton, de Sacr\u00e9-C\u0153ur-de-J\u00e9sus et de Thetford Mines \u00e0 cette s\u00e9ance d\u2019information et de consultation publique.<\/span><span data-ccp-props=\"{\"201341983\":0,\"335559739\":0,\"335559740\":240}\"> <\/span><\/p>\n<p><span data-contrast=\"auto\">\u00ab Chez Pattern Canada, la participation citoyenne guide le d\u00e9veloppement de projets durables et en harmonie avec les autres usages du territoire. Les commentaires du milieu nous permettent d\u2019ajuster le projet pour r\u00e9pondre aux attentes et aux besoins locaux \u00bb, a d\u00e9clar\u00e9 William Shemie, directeur du d\u00e9veloppement pour le march\u00e9 canadien chez Pattern Canada.<\/span><span data-ccp-props=\"{\"201341983\":0,\"335559739\":0,\"335559740\":240}\"> <\/span><\/p>\n<p>&nbsp;<\/p>\n<p><b><span data-contrast=\"auto\">Un moment d\u2019\u00e9change et d\u2019information<\/span><\/b><span data-ccp-props=\"{\"201341983\":0,\"335559739\":0,\"335559740\":240}\"> <\/span><\/p>\n<p><span data-contrast=\"auto\">Cette rencontre avec le milieu \u00e9tait l\u2019occasion pour les citoyens d\u2019\u00e9changer avec l\u2019\u00e9quipe de d\u00e9veloppement et d\u2019int\u00e9gration du projet dans le milieu, de conna\u00eetre les avanc\u00e9es du projet, les impacts potentiels et les mesures d\u2019att\u00e9nuation environnementale pr\u00e9vues, ainsi que les retomb\u00e9es \u00e9conomiques et sociales. <\/span><span data-ccp-props=\"{\"201341983\":0,\"335559739\":0,\"335559740\":240}\"> <\/span><\/p>\n<p><span data-contrast=\"auto\">Les visiteurs ont eu l\u2019occasion de se renseigner sur le projet en consultant une s\u00e9rie de panneaux d\u2019information qui demeurent \u00e0 la disposition du public sur le site du projet\u202f:<\/span><span data-ccp-props=\"{\"201341983\":0,\"335559739\":0,\"335559740\":240}\"> <\/span><\/p>\n<p><a href=\"https:\/\/patternenergy.com\/wp-content\/uploads\/2026\/03\/French-Information-Boards_Broughton_260204.pdf\"><span data-contrast=\"none\">https:\/\/patternenergy.com\/wp-content\/uploads\/2026\/03\/French-Information-Boards_Broughton_260204.pdf<\/span><\/a><br \/>\n<span data-ccp-props=\"{\"201341983\":0,\"335559739\":0,\"335559740\":240}\"> <\/span><\/p>\n<p><b><span data-contrast=\"auto\">Quelques faits saillants<\/span><\/b><span data-ccp-props=\"{\"201341983\":0,\"335559739\":0,\"335559740\":240}\"> <\/span><\/p>\n<p><span data-contrast=\"auto\">Parmi les faits saillants de cette s\u00e9ance d\u2019information publique, un dialogue constructif sur l&#8217;emplacement des \u00e9oliennes et l\u2019impact sur le paysage, une pr\u00e9sentation des cartes de contraintes d\u00e9taill\u00e9es et une mise \u00e0 jour des retomb\u00e9es directes et indirectes du projet ont retenu l\u2019attention. Ainsi, le projet a re\u00e7u un accueil plut\u00f4t favorable de la communaut\u00e9 locale et semble \u00eatre per\u00e7u comme \u00e9tant pertinent pour contribuer aux besoins croissants en \u00e9lectricit\u00e9 de la province, au soutien du d\u00e9veloppement d\u2019une \u00e9nergie propre et renouvelable et \u00e0 des opportunit\u00e9s d\u2019emploi locales. <\/span><span data-ccp-props=\"{\"201341983\":0,\"335559739\":0,\"335559740\":240}\"> <\/span><\/p>\n<p><span data-contrast=\"auto\">Le\u202fConnectif des sommets est une r\u00e9gie \u00e9nerg\u00e9tique visant \u00e0 repr\u00e9senter les communaut\u00e9s et\u202f\u00e0\u202ftirer des b\u00e9n\u00e9fices concrets d\u2019\u00e9ventuels projets \u00e9oliens sur les territoires de la MRC des Appalaches, la MRC de L\u2019\u00c9rable et la MRC de Lotbini\u00e8re. Le Connectif \u00e9tait \u00e9galement pr\u00e9sent durant l\u2019\u00e9v\u00e9nement du 4 f\u00e9vrier dernier afin de\u202fcollaborer avec l\u2019\u00e9quipe du Parc \u00e9olien Broughton, d\u2019assurer un encadrement de la d\u00e9marche consultative, du respect des communaut\u00e9s vis\u00e9es dans l\u2019aire du projet et de maximiser les retomb\u00e9es locales et r\u00e9gionales.  <\/span><br \/>\n<span data-ccp-props=\"{\"201341983\":0,\"335559739\":0,\"335559740\":240}\"> <\/span><\/p>\n<p><b><span data-contrast=\"auto\">En savoir plus sur Pattern Canada<\/span><\/b><span data-ccp-props=\"{\"201341983\":0,\"335559739\":0,\"335559740\":240}\"> <\/span><\/p>\n<p><span data-contrast=\"auto\">Pattern Canada est l\u2019un des plus grands exploitants d\u2019\u00e9nergie \u00e9olienne au Canada. D\u00e9tenu en majorit\u00e9 par l&rsquo;Office d&rsquo;investissement du r\u00e9gime de\u202fpensions du Canada (CPPIB), il a mis en service 11 parcs \u00e9oliens dans cinq provinces au Canada. <\/span><span data-ccp-props=\"{\"201341983\":0,\"335559739\":0,\"335559740\":240}\"> <\/span><\/p>\n<p><span data-contrast=\"auto\">Au Qu\u00e9bec, Pattern Canada a une bonne connaissance du territoire de la MRC des Appalaches; en plus de d\u00e9velopper le projet \u00e9olien Broughton, il op\u00e8re le Parc \u00e9olien Mont Sainte-Marguerite, qui jouit d\u2019une grande acceptabilit\u00e9 sociale. <\/span><br \/>\n<span data-ccp-props=\"{\"201341983\":0,\"335559739\":0,\"335559740\":240}\"> <\/span><\/p>\n<p><b><span data-contrast=\"auto\">En savoir plus sur le Connectif des sommets<\/span><\/b><span data-ccp-props=\"{\"201341983\":0,\"335559739\":0,\"335559740\":240}\"> <\/span><\/p>\n<p><span data-contrast=\"auto\">Le Connectif des sommets maintient son engagement \u00e0 tenir les citoyens inform\u00e9s des activit\u00e9s importantes entourant le d\u00e9veloppement \u00e9olien sur son territoire. Les personnes int\u00e9ress\u00e9es \u00e0 rester \u00e0 l\u2019aff\u00fbt sont invit\u00e9es \u00e0 visiter le site:  <\/span><a href=\"https:\/\/www.connectifdessommets.ca\/\"><span data-contrast=\"none\">www.connectifdessommets.ca<\/span><\/a><span data-ccp-props=\"{\"201341983\":0,\"335559739\":0,\"335559740\":240}\"> <\/span><\/p>\n<p><span data-ccp-props=\"{\"201341983\":0,\"335559739\":0,\"335559740\":240}\"> <\/span><\/p>\n<p><b><span data-contrast=\"auto\">-30-<\/span><\/b><span data-ccp-props=\"{\"201341983\":0,\"335559739\":0,\"335559740\":240}\"> <\/span><span data-ccp-props=\"{\"201341983\":0,\"335559739\":0,\"335559740\":240}\"> <\/span><\/p>\n<p><span data-contrast=\"auto\">Pour visiter le site du Parc \u00e9olien Broughton\u202f:<\/span><br \/>\n<span data-contrast=\"auto\">&lt;https:\/\/patternenergy.com\/fr\/projects\/parceolienbroughton&gt;<\/span><span data-ccp-props=\"{\"201341983\":0,\"335559739\":0,\"335559740\":240}\"> <\/span><\/p>\n<p><span data-ccp-props=\"{\"201341983\":0,\"335559739\":0,\"335559740\":240}\"> <\/span><\/p>\n<p><b><span data-contrast=\"auto\">Pour toute demande d&rsquo;information :<\/span><\/b><span data-ccp-props=\"{\"201341983\":0,\"335559739\":0,\"335559740\":240}\"> <\/span><\/p>\n<p><b><span data-contrast=\"auto\">Pattern Canada<\/span><\/b><br \/>\n<a href=\"mailto:media@patternenergy.com\"><span data-contrast=\"none\">media@patternenergy.com<\/span><\/a><span data-ccp-props=\"{\"201341983\":0,\"335559739\":0,\"335559740\":240}\"> <\/span><\/p>\n<p><b><span data-contrast=\"auto\">Le Connectif des sommets<\/span><\/b><span data-ccp-props=\"{\"201341983\":0,\"335559739\":0,\"335559740\":240}\"> <\/span><\/p>\n<p><span data-contrast=\"auto\">  \u00c9z\u00e9chiel Simoneau<\/span><br \/>\n<span data-contrast=\"auto\">Coordinateur du d\u00e9veloppement durable<\/span><br \/>\n<span data-contrast=\"auto\">MRC de L&rsquo;\u00c9rable<\/span><br \/>\n<a href=\"mailto:esimoneau@erable.ca\"><span data-contrast=\"none\">esimoneau@erable.ca<\/span><\/a><br \/>\n<span data-contrast=\"auto\">819-362-2333, poste 1226<\/span><span data-ccp-props=\"{\"201341983\":0,\"335559739\":0,\"335559740\":240}\"> <\/span><\/p>\n<p><span data-contrast=\"auto\">Gina Turgeon<\/span><br \/>\n<span data-contrast=\"auto\">Directrice de l&rsquo;am\u00e9nagement et du d\u00e9veloppement r\u00e9gional<\/span><br \/>\n<span data-contrast=\"auto\">MRC des Appalaches<\/span><br \/>\n<a href=\"mailto:gturgeon@mrcdesappalaches.ca\"><span data-contrast=\"none\">gturgeon@mrcdesappalaches.ca<\/span><\/a><br \/>\n<span data-contrast=\"auto\">418-332-2757, poste 232<\/span><span data-ccp-props=\"{\"201341983\":0,\"335559739\":0,\"335559740\":240}\"> <\/span><\/p>\n","protected":false},"excerpt":{"rendered":"<p>Projet de parc \u00e9olien Broughton\u202f: retour sur les portes ouvertes et prochaines \u00e9tapes \u00e0 franchir Montr\u00e9al, Qu\u00e9bec, 1er avril 2026 Plusieurs autorisations environnementales sont attendues avant le d\u00e9but des travaux de d\u00e9boisement du Parc \u00e9olien Broughton, pr\u00e9vus \u00e0 l\u2019automne 2027, dans un projet qui doit prendre forme sur des terres priv\u00e9es des municipalit\u00e9s de Saint-Pierre-de-Broughton, [&hellip;]<\/p>\n","protected":false},"author":3,"featured_media":9563,"comment_status":"closed","ping_status":"closed","sticky":false,"template":"","format":"standard","meta":{"_acf_changed":false,"footnotes":""},"categories":[511,583],"tags":[1019],"sub_site":[1347],"class_list":["post-25709","post","type-post","status-publish","format-standard","has-post-thumbnail","hentry","category-canada-fr","category-communique-de-presse","tag-communique-de-presse"],"acf":[],"yoast_head":"<!-- This site is optimized with the Yoast SEO plugin v27.5 - https:\/\/yoast.com\/product\/yoast-seo-wordpress\/ -->\n<title>Projet de parc \u00e9olien Broughton\u202f: retour sur les portes ouvertes et prochaines \u00e9tapes \u00e0 franchir - Pattern Energy<\/title>\n<meta name=\"robots\" content=\"index, follow, max-snippet:-1, max-image-preview:large, max-video-preview:-1\" \/>\n<link rel=\"canonical\" href=\"https:\/\/patternenergy.com\/fr\/projet-de-parc-eolien-broughton-retour-sur-les-portes-ouvertes-et-prochaines-etapes-a-franchir\/\" \/>\n<meta property=\"og:locale\" content=\"fr_FR\" \/>\n<meta property=\"og:type\" content=\"article\" \/>\n<meta property=\"og:title\" content=\"Projet de parc \u00e9olien Broughton\u202f: retour sur les portes ouvertes et prochaines \u00e9tapes \u00e0 franchir - Pattern Energy\" \/>\n<meta property=\"og:description\" content=\"Projet de parc \u00e9olien Broughton\u202f: retour sur les portes ouvertes et prochaines \u00e9tapes \u00e0 franchir Montr\u00e9al, Qu\u00e9bec, 1er avril 2026 Plusieurs autorisations environnementales sont attendues avant le d\u00e9but des travaux de d\u00e9boisement du Parc \u00e9olien Broughton, pr\u00e9vus \u00e0 l\u2019automne 2027, dans un projet qui doit prendre forme sur des terres priv\u00e9es des municipalit\u00e9s de Saint-Pierre-de-Broughton, [&hellip;]\" \/>\n<meta property=\"og:url\" content=\"https:\/\/patternenergy.com\/fr\/projet-de-parc-eolien-broughton-retour-sur-les-portes-ouvertes-et-prochaines-etapes-a-franchir\/\" \/>\n<meta property=\"og:site_name\" content=\"Pattern Energy\" \/>\n<meta property=\"article:publisher\" content=\"https:\/\/www.facebook.com\/PatternEnergy\/\" \/>\n<meta property=\"article:published_time\" content=\"2026-04-01T20:05:01+00:00\" \/>\n<meta property=\"og:image\" content=\"https:\/\/patternenergy.com\/wp-content\/uploads\/2021\/11\/Mont-Sainte-Margueritetop-image.png\" \/>\n\t<meta property=\"og:image:width\" content=\"800\" \/>\n\t<meta property=\"og:image:height\" content=\"800\" \/>\n\t<meta property=\"og:image:type\" content=\"image\/png\" \/>\n<meta name=\"author\" content=\"Alisa Frincke\" \/>\n<meta name=\"twitter:card\" content=\"summary_large_image\" \/>\n<meta name=\"twitter:label1\" content=\"\u00c9crit par\" \/>\n\t<meta name=\"twitter:data1\" content=\"Alisa Frincke\" \/>\n\t<meta name=\"twitter:label2\" content=\"Dur\u00e9e de lecture estim\u00e9e\" \/>\n\t<meta name=\"twitter:data2\" content=\"4 minutes\" \/>\n<script type=\"application\/ld+json\" class=\"yoast-schema-graph\">{\"@context\":\"https:\\\/\\\/schema.org\",\"@graph\":[{\"@type\":\"Article\",\"@id\":\"https:\\\/\\\/patternenergy.com\\\/fr\\\/projet-de-parc-eolien-broughton-retour-sur-les-portes-ouvertes-et-prochaines-etapes-a-franchir\\\/#article\",\"isPartOf\":{\"@id\":\"https:\\\/\\\/patternenergy.com\\\/fr\\\/projet-de-parc-eolien-broughton-retour-sur-les-portes-ouvertes-et-prochaines-etapes-a-franchir\\\/\"},\"author\":{\"name\":\"Alisa Frincke\",\"@id\":\"https:\\\/\\\/patternenergy.com\\\/fr\\\/#\\\/schema\\\/person\\\/6f7080f7c9428a32a6bbe73bf6c8e412\"},\"headline\":\"Projet de parc \u00e9olien Broughton\u202f: retour sur les portes ouvertes et prochaines \u00e9tapes \u00e0 franchir\",\"datePublished\":\"2026-04-01T20:05:01+00:00\",\"mainEntityOfPage\":{\"@id\":\"https:\\\/\\\/patternenergy.com\\\/fr\\\/projet-de-parc-eolien-broughton-retour-sur-les-portes-ouvertes-et-prochaines-etapes-a-franchir\\\/\"},\"wordCount\":878,\"publisher\":{\"@id\":\"https:\\\/\\\/patternenergy.com\\\/fr\\\/#organization\"},\"image\":{\"@id\":\"https:\\\/\\\/patternenergy.com\\\/fr\\\/projet-de-parc-eolien-broughton-retour-sur-les-portes-ouvertes-et-prochaines-etapes-a-franchir\\\/#primaryimage\"},\"thumbnailUrl\":\"https:\\\/\\\/patternenergy.com\\\/wp-content\\\/uploads\\\/2021\\\/11\\\/Mont-Sainte-Margueritetop-image.png\",\"keywords\":[\"Communiqu\u00e9 de presse\"],\"articleSection\":[\"Canada\",\"Communiqu\u00e9 de presse\"],\"inLanguage\":\"fr-FR\"},{\"@type\":\"WebPage\",\"@id\":\"https:\\\/\\\/patternenergy.com\\\/fr\\\/projet-de-parc-eolien-broughton-retour-sur-les-portes-ouvertes-et-prochaines-etapes-a-franchir\\\/\",\"url\":\"https:\\\/\\\/patternenergy.com\\\/fr\\\/projet-de-parc-eolien-broughton-retour-sur-les-portes-ouvertes-et-prochaines-etapes-a-franchir\\\/\",\"name\":\"Projet de parc \u00e9olien Broughton\u202f: retour sur les portes ouvertes et prochaines \u00e9tapes \u00e0 franchir - Pattern Energy\",\"isPartOf\":{\"@id\":\"https:\\\/\\\/patternenergy.com\\\/fr\\\/#website\"},\"primaryImageOfPage\":{\"@id\":\"https:\\\/\\\/patternenergy.com\\\/fr\\\/projet-de-parc-eolien-broughton-retour-sur-les-portes-ouvertes-et-prochaines-etapes-a-franchir\\\/#primaryimage\"},\"image\":{\"@id\":\"https:\\\/\\\/patternenergy.com\\\/fr\\\/projet-de-parc-eolien-broughton-retour-sur-les-portes-ouvertes-et-prochaines-etapes-a-franchir\\\/#primaryimage\"},\"thumbnailUrl\":\"https:\\\/\\\/patternenergy.com\\\/wp-content\\\/uploads\\\/2021\\\/11\\\/Mont-Sainte-Margueritetop-image.png\",\"datePublished\":\"2026-04-01T20:05:01+00:00\",\"breadcrumb\":{\"@id\":\"https:\\\/\\\/patternenergy.com\\\/fr\\\/projet-de-parc-eolien-broughton-retour-sur-les-portes-ouvertes-et-prochaines-etapes-a-franchir\\\/#breadcrumb\"},\"inLanguage\":\"fr-FR\",\"potentialAction\":[{\"@type\":\"ReadAction\",\"target\":[\"https:\\\/\\\/patternenergy.com\\\/fr\\\/projet-de-parc-eolien-broughton-retour-sur-les-portes-ouvertes-et-prochaines-etapes-a-franchir\\\/\"]}]},{\"@type\":\"ImageObject\",\"inLanguage\":\"fr-FR\",\"@id\":\"https:\\\/\\\/patternenergy.com\\\/fr\\\/projet-de-parc-eolien-broughton-retour-sur-les-portes-ouvertes-et-prochaines-etapes-a-franchir\\\/#primaryimage\",\"url\":\"https:\\\/\\\/patternenergy.com\\\/wp-content\\\/uploads\\\/2021\\\/11\\\/Mont-Sainte-Margueritetop-image.png\",\"contentUrl\":\"https:\\\/\\\/patternenergy.com\\\/wp-content\\\/uploads\\\/2021\\\/11\\\/Mont-Sainte-Margueritetop-image.png\",\"width\":800,\"height\":800},{\"@type\":\"BreadcrumbList\",\"@id\":\"https:\\\/\\\/patternenergy.com\\\/fr\\\/projet-de-parc-eolien-broughton-retour-sur-les-portes-ouvertes-et-prochaines-etapes-a-franchir\\\/#breadcrumb\",\"itemListElement\":[{\"@type\":\"ListItem\",\"position\":1,\"name\":\"Home\",\"item\":\"https:\\\/\\\/patternenergy.com\\\/fr\\\/\"},{\"@type\":\"ListItem\",\"position\":2,\"name\":\"Projet de parc \u00e9olien Broughton\u202f: retour sur les portes ouvertes et prochaines \u00e9tapes \u00e0 franchir\"}]},{\"@type\":\"WebSite\",\"@id\":\"https:\\\/\\\/patternenergy.com\\\/fr\\\/#website\",\"url\":\"https:\\\/\\\/patternenergy.com\\\/fr\\\/\",\"name\":\"Pattern Energy\",\"description\":\"Nous d\u00e9veloppons, construisons, poss\u00e9dons et exploitons des projets \u00e9oliens, solaires, de transport et de stockage d'\u00e9nergie de haute qualit\u00e9 dans le monde entier.\",\"publisher\":{\"@id\":\"https:\\\/\\\/patternenergy.com\\\/fr\\\/#organization\"},\"potentialAction\":[{\"@type\":\"SearchAction\",\"target\":{\"@type\":\"EntryPoint\",\"urlTemplate\":\"https:\\\/\\\/patternenergy.com\\\/fr\\\/?s={search_term_string}\"},\"query-input\":{\"@type\":\"PropertyValueSpecification\",\"valueRequired\":true,\"valueName\":\"search_term_string\"}}],\"inLanguage\":\"fr-FR\"},{\"@type\":\"Organization\",\"@id\":\"https:\\\/\\\/patternenergy.com\\\/fr\\\/#organization\",\"name\":\"Pattern Energy\",\"url\":\"https:\\\/\\\/patternenergy.com\\\/fr\\\/\",\"logo\":{\"@type\":\"ImageObject\",\"inLanguage\":\"fr-FR\",\"@id\":\"https:\\\/\\\/patternenergy.com\\\/fr\\\/#\\\/schema\\\/logo\\\/image\\\/\",\"url\":\"https:\\\/\\\/patternenergy.com\\\/wp-content\\\/uploads\\\/2022\\\/01\\\/Pattern-Energy-Media-thumbnail-logo.jpg\",\"contentUrl\":\"https:\\\/\\\/patternenergy.com\\\/wp-content\\\/uploads\\\/2022\\\/01\\\/Pattern-Energy-Media-thumbnail-logo.jpg\",\"width\":1200,\"height\":627,\"caption\":\"Pattern Energy\"},\"image\":{\"@id\":\"https:\\\/\\\/patternenergy.com\\\/fr\\\/#\\\/schema\\\/logo\\\/image\\\/\"},\"sameAs\":[\"https:\\\/\\\/www.facebook.com\\\/PatternEnergy\\\/\",\"https:\\\/\\\/instagram.com\\\/patternenergy?utm_medium=copy_link\",\"https:\\\/\\\/www.linkedin.com\\\/company\\\/pattern-energy\",\"https:\\\/\\\/www.youtube.com\\\/user\\\/PatternEnergy?app=desktop\",\"https:\\\/\\\/web.cauze.com\\\/company\\\/293\"]},{\"@type\":\"Person\",\"@id\":\"https:\\\/\\\/patternenergy.com\\\/fr\\\/#\\\/schema\\\/person\\\/6f7080f7c9428a32a6bbe73bf6c8e412\",\"name\":\"Alisa Frincke\",\"url\":\"https:\\\/\\\/patternenergy.com\\\/fr\\\/author\\\/alisa\\\/\"}]}<\/script>\n<!-- \/ Yoast SEO plugin. -->","yoast_head_json":{"title":"Projet de parc \u00e9olien Broughton\u202f: retour sur les portes ouvertes et prochaines \u00e9tapes \u00e0 franchir - Pattern Energy","robots":{"index":"index","follow":"follow","max-snippet":"max-snippet:-1","max-image-preview":"max-image-preview:large","max-video-preview":"max-video-preview:-1"},"canonical":"https:\/\/patternenergy.com\/fr\/projet-de-parc-eolien-broughton-retour-sur-les-portes-ouvertes-et-prochaines-etapes-a-franchir\/","og_locale":"fr_FR","og_type":"article","og_title":"Projet de parc \u00e9olien Broughton\u202f: retour sur les portes ouvertes et prochaines \u00e9tapes \u00e0 franchir - Pattern Energy","og_description":"Projet de parc \u00e9olien Broughton\u202f: retour sur les portes ouvertes et prochaines \u00e9tapes \u00e0 franchir Montr\u00e9al, Qu\u00e9bec, 1er avril 2026 Plusieurs autorisations environnementales sont attendues avant le d\u00e9but des travaux de d\u00e9boisement du Parc \u00e9olien Broughton, pr\u00e9vus \u00e0 l\u2019automne 2027, dans un projet qui doit prendre forme sur des terres priv\u00e9es des municipalit\u00e9s de Saint-Pierre-de-Broughton, [&hellip;]","og_url":"https:\/\/patternenergy.com\/fr\/projet-de-parc-eolien-broughton-retour-sur-les-portes-ouvertes-et-prochaines-etapes-a-franchir\/","og_site_name":"Pattern Energy","article_publisher":"https:\/\/www.facebook.com\/PatternEnergy\/","article_published_time":"2026-04-01T20:05:01+00:00","og_image":[{"width":800,"height":800,"url":"https:\/\/patternenergy.com\/wp-content\/uploads\/2021\/11\/Mont-Sainte-Margueritetop-image.png","type":"image\/png"}],"author":"Alisa Frincke","twitter_card":"summary_large_image","twitter_misc":{"\u00c9crit par":"Alisa Frincke","Dur\u00e9e de lecture estim\u00e9e":"4 minutes"},"schema":{"@context":"https:\/\/schema.org","@graph":[{"@type":"Article","@id":"https:\/\/patternenergy.com\/fr\/projet-de-parc-eolien-broughton-retour-sur-les-portes-ouvertes-et-prochaines-etapes-a-franchir\/#article","isPartOf":{"@id":"https:\/\/patternenergy.com\/fr\/projet-de-parc-eolien-broughton-retour-sur-les-portes-ouvertes-et-prochaines-etapes-a-franchir\/"},"author":{"name":"Alisa Frincke","@id":"https:\/\/patternenergy.com\/fr\/#\/schema\/person\/6f7080f7c9428a32a6bbe73bf6c8e412"},"headline":"Projet de parc \u00e9olien Broughton\u202f: retour sur les portes ouvertes et prochaines \u00e9tapes \u00e0 franchir","datePublished":"2026-04-01T20:05:01+00:00","mainEntityOfPage":{"@id":"https:\/\/patternenergy.com\/fr\/projet-de-parc-eolien-broughton-retour-sur-les-portes-ouvertes-et-prochaines-etapes-a-franchir\/"},"wordCount":878,"publisher":{"@id":"https:\/\/patternenergy.com\/fr\/#organization"},"image":{"@id":"https:\/\/patternenergy.com\/fr\/projet-de-parc-eolien-broughton-retour-sur-les-portes-ouvertes-et-prochaines-etapes-a-franchir\/#primaryimage"},"thumbnailUrl":"https:\/\/patternenergy.com\/wp-content\/uploads\/2021\/11\/Mont-Sainte-Margueritetop-image.png","keywords":["Communiqu\u00e9 de presse"],"articleSection":["Canada","Communiqu\u00e9 de presse"],"inLanguage":"fr-FR"},{"@type":"WebPage","@id":"https:\/\/patternenergy.com\/fr\/projet-de-parc-eolien-broughton-retour-sur-les-portes-ouvertes-et-prochaines-etapes-a-franchir\/","url":"https:\/\/patternenergy.com\/fr\/projet-de-parc-eolien-broughton-retour-sur-les-portes-ouvertes-et-prochaines-etapes-a-franchir\/","name":"Projet de parc \u00e9olien Broughton\u202f: retour sur les portes ouvertes et prochaines \u00e9tapes \u00e0 franchir - Pattern Energy","isPartOf":{"@id":"https:\/\/patternenergy.com\/fr\/#website"},"primaryImageOfPage":{"@id":"https:\/\/patternenergy.com\/fr\/projet-de-parc-eolien-broughton-retour-sur-les-portes-ouvertes-et-prochaines-etapes-a-franchir\/#primaryimage"},"image":{"@id":"https:\/\/patternenergy.com\/fr\/projet-de-parc-eolien-broughton-retour-sur-les-portes-ouvertes-et-prochaines-etapes-a-franchir\/#primaryimage"},"thumbnailUrl":"https:\/\/patternenergy.com\/wp-content\/uploads\/2021\/11\/Mont-Sainte-Margueritetop-image.png","datePublished":"2026-04-01T20:05:01+00:00","breadcrumb":{"@id":"https:\/\/patternenergy.com\/fr\/projet-de-parc-eolien-broughton-retour-sur-les-portes-ouvertes-et-prochaines-etapes-a-franchir\/#breadcrumb"},"inLanguage":"fr-FR","potentialAction":[{"@type":"ReadAction","target":["https:\/\/patternenergy.com\/fr\/projet-de-parc-eolien-broughton-retour-sur-les-portes-ouvertes-et-prochaines-etapes-a-franchir\/"]}]},{"@type":"ImageObject","inLanguage":"fr-FR","@id":"https:\/\/patternenergy.com\/fr\/projet-de-parc-eolien-broughton-retour-sur-les-portes-ouvertes-et-prochaines-etapes-a-franchir\/#primaryimage","url":"https:\/\/patternenergy.com\/wp-content\/uploads\/2021\/11\/Mont-Sainte-Margueritetop-image.png","contentUrl":"https:\/\/patternenergy.com\/wp-content\/uploads\/2021\/11\/Mont-Sainte-Margueritetop-image.png","width":800,"height":800},{"@type":"BreadcrumbList","@id":"https:\/\/patternenergy.com\/fr\/projet-de-parc-eolien-broughton-retour-sur-les-portes-ouvertes-et-prochaines-etapes-a-franchir\/#breadcrumb","itemListElement":[{"@type":"ListItem","position":1,"name":"Home","item":"https:\/\/patternenergy.com\/fr\/"},{"@type":"ListItem","position":2,"name":"Projet de parc \u00e9olien Broughton\u202f: retour sur les portes ouvertes et prochaines \u00e9tapes \u00e0 franchir"}]},{"@type":"WebSite","@id":"https:\/\/patternenergy.com\/fr\/#website","url":"https:\/\/patternenergy.com\/fr\/","name":"Pattern Energy","description":"Nous d\u00e9veloppons, construisons, poss\u00e9dons et exploitons des projets \u00e9oliens, solaires, de transport et de stockage d'\u00e9nergie de haute qualit\u00e9 dans le monde entier.","publisher":{"@id":"https:\/\/patternenergy.com\/fr\/#organization"},"potentialAction":[{"@type":"SearchAction","target":{"@type":"EntryPoint","urlTemplate":"https:\/\/patternenergy.com\/fr\/?s={search_term_string}"},"query-input":{"@type":"PropertyValueSpecification","valueRequired":true,"valueName":"search_term_string"}}],"inLanguage":"fr-FR"},{"@type":"Organization","@id":"https:\/\/patternenergy.com\/fr\/#organization","name":"Pattern Energy","url":"https:\/\/patternenergy.com\/fr\/","logo":{"@type":"ImageObject","inLanguage":"fr-FR","@id":"https:\/\/patternenergy.com\/fr\/#\/schema\/logo\/image\/","url":"https:\/\/patternenergy.com\/wp-content\/uploads\/2022\/01\/Pattern-Energy-Media-thumbnail-logo.jpg","contentUrl":"https:\/\/patternenergy.com\/wp-content\/uploads\/2022\/01\/Pattern-Energy-Media-thumbnail-logo.jpg","width":1200,"height":627,"caption":"Pattern Energy"},"image":{"@id":"https:\/\/patternenergy.com\/fr\/#\/schema\/logo\/image\/"},"sameAs":["https:\/\/www.facebook.com\/PatternEnergy\/","https:\/\/instagram.com\/patternenergy?utm_medium=copy_link","https:\/\/www.linkedin.com\/company\/pattern-energy","https:\/\/www.youtube.com\/user\/PatternEnergy?app=desktop","https:\/\/web.cauze.com\/company\/293"]},{"@type":"Person","@id":"https:\/\/patternenergy.com\/fr\/#\/schema\/person\/6f7080f7c9428a32a6bbe73bf6c8e412","name":"Alisa Frincke","url":"https:\/\/patternenergy.com\/fr\/author\/alisa\/"}]}},"_links":{"self":[{"href":"https:\/\/patternenergy.com\/fr\/wp-json\/wp\/v2\/posts\/25709","targetHints":{"allow":["GET"]}}],"collection":[{"href":"https:\/\/patternenergy.com\/fr\/wp-json\/wp\/v2\/posts"}],"about":[{"href":"https:\/\/patternenergy.com\/fr\/wp-json\/wp\/v2\/types\/post"}],"author":[{"embeddable":true,"href":"https:\/\/patternenergy.com\/fr\/wp-json\/wp\/v2\/users\/3"}],"replies":[{"embeddable":true,"href":"https:\/\/patternenergy.com\/fr\/wp-json\/wp\/v2\/comments?post=25709"}],"version-history":[{"count":8,"href":"https:\/\/patternenergy.com\/fr\/wp-json\/wp\/v2\/posts\/25709\/revisions"}],"predecessor-version":[{"id":25748,"href":"https:\/\/patternenergy.com\/fr\/wp-json\/wp\/v2\/posts\/25709\/revisions\/25748"}],"wp:featuredmedia":[{"embeddable":true,"href":"https:\/\/patternenergy.com\/fr\/wp-json\/wp\/v2\/media\/9563"}],"wp:attachment":[{"href":"https:\/\/patternenergy.com\/fr\/wp-json\/wp\/v2\/media?parent=25709"}],"wp:term":[{"taxonomy":"category","embeddable":true,"href":"https:\/\/patternenergy.com\/fr\/wp-json\/wp\/v2\/categories?post=25709"},{"taxonomy":"post_tag","embeddable":true,"href":"https:\/\/patternenergy.com\/fr\/wp-json\/wp\/v2\/tags?post=25709"},{"taxonomy":"sub_site","embeddable":true,"href":"https:\/\/patternenergy.com\/fr\/wp-json\/wp\/v2\/sub_site?post=25709"}],"curies":[{"name":"wp","href":"https:\/\/api.w.org\/{rel}","templated":true}]}}