{"id":18706,"date":"2023-11-01T01:16:42","date_gmt":"2023-11-01T06:16:42","guid":{"rendered":"https:\/\/patternenergy.com\/le-rio-salado-audubon-center-celebre-sa-nouvelle-exposition\/"},"modified":"2026-01-19T13:39:06","modified_gmt":"2026-01-19T18:39:06","slug":"le-rio-salado-audubon-center-celebre-sa-nouvelle-exposition","status":"publish","type":"post","link":"https:\/\/patternenergy.com\/fr\/le-rio-salado-audubon-center-celebre-sa-nouvelle-exposition\/","title":{"rendered":"Le Rio Salado Audubon Center c\u00e9l\u00e8bre sa nouvelle exposition"},"content":{"rendered":"<p><span style=\"font-weight: 400;\">Le 9 septembre, le Rio Salado Audubon Center of South Phoenix a c\u00e9l\u00e9br\u00e9 l&rsquo;installation et l&rsquo;ouverture de nouvelles expositions.  <\/span><\/p>\n<p><img loading=\"lazy\" decoding=\"async\" class=\"alignnone size-full wp-image-9126\" src=\"https:\/\/patternenergy.com\/wp-content\/uploads\/2023\/11\/image001-4.jpg\" alt=\"\" width=\"1597\" height=\"1198\" srcset=\"https:\/\/patternenergy.com\/wp-content\/uploads\/2023\/11\/image001-4.jpg 1597w, https:\/\/patternenergy.com\/wp-content\/uploads\/2023\/11\/image001-4-300x225.jpg 300w, https:\/\/patternenergy.com\/wp-content\/uploads\/2023\/11\/image001-4-1024x768.jpg 1024w, https:\/\/patternenergy.com\/wp-content\/uploads\/2023\/11\/image001-4-768x576.jpg 768w, https:\/\/patternenergy.com\/wp-content\/uploads\/2023\/11\/image001-4-1536x1152.jpg 1536w\" sizes=\"auto, (max-width: 1597px) 100vw, 1597px\" \/><\/p>\n<p><span style=\"font-weight: 400;\">Bien que le thermom\u00e8tre ait atteint 110 degr\u00e9s Fahrenheit, plus de 90 personnes sont venues c\u00e9l\u00e9brer l&rsquo;ouverture du Rio Salado Audubon Center. D&rsquo;apr\u00e8s le rapport d&rsquo;activit\u00e9 du centre  <\/span><a href=\"https:\/\/southwest.audubon.org\/news\/rio-salado-exhibit-open-house\"><br \/>\n  <span style=\"font-weight: 400;\">site web<\/span><br \/>\n<\/a><span style=\"font-weight: 400;\">les nouvelles expositions visent \u00e0 \u00ab\u00a0donner aux visiteurs un sens du lieu, \u00e0 fournir une vue d&rsquo;ensemble d&rsquo;Audubon, de notre travail dans le Sud-Ouest et \u00e0 inviter \u00e0 l&rsquo;engagement local\u00a0\u00bb.<\/span><span style=\"font-weight: 400;\"><br \/>\n<\/span><span style=\"font-weight: 400;\"><br \/>\n<\/span><span style=\"font-weight: 400;\">La mission de la soci\u00e9t\u00e9 Audubon est de \u00ab\u00a0prot\u00e9ger les oiseaux et les lieux dont ils ont besoin, aujourd&rsquo;hui et demain, en s&rsquo;appuyant sur la science, la d\u00e9fense, l&rsquo;\u00e9ducation et la conservation sur le terrain\u00a0\u00bb.<\/span><span style=\"font-weight: 400;\"><br \/>\n<\/span><\/p>\n<h3>Le centre Rio Salado Audubon<\/h3>\n<p><a href=\"https:\/\/riosalado.audubon.org\/\"><span style=\"font-weight: 400;\">Le centre Rio Salado Audubon<\/span><\/a><span style=\"font-weight: 400;\">  est un parc de 600 acres situ\u00e9 le long du corridor de la rivi\u00e8re Salt et abrite plus de 200 esp\u00e8ces d&rsquo;oiseaux et d&rsquo;animaux sauvages. Les travaux qui y sont men\u00e9s vont de projets \u00e9ducatifs \u00e0 des projets de conservation.  <\/span><span style=\"font-weight: 400;\"><br \/>\n<\/span><span style=\"font-weight: 400;\"><br \/>\n<\/span><span style=\"font-weight: 400;\">Le Rio Salado Audubon Center accueille des excursions scolaires et organise des nettoyages de d\u00e9chets, notamment le long de la rivi\u00e8re.  <\/span><\/p>\n<p><span style=\"font-weight: 400;\">Le centre dispose \u00e9galement d&rsquo;un centre communautaire qui accueille des \u00e9v\u00e9nements et s&rsquo;est av\u00e9r\u00e9 tr\u00e8s populaire pour les mariages.  <\/span><\/p>\n<h3>La conservation en action<\/h3>\n<p><span style=\"font-weight: 400;\">L&rsquo;un des projets de la soci\u00e9t\u00e9 Audubon de l&rsquo;Arizona concerne la fauvette de Lucy.  <\/span><a href=\"https:\/\/www.audubon.org\/field-guide\/bird\/lucys-warbler\"><span style=\"font-weight: 400;\">Pouillot de Lucy<\/span><\/a><span style=\"font-weight: 400;\">  est un petit oiseau qui vit dans les bosques de mesquite et les friches riveraines du sud-ouest d\u00e9sertique. Le m\u00e2le de l&rsquo;esp\u00e8ce est d\u00e9crit comme ayant une \u00ab\u00a0<\/span><a href=\"https:\/\/nas-national-prod.s3.amazonaws.com\/LUCWAR_1.songsnum1_UTkc_1.mp3?uuid=5d23ecc8a8ba9\"><br \/>\n  <span style=\"font-weight: 400;\">appel guilleret<\/span><br \/>\n<\/a><span style=\"font-weight: 400;\">\u00ab\u00a0Il saute de branche en branche tandis que sa compagne reste tranquillement assise \u00e0 proximit\u00e9. <\/span> <\/p>\n<p><span style=\"font-weight: 400;\">Dans le pass\u00e9, les efforts de conservation ont surtout ignor\u00e9 l&rsquo;esp\u00e8ce parce qu&rsquo;on pensait que l&rsquo;oiseau limitait son aire de r\u00e9partition au d\u00e9sert sauvage et qu&rsquo;il n&rsquo;avait pas besoin d&rsquo;aide particuli\u00e8re. Lorsque les gens ont commenc\u00e9 \u00e0 remarquer la pr\u00e9sence de la fauvette de Lucy dans leur jardin, la section de Tucson de la Audubon Society a commenc\u00e9 \u00e0 s&rsquo;int\u00e9resser \u00e0 cette esp\u00e8ce.  <\/span><a href=\"https:\/\/www.audubon.org\/magazine\/summer-2019\/arizonans-are-helping-desert-warbler-expand-its\"><br \/>\n  <span style=\"font-weight: 400;\">des nichoirs con\u00e7us<\/span><br \/>\n<\/a><span style=\"font-weight: 400;\"> pour r\u00e9pondre aux besoins de l&rsquo;esp\u00e8ce.<\/span><span style=\"font-weight: 400;\"><br \/>\n<\/span><span style=\"font-weight: 400;\"><br \/>\n<\/span><span style=\"font-weight: 400;\">Les nichoirs sont suspendus dans des arbres de mesquite \u00e0 plusieurs pieds du sol, pr\u00e8s d&rsquo;une source d&rsquo;eau. En offrant aux fauvettes un endroit s\u00fbr pour nicher et pondre, les nichoirs permettent \u00e0 l&rsquo;esp\u00e8ce de survivre \u00e0 l&rsquo;\u00e9cart du d\u00e9veloppement humain. Le Rio Salado Audubon Center a install\u00e9 des nichoirs dans son parc, avec succ\u00e8s.  <\/span><\/p>\n<p><span style=\"font-weight: 400;\">Pattern Energy est fier de parrainer le Rio Salado Audubon Center et le travail important qu&rsquo;il accomplit.  <\/span><\/p>\n<p><span style=\"font-weight: 400;\">Pour plus d&rsquo;informations sur la visite du Rio Salado Audubon Center et sur ses \u00e9v\u00e9nements, <\/span><a href=\"https:\/\/riosalado.audubon.org\/visit\"><br \/>\n  <span style=\"font-weight: 400;\">visitez leur site web<\/span><br \/>\n<\/a><span style=\"font-weight: 400;\">. <\/span> <\/p>\n","protected":false},"excerpt":{"rendered":"<p>Le 9 septembre, le Rio Salado Audubon Center of South Phoenix a c\u00e9l\u00e9br\u00e9 l&rsquo;installation et l&rsquo;ouverture de nouvelles expositions. Bien que le thermom\u00e8tre ait atteint 110 degr\u00e9s Fahrenheit, plus de 90 personnes sont venues c\u00e9l\u00e9brer l&rsquo;ouverture du Rio Salado Audubon Center. D&rsquo;apr\u00e8s le rapport d&rsquo;activit\u00e9 du centre site web les nouvelles expositions visent \u00e0 \u00ab\u00a0donner [&hellip;]<\/p>\n","protected":false},"author":3,"featured_media":16611,"comment_status":"closed","ping_status":"closed","sticky":false,"template":"","format":"standard","meta":{"_acf_changed":false,"footnotes":""},"categories":[515,523,657,448],"tags":[1069,820,975,963,551,1228,1120,1154],"sub_site":[482],"class_list":["post-18706","post","type-post","status-publish","format-standard","has-post-thumbnail","hentry","category-durabilite","category-etats-unis","category-histoires-de-lenergie-des-patrons","category-non-classifiee","tag-environnement-fr","tag-etats-unis","tag-evenements-locaux","tag-leducation","tag-la-durabilite","tag-ouest-des-etats-unis-fr","tag-parrainage","tag-science-fr"],"acf":[],"yoast_head":"<!-- This site is optimized with the Yoast SEO plugin v27.5 - https:\/\/yoast.com\/product\/yoast-seo-wordpress\/ -->\n<title>Le Rio Salado Audubon Center c\u00e9l\u00e8bre sa nouvelle exposition - Pattern Energy<\/title>\n<meta name=\"description\" content=\"Le 9 septembre, le Rio Salado Audubon Center of South Phoenix a c\u00e9l\u00e9br\u00e9 l&#039;installation et l&#039;ouverture de nouvelles expositions. Malgr\u00e9 la chaleur, plus de 90 personnes sont venues c\u00e9l\u00e9brer l&#039;ouverture.\" \/>\n<meta name=\"robots\" content=\"index, follow, max-snippet:-1, max-image-preview:large, max-video-preview:-1\" \/>\n<link rel=\"canonical\" href=\"https:\/\/patternenergy.com\/fr\/le-rio-salado-audubon-center-celebre-sa-nouvelle-exposition\/\" \/>\n<meta property=\"og:locale\" content=\"fr_FR\" \/>\n<meta property=\"og:type\" content=\"article\" \/>\n<meta property=\"og:title\" content=\"Le Rio Salado Audubon Center c\u00e9l\u00e8bre sa nouvelle exposition\" \/>\n<meta property=\"og:description\" content=\"D\u00e9couvrez l&#039;histoire de la r\u00e9ussite de la paruline de Lucy et comment la Soci\u00e9t\u00e9 Audubon fournit des nichoirs \u00e0 cette esp\u00e8ce d&#039;oiseau unique dans le sud-ouest d\u00e9sertique.\" \/>\n<meta property=\"og:url\" content=\"https:\/\/patternenergy.com\/fr\/le-rio-salado-audubon-center-celebre-sa-nouvelle-exposition\/\" \/>\n<meta property=\"og:site_name\" content=\"Pattern Energy\" \/>\n<meta property=\"article:publisher\" content=\"https:\/\/www.facebook.com\/PatternEnergy\/\" \/>\n<meta property=\"article:published_time\" content=\"2023-11-01T06:16:42+00:00\" \/>\n<meta property=\"article:modified_time\" content=\"2026-01-19T18:39:06+00:00\" \/>\n<meta property=\"og:image\" content=\"https:\/\/patternenergy.com\/wp-content\/uploads\/2023\/11\/Audubon-Southwest-Exhibition-Opening-Social-Preview-1024x576.jpg\" \/>\n<meta name=\"author\" content=\"Alisa Frincke\" \/>\n<meta name=\"twitter:card\" content=\"summary_large_image\" \/>\n<meta name=\"twitter:label1\" content=\"\u00c9crit par\" \/>\n\t<meta name=\"twitter:data1\" content=\"Alisa Frincke\" \/>\n\t<meta name=\"twitter:label2\" content=\"Dur\u00e9e de lecture estim\u00e9e\" \/>\n\t<meta name=\"twitter:data2\" content=\"3 minutes\" \/>\n<script type=\"application\/ld+json\" class=\"yoast-schema-graph\">{\"@context\":\"https:\\\/\\\/schema.org\",\"@graph\":[{\"@type\":\"Article\",\"@id\":\"https:\\\/\\\/patternenergy.com\\\/fr\\\/le-rio-salado-audubon-center-celebre-sa-nouvelle-exposition\\\/#article\",\"isPartOf\":{\"@id\":\"https:\\\/\\\/patternenergy.com\\\/fr\\\/le-rio-salado-audubon-center-celebre-sa-nouvelle-exposition\\\/\"},\"author\":{\"name\":\"Alisa Frincke\",\"@id\":\"https:\\\/\\\/patternenergy.com\\\/fr\\\/#\\\/schema\\\/person\\\/6f7080f7c9428a32a6bbe73bf6c8e412\"},\"headline\":\"Le Rio Salado Audubon Center c\u00e9l\u00e8bre sa nouvelle exposition\",\"datePublished\":\"2023-11-01T06:16:42+00:00\",\"dateModified\":\"2026-01-19T18:39:06+00:00\",\"mainEntityOfPage\":{\"@id\":\"https:\\\/\\\/patternenergy.com\\\/fr\\\/le-rio-salado-audubon-center-celebre-sa-nouvelle-exposition\\\/\"},\"wordCount\":497,\"publisher\":{\"@id\":\"https:\\\/\\\/patternenergy.com\\\/fr\\\/#organization\"},\"image\":{\"@id\":\"https:\\\/\\\/patternenergy.com\\\/fr\\\/le-rio-salado-audubon-center-celebre-sa-nouvelle-exposition\\\/#primaryimage\"},\"thumbnailUrl\":\"https:\\\/\\\/patternenergy.com\\\/wp-content\\\/uploads\\\/2023\\\/11\\\/Audubon-Southwest-Exhibition-Opening-Feautre-Blog.jpg\",\"keywords\":[\"Environnement\",\"\u00c9tats-Unis\",\"\u00c9v\u00e9nements locaux\",\"L'\u00e9ducation\",\"la durabilit\u00e9\",\"Ouest des \u00c9tats-Unis\",\"parrainage\",\"science\"],\"articleSection\":[\"Durabilit\u00e9\",\"\u00c9tats-Unis\",\"Histoires de l'\u00e9nergie des patrons\",\"Non classifi\u00e9(e)\"],\"inLanguage\":\"fr-FR\"},{\"@type\":\"WebPage\",\"@id\":\"https:\\\/\\\/patternenergy.com\\\/fr\\\/le-rio-salado-audubon-center-celebre-sa-nouvelle-exposition\\\/\",\"url\":\"https:\\\/\\\/patternenergy.com\\\/fr\\\/le-rio-salado-audubon-center-celebre-sa-nouvelle-exposition\\\/\",\"name\":\"Le Rio Salado Audubon Center c\u00e9l\u00e8bre sa nouvelle exposition - Pattern Energy\",\"isPartOf\":{\"@id\":\"https:\\\/\\\/patternenergy.com\\\/fr\\\/#website\"},\"primaryImageOfPage\":{\"@id\":\"https:\\\/\\\/patternenergy.com\\\/fr\\\/le-rio-salado-audubon-center-celebre-sa-nouvelle-exposition\\\/#primaryimage\"},\"image\":{\"@id\":\"https:\\\/\\\/patternenergy.com\\\/fr\\\/le-rio-salado-audubon-center-celebre-sa-nouvelle-exposition\\\/#primaryimage\"},\"thumbnailUrl\":\"https:\\\/\\\/patternenergy.com\\\/wp-content\\\/uploads\\\/2023\\\/11\\\/Audubon-Southwest-Exhibition-Opening-Feautre-Blog.jpg\",\"datePublished\":\"2023-11-01T06:16:42+00:00\",\"dateModified\":\"2026-01-19T18:39:06+00:00\",\"description\":\"Le 9 septembre, le Rio Salado Audubon Center of South Phoenix a c\u00e9l\u00e9br\u00e9 l'installation et l'ouverture de nouvelles expositions. Malgr\u00e9 la chaleur, plus de 90 personnes sont venues c\u00e9l\u00e9brer l'ouverture.\",\"breadcrumb\":{\"@id\":\"https:\\\/\\\/patternenergy.com\\\/fr\\\/le-rio-salado-audubon-center-celebre-sa-nouvelle-exposition\\\/#breadcrumb\"},\"inLanguage\":\"fr-FR\",\"potentialAction\":[{\"@type\":\"ReadAction\",\"target\":[\"https:\\\/\\\/patternenergy.com\\\/fr\\\/le-rio-salado-audubon-center-celebre-sa-nouvelle-exposition\\\/\"]}]},{\"@type\":\"ImageObject\",\"inLanguage\":\"fr-FR\",\"@id\":\"https:\\\/\\\/patternenergy.com\\\/fr\\\/le-rio-salado-audubon-center-celebre-sa-nouvelle-exposition\\\/#primaryimage\",\"url\":\"https:\\\/\\\/patternenergy.com\\\/wp-content\\\/uploads\\\/2023\\\/11\\\/Audubon-Southwest-Exhibition-Opening-Feautre-Blog.jpg\",\"contentUrl\":\"https:\\\/\\\/patternenergy.com\\\/wp-content\\\/uploads\\\/2023\\\/11\\\/Audubon-Southwest-Exhibition-Opening-Feautre-Blog.jpg\",\"width\":800,\"height\":800},{\"@type\":\"BreadcrumbList\",\"@id\":\"https:\\\/\\\/patternenergy.com\\\/fr\\\/le-rio-salado-audubon-center-celebre-sa-nouvelle-exposition\\\/#breadcrumb\",\"itemListElement\":[{\"@type\":\"ListItem\",\"position\":1,\"name\":\"Home\",\"item\":\"https:\\\/\\\/patternenergy.com\\\/fr\\\/\"},{\"@type\":\"ListItem\",\"position\":2,\"name\":\"Le Rio Salado Audubon Center c\u00e9l\u00e8bre sa nouvelle exposition\"}]},{\"@type\":\"WebSite\",\"@id\":\"https:\\\/\\\/patternenergy.com\\\/fr\\\/#website\",\"url\":\"https:\\\/\\\/patternenergy.com\\\/fr\\\/\",\"name\":\"Pattern Energy\",\"description\":\"Nous d\u00e9veloppons, construisons, poss\u00e9dons et exploitons des projets \u00e9oliens, solaires, de transport et de stockage d'\u00e9nergie de haute qualit\u00e9 dans le monde entier.\",\"publisher\":{\"@id\":\"https:\\\/\\\/patternenergy.com\\\/fr\\\/#organization\"},\"potentialAction\":[{\"@type\":\"SearchAction\",\"target\":{\"@type\":\"EntryPoint\",\"urlTemplate\":\"https:\\\/\\\/patternenergy.com\\\/fr\\\/?s={search_term_string}\"},\"query-input\":{\"@type\":\"PropertyValueSpecification\",\"valueRequired\":true,\"valueName\":\"search_term_string\"}}],\"inLanguage\":\"fr-FR\"},{\"@type\":\"Organization\",\"@id\":\"https:\\\/\\\/patternenergy.com\\\/fr\\\/#organization\",\"name\":\"Pattern Energy\",\"url\":\"https:\\\/\\\/patternenergy.com\\\/fr\\\/\",\"logo\":{\"@type\":\"ImageObject\",\"inLanguage\":\"fr-FR\",\"@id\":\"https:\\\/\\\/patternenergy.com\\\/fr\\\/#\\\/schema\\\/logo\\\/image\\\/\",\"url\":\"https:\\\/\\\/patternenergy.com\\\/wp-content\\\/uploads\\\/2022\\\/01\\\/Pattern-Energy-Media-thumbnail-logo.jpg\",\"contentUrl\":\"https:\\\/\\\/patternenergy.com\\\/wp-content\\\/uploads\\\/2022\\\/01\\\/Pattern-Energy-Media-thumbnail-logo.jpg\",\"width\":1200,\"height\":627,\"caption\":\"Pattern Energy\"},\"image\":{\"@id\":\"https:\\\/\\\/patternenergy.com\\\/fr\\\/#\\\/schema\\\/logo\\\/image\\\/\"},\"sameAs\":[\"https:\\\/\\\/www.facebook.com\\\/PatternEnergy\\\/\",\"https:\\\/\\\/instagram.com\\\/patternenergy?utm_medium=copy_link\",\"https:\\\/\\\/www.linkedin.com\\\/company\\\/pattern-energy\",\"https:\\\/\\\/www.youtube.com\\\/user\\\/PatternEnergy?app=desktop\",\"https:\\\/\\\/web.cauze.com\\\/company\\\/293\"]},{\"@type\":\"Person\",\"@id\":\"https:\\\/\\\/patternenergy.com\\\/fr\\\/#\\\/schema\\\/person\\\/6f7080f7c9428a32a6bbe73bf6c8e412\",\"name\":\"Alisa Frincke\",\"url\":\"https:\\\/\\\/patternenergy.com\\\/fr\\\/author\\\/alisa\\\/\"}]}<\/script>\n<!-- \/ Yoast SEO plugin. -->","yoast_head_json":{"title":"Le Rio Salado Audubon Center c\u00e9l\u00e8bre sa nouvelle exposition - Pattern Energy","description":"Le 9 septembre, le Rio Salado Audubon Center of South Phoenix a c\u00e9l\u00e9br\u00e9 l'installation et l'ouverture de nouvelles expositions. Malgr\u00e9 la chaleur, plus de 90 personnes sont venues c\u00e9l\u00e9brer l'ouverture.","robots":{"index":"index","follow":"follow","max-snippet":"max-snippet:-1","max-image-preview":"max-image-preview:large","max-video-preview":"max-video-preview:-1"},"canonical":"https:\/\/patternenergy.com\/fr\/le-rio-salado-audubon-center-celebre-sa-nouvelle-exposition\/","og_locale":"fr_FR","og_type":"article","og_title":"Le Rio Salado Audubon Center c\u00e9l\u00e8bre sa nouvelle exposition","og_description":"D\u00e9couvrez l'histoire de la r\u00e9ussite de la paruline de Lucy et comment la Soci\u00e9t\u00e9 Audubon fournit des nichoirs \u00e0 cette esp\u00e8ce d'oiseau unique dans le sud-ouest d\u00e9sertique.","og_url":"https:\/\/patternenergy.com\/fr\/le-rio-salado-audubon-center-celebre-sa-nouvelle-exposition\/","og_site_name":"Pattern Energy","article_publisher":"https:\/\/www.facebook.com\/PatternEnergy\/","article_published_time":"2023-11-01T06:16:42+00:00","article_modified_time":"2026-01-19T18:39:06+00:00","og_image":[{"url":"https:\/\/patternenergy.com\/wp-content\/uploads\/2023\/11\/Audubon-Southwest-Exhibition-Opening-Social-Preview-1024x576.jpg","type":"","width":"","height":""}],"author":"Alisa Frincke","twitter_card":"summary_large_image","twitter_misc":{"\u00c9crit par":"Alisa Frincke","Dur\u00e9e de lecture estim\u00e9e":"3 minutes"},"schema":{"@context":"https:\/\/schema.org","@graph":[{"@type":"Article","@id":"https:\/\/patternenergy.com\/fr\/le-rio-salado-audubon-center-celebre-sa-nouvelle-exposition\/#article","isPartOf":{"@id":"https:\/\/patternenergy.com\/fr\/le-rio-salado-audubon-center-celebre-sa-nouvelle-exposition\/"},"author":{"name":"Alisa Frincke","@id":"https:\/\/patternenergy.com\/fr\/#\/schema\/person\/6f7080f7c9428a32a6bbe73bf6c8e412"},"headline":"Le Rio Salado Audubon Center c\u00e9l\u00e8bre sa nouvelle exposition","datePublished":"2023-11-01T06:16:42+00:00","dateModified":"2026-01-19T18:39:06+00:00","mainEntityOfPage":{"@id":"https:\/\/patternenergy.com\/fr\/le-rio-salado-audubon-center-celebre-sa-nouvelle-exposition\/"},"wordCount":497,"publisher":{"@id":"https:\/\/patternenergy.com\/fr\/#organization"},"image":{"@id":"https:\/\/patternenergy.com\/fr\/le-rio-salado-audubon-center-celebre-sa-nouvelle-exposition\/#primaryimage"},"thumbnailUrl":"https:\/\/patternenergy.com\/wp-content\/uploads\/2023\/11\/Audubon-Southwest-Exhibition-Opening-Feautre-Blog.jpg","keywords":["Environnement","\u00c9tats-Unis","\u00c9v\u00e9nements locaux","L'\u00e9ducation","la durabilit\u00e9","Ouest des \u00c9tats-Unis","parrainage","science"],"articleSection":["Durabilit\u00e9","\u00c9tats-Unis","Histoires de l'\u00e9nergie des patrons","Non classifi\u00e9(e)"],"inLanguage":"fr-FR"},{"@type":"WebPage","@id":"https:\/\/patternenergy.com\/fr\/le-rio-salado-audubon-center-celebre-sa-nouvelle-exposition\/","url":"https:\/\/patternenergy.com\/fr\/le-rio-salado-audubon-center-celebre-sa-nouvelle-exposition\/","name":"Le Rio Salado Audubon Center c\u00e9l\u00e8bre sa nouvelle exposition - Pattern Energy","isPartOf":{"@id":"https:\/\/patternenergy.com\/fr\/#website"},"primaryImageOfPage":{"@id":"https:\/\/patternenergy.com\/fr\/le-rio-salado-audubon-center-celebre-sa-nouvelle-exposition\/#primaryimage"},"image":{"@id":"https:\/\/patternenergy.com\/fr\/le-rio-salado-audubon-center-celebre-sa-nouvelle-exposition\/#primaryimage"},"thumbnailUrl":"https:\/\/patternenergy.com\/wp-content\/uploads\/2023\/11\/Audubon-Southwest-Exhibition-Opening-Feautre-Blog.jpg","datePublished":"2023-11-01T06:16:42+00:00","dateModified":"2026-01-19T18:39:06+00:00","description":"Le 9 septembre, le Rio Salado Audubon Center of South Phoenix a c\u00e9l\u00e9br\u00e9 l'installation et l'ouverture de nouvelles expositions. Malgr\u00e9 la chaleur, plus de 90 personnes sont venues c\u00e9l\u00e9brer l'ouverture.","breadcrumb":{"@id":"https:\/\/patternenergy.com\/fr\/le-rio-salado-audubon-center-celebre-sa-nouvelle-exposition\/#breadcrumb"},"inLanguage":"fr-FR","potentialAction":[{"@type":"ReadAction","target":["https:\/\/patternenergy.com\/fr\/le-rio-salado-audubon-center-celebre-sa-nouvelle-exposition\/"]}]},{"@type":"ImageObject","inLanguage":"fr-FR","@id":"https:\/\/patternenergy.com\/fr\/le-rio-salado-audubon-center-celebre-sa-nouvelle-exposition\/#primaryimage","url":"https:\/\/patternenergy.com\/wp-content\/uploads\/2023\/11\/Audubon-Southwest-Exhibition-Opening-Feautre-Blog.jpg","contentUrl":"https:\/\/patternenergy.com\/wp-content\/uploads\/2023\/11\/Audubon-Southwest-Exhibition-Opening-Feautre-Blog.jpg","width":800,"height":800},{"@type":"BreadcrumbList","@id":"https:\/\/patternenergy.com\/fr\/le-rio-salado-audubon-center-celebre-sa-nouvelle-exposition\/#breadcrumb","itemListElement":[{"@type":"ListItem","position":1,"name":"Home","item":"https:\/\/patternenergy.com\/fr\/"},{"@type":"ListItem","position":2,"name":"Le Rio Salado Audubon Center c\u00e9l\u00e8bre sa nouvelle exposition"}]},{"@type":"WebSite","@id":"https:\/\/patternenergy.com\/fr\/#website","url":"https:\/\/patternenergy.com\/fr\/","name":"Pattern Energy","description":"Nous d\u00e9veloppons, construisons, poss\u00e9dons et exploitons des projets \u00e9oliens, solaires, de transport et de stockage d'\u00e9nergie de haute qualit\u00e9 dans le monde entier.","publisher":{"@id":"https:\/\/patternenergy.com\/fr\/#organization"},"potentialAction":[{"@type":"SearchAction","target":{"@type":"EntryPoint","urlTemplate":"https:\/\/patternenergy.com\/fr\/?s={search_term_string}"},"query-input":{"@type":"PropertyValueSpecification","valueRequired":true,"valueName":"search_term_string"}}],"inLanguage":"fr-FR"},{"@type":"Organization","@id":"https:\/\/patternenergy.com\/fr\/#organization","name":"Pattern Energy","url":"https:\/\/patternenergy.com\/fr\/","logo":{"@type":"ImageObject","inLanguage":"fr-FR","@id":"https:\/\/patternenergy.com\/fr\/#\/schema\/logo\/image\/","url":"https:\/\/patternenergy.com\/wp-content\/uploads\/2022\/01\/Pattern-Energy-Media-thumbnail-logo.jpg","contentUrl":"https:\/\/patternenergy.com\/wp-content\/uploads\/2022\/01\/Pattern-Energy-Media-thumbnail-logo.jpg","width":1200,"height":627,"caption":"Pattern Energy"},"image":{"@id":"https:\/\/patternenergy.com\/fr\/#\/schema\/logo\/image\/"},"sameAs":["https:\/\/www.facebook.com\/PatternEnergy\/","https:\/\/instagram.com\/patternenergy?utm_medium=copy_link","https:\/\/www.linkedin.com\/company\/pattern-energy","https:\/\/www.youtube.com\/user\/PatternEnergy?app=desktop","https:\/\/web.cauze.com\/company\/293"]},{"@type":"Person","@id":"https:\/\/patternenergy.com\/fr\/#\/schema\/person\/6f7080f7c9428a32a6bbe73bf6c8e412","name":"Alisa Frincke","url":"https:\/\/patternenergy.com\/fr\/author\/alisa\/"}]}},"_links":{"self":[{"href":"https:\/\/patternenergy.com\/fr\/wp-json\/wp\/v2\/posts\/18706","targetHints":{"allow":["GET"]}}],"collection":[{"href":"https:\/\/patternenergy.com\/fr\/wp-json\/wp\/v2\/posts"}],"about":[{"href":"https:\/\/patternenergy.com\/fr\/wp-json\/wp\/v2\/types\/post"}],"author":[{"embeddable":true,"href":"https:\/\/patternenergy.com\/fr\/wp-json\/wp\/v2\/users\/3"}],"replies":[{"embeddable":true,"href":"https:\/\/patternenergy.com\/fr\/wp-json\/wp\/v2\/comments?post=18706"}],"version-history":[{"count":0,"href":"https:\/\/patternenergy.com\/fr\/wp-json\/wp\/v2\/posts\/18706\/revisions"}],"wp:featuredmedia":[{"embeddable":true,"href":"https:\/\/patternenergy.com\/fr\/wp-json\/wp\/v2\/media\/16611"}],"wp:attachment":[{"href":"https:\/\/patternenergy.com\/fr\/wp-json\/wp\/v2\/media?parent=18706"}],"wp:term":[{"taxonomy":"category","embeddable":true,"href":"https:\/\/patternenergy.com\/fr\/wp-json\/wp\/v2\/categories?post=18706"},{"taxonomy":"post_tag","embeddable":true,"href":"https:\/\/patternenergy.com\/fr\/wp-json\/wp\/v2\/tags?post=18706"},{"taxonomy":"sub_site","embeddable":true,"href":"https:\/\/patternenergy.com\/fr\/wp-json\/wp\/v2\/sub_site?post=18706"}],"curies":[{"name":"wp","href":"https:\/\/api.w.org\/{rel}","templated":true}]}}