{"id":18697,"date":"2024-01-29T01:58:26","date_gmt":"2024-01-29T06:58:26","guid":{"rendered":"https:\/\/patternenergy.com\/concours-national-de-dessin-sur-lenergie-eolienne-les-enfants-de-la-maternelle-a-la-8e-annee-sont-invites-a-y-participer\/"},"modified":"2026-01-19T13:38:44","modified_gmt":"2026-01-19T18:38:44","slug":"concours-national-de-dessin-sur-lenergie-eolienne-les-enfants-de-la-maternelle-a-la-8e-annee-sont-invites-a-y-participer","status":"publish","type":"post","link":"https:\/\/patternenergy.com\/fr\/concours-national-de-dessin-sur-lenergie-eolienne-les-enfants-de-la-maternelle-a-la-8e-annee-sont-invites-a-y-participer\/","title":{"rendered":"Concours national de dessin sur l&rsquo;\u00e9nergie \u00e9olienne : les enfants de la maternelle \u00e0 la 8e ann\u00e9e sont invit\u00e9s \u00e0 y participer"},"content":{"rendered":"<p><span style=\"font-weight: 400;\">Le concours est ouvert aux \u00e9l\u00e8ves de la maternelle \u00e0 la quatri\u00e8me. Les \u00e9tudiants ont jusqu&rsquo;au 22 mars 2024 pour soumettre leurs \u0153uvres.<\/span><\/p>\n<p><span style=\"font-weight: 400;\">KidWind, leader national dans le domaine de l&rsquo;\u00e9ducation aux \u00e9nergies renouvelables, s&rsquo;est associ\u00e9 \u00e0 l&rsquo;Office des technologies du minist\u00e8re am\u00e9ricain de l&rsquo;\u00e9nergie pour lancer une opportunit\u00e9 passionnante pour les jeunes artistes.<\/span><\/p>\n<p><span style=\"font-weight: 400;\">Le concours national d&rsquo;art sur l&rsquo;\u00e9nergie \u00e9olienne <\/span><a href=\"https:\/\/www.kidwind.org\/events\/art-contest\/\"><br \/>\n  <span style=\"font-weight: 400;\">Concours national d&rsquo;art \u00e9olien<\/span><br \/>\n<\/a><span style=\"font-weight: 400;\">  est ouvert aux \u00e9l\u00e8ves de la maternelle \u00e0 la huiti\u00e8me ann\u00e9e. Les candidatures doivent \u00eatre soumises au plus tard le 22 mars 2024. Les gagnants recevront 200 dollars et auront la possibilit\u00e9 de pr\u00e9senter leur travail lors de la conf\u00e9rence annuelle CLEANPOWER 2024 qui se tiendra \u00e0 Minneapolis, Minnesota, du 5 au 8 mai 2024.<\/span><\/p>\n<p><span style=\"font-weight: 400;\">Les candidats sont encourag\u00e9s \u00e0 s&rsquo;inscrire le plus t\u00f4t possible. Toutes les \u0153uvres soumises par les participants seront affich\u00e9es sur la page artistique de KidWind.<\/span><b><br \/>\n<\/b><b><br \/>\n<\/b><span style=\"font-weight: 400;\">Le th\u00e8me de cette ann\u00e9e est \u00ab\u00a0La belle \u00e9nergie \u00e9olienne\u00a0\u00bb. Les participants doivent cr\u00e9er une \u0153uvre d&rsquo;art originale sur du papier tablo\u00efd de 11&Prime; x 17&Prime;. Les \u00e9l\u00e8ves de la maternelle \u00e0 la troisi\u00e8me ann\u00e9e peuvent utiliser du papier de format lettre standard s&rsquo;ils le pr\u00e9f\u00e8rent.  <\/span><span style=\"font-weight: 400;\"><br \/>\n<\/span><span style=\"font-weight: 400;\"><br \/>\n<\/span><span style=\"font-weight: 400;\">Les \u0153uvres peuvent \u00eatre cr\u00e9\u00e9es \u00e0 l&rsquo;aide des outils pr\u00e9f\u00e9r\u00e9s de l&rsquo;artiste : crayons de couleur, peinture, crayons, acrylique, etc.<\/span><span style=\"font-weight: 400;\"><br \/>\n<\/span><span style=\"font-weight: 400;\"><br \/>\n<\/span><span style=\"font-weight: 400;\">Un enseignant, un entra\u00eeneur, un parent ou un tuteur devra remplir les informations d&rsquo;inscription au nom du candidat.<\/span><\/p>\n<h3>R\u00e9compenses pour les gagnants<\/h3>\n<p><span style=\"font-weight: 400;\">Le jury du concours artistique sera compos\u00e9 de membres du personnel de KidWind et de l&rsquo;Office de la technologie de l&rsquo;\u00e9nergie \u00e9olienne du minist\u00e8re de l&rsquo;\u00e9nergie.  <\/span><span style=\"font-weight: 400;\"><br \/>\n<\/span><span style=\"font-weight: 400;\"><br \/>\n<\/span><span style=\"font-weight: 400;\">Apr\u00e8s le jugement, il y aura deux gagnants par classe.<\/span><span style=\"font-weight: 400;\"><br \/>\n<\/span><span style=\"font-weight: 400;\">Chaque gagnant recevra 200 dollars et son \u0153uvre sera expos\u00e9e dans le cadre de la pr\u00e9sentation de KidWind lors de la conf\u00e9rence nationale sur l&rsquo;\u00e9nergie propre qui se tiendra \u00e0 Minneapolis, dans le Minnesota, en mai.  <\/span><span style=\"font-weight: 400;\"><br \/>\n<\/span><span style=\"font-weight: 400;\"><br \/>\n<\/span><span style=\"font-weight: 400;\">Plus de 8 000 professionnels du monde entier sont attendus \u00e0 la conf\u00e9rence.  <\/span><span style=\"font-weight: 400;\"><br \/>\n<\/span><span style=\"font-weight: 400;\"><br \/>\n<\/span><span style=\"font-weight: 400;\">Le National KidWind Challenge se d\u00e9roulera parall\u00e8lement \u00e0 la National Clean Power Conference. Le concours attire toujours beaucoup de monde, de sorte que l&rsquo;\u0153uvre gagnante sera vue par un grand nombre de personnes.  <\/span><span style=\"font-weight: 400;\"><br \/>\n<\/span><span style=\"font-weight: 400;\"><br \/>\n<\/span><span style=\"font-weight: 400;\">Apr\u00e8s la conf\u00e9rence, les \u0153uvres gagnantes seront expos\u00e9es dans les locaux du minist\u00e8re am\u00e9ricain de l&rsquo;\u00e9nergie, afin que tout le monde puisse voir les interpr\u00e9tations des jeunes artistes sur le th\u00e8me de la \u00ab\u00a0belle \u00e9nergie \u00e9olienne\u00a0\u00bb<\/span><\/p>\n<p><span style=\"font-weight: 400;\">Pattern Energy est fier d&rsquo;\u00eatre un sponsor \u00ab\u00a0Gale Force\u00a0\u00bb de KidWind.<\/span><\/p>\n<p><span style=\"font-weight: 400;\">Les \u00e9tudiants int\u00e9ress\u00e9s <\/span><a href=\"https:\/\/www.kidwind.org\/events\/art-contest\/\"><br \/>\n  <span style=\"font-weight: 400;\">doivent se rendre ici et regarder la vid\u00e9o<\/span><br \/>\n<\/a><span style=\"font-weight: 400;\"> d&rsquo;Asia, une artiste de KidWind.<\/span><\/p>\n","protected":false},"excerpt":{"rendered":"<p>Le concours est ouvert aux \u00e9l\u00e8ves de la maternelle \u00e0 la quatri\u00e8me. Les \u00e9tudiants ont jusqu&rsquo;au 22 mars 2024 pour soumettre leurs \u0153uvres. KidWind, leader national dans le domaine de l&rsquo;\u00e9ducation aux \u00e9nergies renouvelables, s&rsquo;est associ\u00e9 \u00e0 l&rsquo;Office des technologies du minist\u00e8re am\u00e9ricain de l&rsquo;\u00e9nergie pour lancer une opportunit\u00e9 passionnante pour les jeunes artistes. Le [&hellip;]<\/p>\n","protected":false},"author":3,"featured_media":16869,"comment_status":"closed","ping_status":"closed","sticky":false,"template":"","format":"standard","meta":{"_acf_changed":false,"footnotes":""},"categories":[515,523,657],"tags":[1069,963,551,1127,1154],"sub_site":[],"class_list":["post-18697","post","type-post","status-publish","format-standard","has-post-thumbnail","hentry","category-durabilite","category-etats-unis","category-histoires-de-lenergie-des-patrons","tag-environnement-fr","tag-leducation","tag-la-durabilite","tag-les-enfants-fr","tag-science-fr"],"acf":[],"yoast_head":"<!-- This site is optimized with the Yoast SEO plugin v27.5 - https:\/\/yoast.com\/product\/yoast-seo-wordpress\/ -->\n<title>Concours national de dessin sur l&#039;\u00e9nergie \u00e9olienne : les enfants de la maternelle \u00e0 la 8e ann\u00e9e sont invit\u00e9s \u00e0 y participer - Pattern Energy<\/title>\n<meta name=\"description\" content=\"Cette ann\u00e9e, le bureau des technologies du minist\u00e8re am\u00e9ricain de l&#039;\u00e9nergie soutient KidWind en annon\u00e7ant le concours national d&#039;art \u00e9olien. Le concours artistique est ouvert aux \u00e9l\u00e8ves de la maternelle \u00e0 la huiti\u00e8me ann\u00e9e.\" \/>\n<meta name=\"robots\" content=\"index, follow, max-snippet:-1, max-image-preview:large, max-video-preview:-1\" \/>\n<link rel=\"canonical\" href=\"https:\/\/patternenergy.com\/fr\/concours-national-de-dessin-sur-lenergie-eolienne-les-enfants-de-la-maternelle-a-la-8e-annee-sont-invites-a-y-participer\/\" \/>\n<meta property=\"og:locale\" content=\"fr_FR\" \/>\n<meta property=\"og:type\" content=\"article\" \/>\n<meta property=\"og:title\" content=\"Concours national de dessin sur l&#039;\u00e9nergie \u00e9olienne : les enfants de la maternelle \u00e0 la 8e ann\u00e9e sont invit\u00e9s \u00e0 y participer\" \/>\n<meta property=\"og:description\" content=\"Cette ann\u00e9e, le bureau des technologies du minist\u00e8re am\u00e9ricain de l&#039;\u00e9nergie soutient KidWind en annon\u00e7ant le concours national d&#039;art \u00e9olien.\" \/>\n<meta property=\"og:url\" content=\"https:\/\/patternenergy.com\/fr\/concours-national-de-dessin-sur-lenergie-eolienne-les-enfants-de-la-maternelle-a-la-8e-annee-sont-invites-a-y-participer\/\" \/>\n<meta property=\"og:site_name\" content=\"Pattern Energy\" \/>\n<meta property=\"article:publisher\" content=\"https:\/\/www.facebook.com\/PatternEnergy\/\" \/>\n<meta property=\"article:published_time\" content=\"2024-01-29T06:58:26+00:00\" \/>\n<meta property=\"article:modified_time\" content=\"2026-01-19T18:38:44+00:00\" \/>\n<meta property=\"og:image\" content=\"https:\/\/patternenergy.com\/wp-content\/uploads\/2024\/01\/Social-Preview-1280x720-students-1024x576.jpg\" \/>\n<meta name=\"author\" content=\"Alisa Frincke\" \/>\n<meta name=\"twitter:card\" content=\"summary_large_image\" \/>\n<meta name=\"twitter:label1\" content=\"\u00c9crit par\" \/>\n\t<meta name=\"twitter:data1\" content=\"Alisa Frincke\" \/>\n\t<meta name=\"twitter:label2\" content=\"Dur\u00e9e de lecture estim\u00e9e\" \/>\n\t<meta name=\"twitter:data2\" content=\"3 minutes\" \/>\n<script type=\"application\/ld+json\" class=\"yoast-schema-graph\">{\"@context\":\"https:\\\/\\\/schema.org\",\"@graph\":[{\"@type\":\"Article\",\"@id\":\"https:\\\/\\\/patternenergy.com\\\/fr\\\/concours-national-de-dessin-sur-lenergie-eolienne-les-enfants-de-la-maternelle-a-la-8e-annee-sont-invites-a-y-participer\\\/#article\",\"isPartOf\":{\"@id\":\"https:\\\/\\\/patternenergy.com\\\/fr\\\/concours-national-de-dessin-sur-lenergie-eolienne-les-enfants-de-la-maternelle-a-la-8e-annee-sont-invites-a-y-participer\\\/\"},\"author\":{\"name\":\"Alisa Frincke\",\"@id\":\"https:\\\/\\\/patternenergy.com\\\/fr\\\/#\\\/schema\\\/person\\\/6f7080f7c9428a32a6bbe73bf6c8e412\"},\"headline\":\"Concours national de dessin sur l&rsquo;\u00e9nergie \u00e9olienne : les enfants de la maternelle \u00e0 la 8e ann\u00e9e sont invit\u00e9s \u00e0 y participer\",\"datePublished\":\"2024-01-29T06:58:26+00:00\",\"dateModified\":\"2026-01-19T18:38:44+00:00\",\"mainEntityOfPage\":{\"@id\":\"https:\\\/\\\/patternenergy.com\\\/fr\\\/concours-national-de-dessin-sur-lenergie-eolienne-les-enfants-de-la-maternelle-a-la-8e-annee-sont-invites-a-y-participer\\\/\"},\"wordCount\":478,\"publisher\":{\"@id\":\"https:\\\/\\\/patternenergy.com\\\/fr\\\/#organization\"},\"image\":{\"@id\":\"https:\\\/\\\/patternenergy.com\\\/fr\\\/concours-national-de-dessin-sur-lenergie-eolienne-les-enfants-de-la-maternelle-a-la-8e-annee-sont-invites-a-y-participer\\\/#primaryimage\"},\"thumbnailUrl\":\"https:\\\/\\\/patternenergy.com\\\/wp-content\\\/uploads\\\/2024\\\/01\\\/Feature-800x800-students.jpg\",\"keywords\":[\"Environnement\",\"L'\u00e9ducation\",\"la durabilit\u00e9\",\"Les enfants\",\"science\"],\"articleSection\":[\"Durabilit\u00e9\",\"\u00c9tats-Unis\",\"Histoires de l'\u00e9nergie des patrons\"],\"inLanguage\":\"fr-FR\"},{\"@type\":\"WebPage\",\"@id\":\"https:\\\/\\\/patternenergy.com\\\/fr\\\/concours-national-de-dessin-sur-lenergie-eolienne-les-enfants-de-la-maternelle-a-la-8e-annee-sont-invites-a-y-participer\\\/\",\"url\":\"https:\\\/\\\/patternenergy.com\\\/fr\\\/concours-national-de-dessin-sur-lenergie-eolienne-les-enfants-de-la-maternelle-a-la-8e-annee-sont-invites-a-y-participer\\\/\",\"name\":\"Concours national de dessin sur l'\u00e9nergie \u00e9olienne : les enfants de la maternelle \u00e0 la 8e ann\u00e9e sont invit\u00e9s \u00e0 y participer - Pattern Energy\",\"isPartOf\":{\"@id\":\"https:\\\/\\\/patternenergy.com\\\/fr\\\/#website\"},\"primaryImageOfPage\":{\"@id\":\"https:\\\/\\\/patternenergy.com\\\/fr\\\/concours-national-de-dessin-sur-lenergie-eolienne-les-enfants-de-la-maternelle-a-la-8e-annee-sont-invites-a-y-participer\\\/#primaryimage\"},\"image\":{\"@id\":\"https:\\\/\\\/patternenergy.com\\\/fr\\\/concours-national-de-dessin-sur-lenergie-eolienne-les-enfants-de-la-maternelle-a-la-8e-annee-sont-invites-a-y-participer\\\/#primaryimage\"},\"thumbnailUrl\":\"https:\\\/\\\/patternenergy.com\\\/wp-content\\\/uploads\\\/2024\\\/01\\\/Feature-800x800-students.jpg\",\"datePublished\":\"2024-01-29T06:58:26+00:00\",\"dateModified\":\"2026-01-19T18:38:44+00:00\",\"description\":\"Cette ann\u00e9e, le bureau des technologies du minist\u00e8re am\u00e9ricain de l'\u00e9nergie soutient KidWind en annon\u00e7ant le concours national d'art \u00e9olien. Le concours artistique est ouvert aux \u00e9l\u00e8ves de la maternelle \u00e0 la huiti\u00e8me ann\u00e9e.\",\"breadcrumb\":{\"@id\":\"https:\\\/\\\/patternenergy.com\\\/fr\\\/concours-national-de-dessin-sur-lenergie-eolienne-les-enfants-de-la-maternelle-a-la-8e-annee-sont-invites-a-y-participer\\\/#breadcrumb\"},\"inLanguage\":\"fr-FR\",\"potentialAction\":[{\"@type\":\"ReadAction\",\"target\":[\"https:\\\/\\\/patternenergy.com\\\/fr\\\/concours-national-de-dessin-sur-lenergie-eolienne-les-enfants-de-la-maternelle-a-la-8e-annee-sont-invites-a-y-participer\\\/\"]}]},{\"@type\":\"ImageObject\",\"inLanguage\":\"fr-FR\",\"@id\":\"https:\\\/\\\/patternenergy.com\\\/fr\\\/concours-national-de-dessin-sur-lenergie-eolienne-les-enfants-de-la-maternelle-a-la-8e-annee-sont-invites-a-y-participer\\\/#primaryimage\",\"url\":\"https:\\\/\\\/patternenergy.com\\\/wp-content\\\/uploads\\\/2024\\\/01\\\/Feature-800x800-students.jpg\",\"contentUrl\":\"https:\\\/\\\/patternenergy.com\\\/wp-content\\\/uploads\\\/2024\\\/01\\\/Feature-800x800-students.jpg\",\"width\":800,\"height\":800},{\"@type\":\"BreadcrumbList\",\"@id\":\"https:\\\/\\\/patternenergy.com\\\/fr\\\/concours-national-de-dessin-sur-lenergie-eolienne-les-enfants-de-la-maternelle-a-la-8e-annee-sont-invites-a-y-participer\\\/#breadcrumb\",\"itemListElement\":[{\"@type\":\"ListItem\",\"position\":1,\"name\":\"Home\",\"item\":\"https:\\\/\\\/patternenergy.com\\\/fr\\\/\"},{\"@type\":\"ListItem\",\"position\":2,\"name\":\"Concours national de dessin sur l&#8217;\u00e9nergie \u00e9olienne : les enfants de la maternelle \u00e0 la 8e ann\u00e9e sont invit\u00e9s \u00e0 y participer\"}]},{\"@type\":\"WebSite\",\"@id\":\"https:\\\/\\\/patternenergy.com\\\/fr\\\/#website\",\"url\":\"https:\\\/\\\/patternenergy.com\\\/fr\\\/\",\"name\":\"Pattern Energy\",\"description\":\"Nous d\u00e9veloppons, construisons, poss\u00e9dons et exploitons des projets \u00e9oliens, solaires, de transport et de stockage d'\u00e9nergie de haute qualit\u00e9 dans le monde entier.\",\"publisher\":{\"@id\":\"https:\\\/\\\/patternenergy.com\\\/fr\\\/#organization\"},\"potentialAction\":[{\"@type\":\"SearchAction\",\"target\":{\"@type\":\"EntryPoint\",\"urlTemplate\":\"https:\\\/\\\/patternenergy.com\\\/fr\\\/?s={search_term_string}\"},\"query-input\":{\"@type\":\"PropertyValueSpecification\",\"valueRequired\":true,\"valueName\":\"search_term_string\"}}],\"inLanguage\":\"fr-FR\"},{\"@type\":\"Organization\",\"@id\":\"https:\\\/\\\/patternenergy.com\\\/fr\\\/#organization\",\"name\":\"Pattern Energy\",\"url\":\"https:\\\/\\\/patternenergy.com\\\/fr\\\/\",\"logo\":{\"@type\":\"ImageObject\",\"inLanguage\":\"fr-FR\",\"@id\":\"https:\\\/\\\/patternenergy.com\\\/fr\\\/#\\\/schema\\\/logo\\\/image\\\/\",\"url\":\"https:\\\/\\\/patternenergy.com\\\/wp-content\\\/uploads\\\/2022\\\/01\\\/Pattern-Energy-Media-thumbnail-logo.jpg\",\"contentUrl\":\"https:\\\/\\\/patternenergy.com\\\/wp-content\\\/uploads\\\/2022\\\/01\\\/Pattern-Energy-Media-thumbnail-logo.jpg\",\"width\":1200,\"height\":627,\"caption\":\"Pattern Energy\"},\"image\":{\"@id\":\"https:\\\/\\\/patternenergy.com\\\/fr\\\/#\\\/schema\\\/logo\\\/image\\\/\"},\"sameAs\":[\"https:\\\/\\\/www.facebook.com\\\/PatternEnergy\\\/\",\"https:\\\/\\\/instagram.com\\\/patternenergy?utm_medium=copy_link\",\"https:\\\/\\\/www.linkedin.com\\\/company\\\/pattern-energy\",\"https:\\\/\\\/www.youtube.com\\\/user\\\/PatternEnergy?app=desktop\",\"https:\\\/\\\/web.cauze.com\\\/company\\\/293\"]},{\"@type\":\"Person\",\"@id\":\"https:\\\/\\\/patternenergy.com\\\/fr\\\/#\\\/schema\\\/person\\\/6f7080f7c9428a32a6bbe73bf6c8e412\",\"name\":\"Alisa Frincke\",\"url\":\"https:\\\/\\\/patternenergy.com\\\/fr\\\/author\\\/alisa\\\/\"}]}<\/script>\n<!-- \/ Yoast SEO plugin. -->","yoast_head_json":{"title":"Concours national de dessin sur l'\u00e9nergie \u00e9olienne : les enfants de la maternelle \u00e0 la 8e ann\u00e9e sont invit\u00e9s \u00e0 y participer - Pattern Energy","description":"Cette ann\u00e9e, le bureau des technologies du minist\u00e8re am\u00e9ricain de l'\u00e9nergie soutient KidWind en annon\u00e7ant le concours national d'art \u00e9olien. Le concours artistique est ouvert aux \u00e9l\u00e8ves de la maternelle \u00e0 la huiti\u00e8me ann\u00e9e.","robots":{"index":"index","follow":"follow","max-snippet":"max-snippet:-1","max-image-preview":"max-image-preview:large","max-video-preview":"max-video-preview:-1"},"canonical":"https:\/\/patternenergy.com\/fr\/concours-national-de-dessin-sur-lenergie-eolienne-les-enfants-de-la-maternelle-a-la-8e-annee-sont-invites-a-y-participer\/","og_locale":"fr_FR","og_type":"article","og_title":"Concours national de dessin sur l'\u00e9nergie \u00e9olienne : les enfants de la maternelle \u00e0 la 8e ann\u00e9e sont invit\u00e9s \u00e0 y participer","og_description":"Cette ann\u00e9e, le bureau des technologies du minist\u00e8re am\u00e9ricain de l'\u00e9nergie soutient KidWind en annon\u00e7ant le concours national d'art \u00e9olien.","og_url":"https:\/\/patternenergy.com\/fr\/concours-national-de-dessin-sur-lenergie-eolienne-les-enfants-de-la-maternelle-a-la-8e-annee-sont-invites-a-y-participer\/","og_site_name":"Pattern Energy","article_publisher":"https:\/\/www.facebook.com\/PatternEnergy\/","article_published_time":"2024-01-29T06:58:26+00:00","article_modified_time":"2026-01-19T18:38:44+00:00","og_image":[{"url":"https:\/\/patternenergy.com\/wp-content\/uploads\/2024\/01\/Social-Preview-1280x720-students-1024x576.jpg","type":"","width":"","height":""}],"author":"Alisa Frincke","twitter_card":"summary_large_image","twitter_misc":{"\u00c9crit par":"Alisa Frincke","Dur\u00e9e de lecture estim\u00e9e":"3 minutes"},"schema":{"@context":"https:\/\/schema.org","@graph":[{"@type":"Article","@id":"https:\/\/patternenergy.com\/fr\/concours-national-de-dessin-sur-lenergie-eolienne-les-enfants-de-la-maternelle-a-la-8e-annee-sont-invites-a-y-participer\/#article","isPartOf":{"@id":"https:\/\/patternenergy.com\/fr\/concours-national-de-dessin-sur-lenergie-eolienne-les-enfants-de-la-maternelle-a-la-8e-annee-sont-invites-a-y-participer\/"},"author":{"name":"Alisa Frincke","@id":"https:\/\/patternenergy.com\/fr\/#\/schema\/person\/6f7080f7c9428a32a6bbe73bf6c8e412"},"headline":"Concours national de dessin sur l&rsquo;\u00e9nergie \u00e9olienne : les enfants de la maternelle \u00e0 la 8e ann\u00e9e sont invit\u00e9s \u00e0 y participer","datePublished":"2024-01-29T06:58:26+00:00","dateModified":"2026-01-19T18:38:44+00:00","mainEntityOfPage":{"@id":"https:\/\/patternenergy.com\/fr\/concours-national-de-dessin-sur-lenergie-eolienne-les-enfants-de-la-maternelle-a-la-8e-annee-sont-invites-a-y-participer\/"},"wordCount":478,"publisher":{"@id":"https:\/\/patternenergy.com\/fr\/#organization"},"image":{"@id":"https:\/\/patternenergy.com\/fr\/concours-national-de-dessin-sur-lenergie-eolienne-les-enfants-de-la-maternelle-a-la-8e-annee-sont-invites-a-y-participer\/#primaryimage"},"thumbnailUrl":"https:\/\/patternenergy.com\/wp-content\/uploads\/2024\/01\/Feature-800x800-students.jpg","keywords":["Environnement","L'\u00e9ducation","la durabilit\u00e9","Les enfants","science"],"articleSection":["Durabilit\u00e9","\u00c9tats-Unis","Histoires de l'\u00e9nergie des patrons"],"inLanguage":"fr-FR"},{"@type":"WebPage","@id":"https:\/\/patternenergy.com\/fr\/concours-national-de-dessin-sur-lenergie-eolienne-les-enfants-de-la-maternelle-a-la-8e-annee-sont-invites-a-y-participer\/","url":"https:\/\/patternenergy.com\/fr\/concours-national-de-dessin-sur-lenergie-eolienne-les-enfants-de-la-maternelle-a-la-8e-annee-sont-invites-a-y-participer\/","name":"Concours national de dessin sur l'\u00e9nergie \u00e9olienne : les enfants de la maternelle \u00e0 la 8e ann\u00e9e sont invit\u00e9s \u00e0 y participer - Pattern Energy","isPartOf":{"@id":"https:\/\/patternenergy.com\/fr\/#website"},"primaryImageOfPage":{"@id":"https:\/\/patternenergy.com\/fr\/concours-national-de-dessin-sur-lenergie-eolienne-les-enfants-de-la-maternelle-a-la-8e-annee-sont-invites-a-y-participer\/#primaryimage"},"image":{"@id":"https:\/\/patternenergy.com\/fr\/concours-national-de-dessin-sur-lenergie-eolienne-les-enfants-de-la-maternelle-a-la-8e-annee-sont-invites-a-y-participer\/#primaryimage"},"thumbnailUrl":"https:\/\/patternenergy.com\/wp-content\/uploads\/2024\/01\/Feature-800x800-students.jpg","datePublished":"2024-01-29T06:58:26+00:00","dateModified":"2026-01-19T18:38:44+00:00","description":"Cette ann\u00e9e, le bureau des technologies du minist\u00e8re am\u00e9ricain de l'\u00e9nergie soutient KidWind en annon\u00e7ant le concours national d'art \u00e9olien. Le concours artistique est ouvert aux \u00e9l\u00e8ves de la maternelle \u00e0 la huiti\u00e8me ann\u00e9e.","breadcrumb":{"@id":"https:\/\/patternenergy.com\/fr\/concours-national-de-dessin-sur-lenergie-eolienne-les-enfants-de-la-maternelle-a-la-8e-annee-sont-invites-a-y-participer\/#breadcrumb"},"inLanguage":"fr-FR","potentialAction":[{"@type":"ReadAction","target":["https:\/\/patternenergy.com\/fr\/concours-national-de-dessin-sur-lenergie-eolienne-les-enfants-de-la-maternelle-a-la-8e-annee-sont-invites-a-y-participer\/"]}]},{"@type":"ImageObject","inLanguage":"fr-FR","@id":"https:\/\/patternenergy.com\/fr\/concours-national-de-dessin-sur-lenergie-eolienne-les-enfants-de-la-maternelle-a-la-8e-annee-sont-invites-a-y-participer\/#primaryimage","url":"https:\/\/patternenergy.com\/wp-content\/uploads\/2024\/01\/Feature-800x800-students.jpg","contentUrl":"https:\/\/patternenergy.com\/wp-content\/uploads\/2024\/01\/Feature-800x800-students.jpg","width":800,"height":800},{"@type":"BreadcrumbList","@id":"https:\/\/patternenergy.com\/fr\/concours-national-de-dessin-sur-lenergie-eolienne-les-enfants-de-la-maternelle-a-la-8e-annee-sont-invites-a-y-participer\/#breadcrumb","itemListElement":[{"@type":"ListItem","position":1,"name":"Home","item":"https:\/\/patternenergy.com\/fr\/"},{"@type":"ListItem","position":2,"name":"Concours national de dessin sur l&#8217;\u00e9nergie \u00e9olienne : les enfants de la maternelle \u00e0 la 8e ann\u00e9e sont invit\u00e9s \u00e0 y participer"}]},{"@type":"WebSite","@id":"https:\/\/patternenergy.com\/fr\/#website","url":"https:\/\/patternenergy.com\/fr\/","name":"Pattern Energy","description":"Nous d\u00e9veloppons, construisons, poss\u00e9dons et exploitons des projets \u00e9oliens, solaires, de transport et de stockage d'\u00e9nergie de haute qualit\u00e9 dans le monde entier.","publisher":{"@id":"https:\/\/patternenergy.com\/fr\/#organization"},"potentialAction":[{"@type":"SearchAction","target":{"@type":"EntryPoint","urlTemplate":"https:\/\/patternenergy.com\/fr\/?s={search_term_string}"},"query-input":{"@type":"PropertyValueSpecification","valueRequired":true,"valueName":"search_term_string"}}],"inLanguage":"fr-FR"},{"@type":"Organization","@id":"https:\/\/patternenergy.com\/fr\/#organization","name":"Pattern Energy","url":"https:\/\/patternenergy.com\/fr\/","logo":{"@type":"ImageObject","inLanguage":"fr-FR","@id":"https:\/\/patternenergy.com\/fr\/#\/schema\/logo\/image\/","url":"https:\/\/patternenergy.com\/wp-content\/uploads\/2022\/01\/Pattern-Energy-Media-thumbnail-logo.jpg","contentUrl":"https:\/\/patternenergy.com\/wp-content\/uploads\/2022\/01\/Pattern-Energy-Media-thumbnail-logo.jpg","width":1200,"height":627,"caption":"Pattern Energy"},"image":{"@id":"https:\/\/patternenergy.com\/fr\/#\/schema\/logo\/image\/"},"sameAs":["https:\/\/www.facebook.com\/PatternEnergy\/","https:\/\/instagram.com\/patternenergy?utm_medium=copy_link","https:\/\/www.linkedin.com\/company\/pattern-energy","https:\/\/www.youtube.com\/user\/PatternEnergy?app=desktop","https:\/\/web.cauze.com\/company\/293"]},{"@type":"Person","@id":"https:\/\/patternenergy.com\/fr\/#\/schema\/person\/6f7080f7c9428a32a6bbe73bf6c8e412","name":"Alisa Frincke","url":"https:\/\/patternenergy.com\/fr\/author\/alisa\/"}]}},"_links":{"self":[{"href":"https:\/\/patternenergy.com\/fr\/wp-json\/wp\/v2\/posts\/18697","targetHints":{"allow":["GET"]}}],"collection":[{"href":"https:\/\/patternenergy.com\/fr\/wp-json\/wp\/v2\/posts"}],"about":[{"href":"https:\/\/patternenergy.com\/fr\/wp-json\/wp\/v2\/types\/post"}],"author":[{"embeddable":true,"href":"https:\/\/patternenergy.com\/fr\/wp-json\/wp\/v2\/users\/3"}],"replies":[{"embeddable":true,"href":"https:\/\/patternenergy.com\/fr\/wp-json\/wp\/v2\/comments?post=18697"}],"version-history":[{"count":0,"href":"https:\/\/patternenergy.com\/fr\/wp-json\/wp\/v2\/posts\/18697\/revisions"}],"wp:featuredmedia":[{"embeddable":true,"href":"https:\/\/patternenergy.com\/fr\/wp-json\/wp\/v2\/media\/16869"}],"wp:attachment":[{"href":"https:\/\/patternenergy.com\/fr\/wp-json\/wp\/v2\/media?parent=18697"}],"wp:term":[{"taxonomy":"category","embeddable":true,"href":"https:\/\/patternenergy.com\/fr\/wp-json\/wp\/v2\/categories?post=18697"},{"taxonomy":"post_tag","embeddable":true,"href":"https:\/\/patternenergy.com\/fr\/wp-json\/wp\/v2\/tags?post=18697"},{"taxonomy":"sub_site","embeddable":true,"href":"https:\/\/patternenergy.com\/fr\/wp-json\/wp\/v2\/sub_site?post=18697"}],"curies":[{"name":"wp","href":"https:\/\/api.w.org\/{rel}","templated":true}]}}