{"id":18667,"date":"2023-08-25T17:01:12","date_gmt":"2023-08-25T22:01:12","guid":{"rendered":"https:\/\/patternenergy.com\/expo-de-rentree-scolaire-de-clovis-2023\/"},"modified":"2026-01-19T13:39:33","modified_gmt":"2026-01-19T18:39:33","slug":"expo-de-rentree-scolaire-de-clovis-2023","status":"publish","type":"post","link":"https:\/\/patternenergy.com\/fr\/expo-de-rentree-scolaire-de-clovis-2023\/","title":{"rendered":"Expo de rentr\u00e9e scolaire de Clovis 2023"},"content":{"rendered":"<p><span style=\"font-weight: 400;\">Le samedi 5 ao\u00fbt, la chambre de commerce de Clovis\/Curry County et le service de d\u00e9veloppement \u00e9conomique de Clovis ont organis\u00e9 leur 6e exposition annuelle sur la rentr\u00e9e scolaire au Clovis Civic Center.  <\/span><span style=\"font-weight: 400;\"><br \/>\n<\/span><span style=\"font-weight: 400;\"><br \/>\n<\/span><span style=\"font-weight: 400;\">L&rsquo;exposition \u00ab\u00a0Back to School\u00a0\u00bb aide les familles locales \u00e0 se pr\u00e9parer pour la nouvelle ann\u00e9e scolaire. Les \u00e9l\u00e8ves et les familles de la r\u00e9gion ont ramen\u00e9 chez eux un total de 2 500 sacs \u00e0 dos remplis de fournitures scolaires.  <\/span><\/p>\n<div id=\"attachment_8745\" style=\"width: 2570px\" class=\"wp-caption alignnone\"><img loading=\"lazy\" decoding=\"async\" aria-describedby=\"caption-attachment-8745\" class=\"size-full wp-image-8745\" src=\"https:\/\/patternenergy.com\/wp-content\/uploads\/2023\/08\/Bicycle-and-laptop-winners-scaled.jpg\" alt=\"\" width=\"2560\" height=\"1707\" srcset=\"https:\/\/patternenergy.com\/wp-content\/uploads\/2023\/08\/Bicycle-and-laptop-winners-scaled.jpg 2560w, https:\/\/patternenergy.com\/wp-content\/uploads\/2023\/08\/Bicycle-and-laptop-winners-300x200.jpg 300w, https:\/\/patternenergy.com\/wp-content\/uploads\/2023\/08\/Bicycle-and-laptop-winners-1024x683.jpg 1024w, https:\/\/patternenergy.com\/wp-content\/uploads\/2023\/08\/Bicycle-and-laptop-winners-768x512.jpg 768w, https:\/\/patternenergy.com\/wp-content\/uploads\/2023\/08\/Bicycle-and-laptop-winners-1536x1024.jpg 1536w, https:\/\/patternenergy.com\/wp-content\/uploads\/2023\/08\/Bicycle-and-laptop-winners-2048x1365.jpg 2048w\" sizes=\"auto, (max-width: 2560px) 100vw, 2560px\" \/><p id=\"caption-attachment-8745\" class=\"wp-caption-text\">Les gagnants des v\u00e9los et des ordinateurs portables de l&rsquo;Expo de rentr\u00e9e<br \/>Toutes les photos ont \u00e9t\u00e9 fournies par Nick Mondragon et la Chambre de commerce de Clovis.<\/p><\/div>\n<p><span style=\"font-weight: 400;\">\u00ab\u00a0Cette ann\u00e9e a \u00e9t\u00e9 un \u00e9norme succ\u00e8s\u00a0\u00bb, a d\u00e9clar\u00e9 Kim Tipton, coordinatrice des \u00e9v\u00e9nements de la Chambre de commerce, \u00ab\u00a0et nous avons distribu\u00e9 plus de 2 500 sacs \u00e0 dos !<\/span><span style=\"font-weight: 400;\"><br \/>\n<\/span><span style=\"font-weight: 400;\"><br \/>\n<\/span><span style=\"font-weight: 400;\">Les sacs \u00e0 dos gratuits remplis de fournitures scolaires pour l&rsquo;ann\u00e9e \u00e0 venir sont l&rsquo;une des principales raisons d&rsquo;\u00eatre de l&rsquo;\u00e9v\u00e9nement.<\/span><\/p>\n<div id=\"attachment_8743\" style=\"width: 2570px\" class=\"wp-caption alignnone\"><img loading=\"lazy\" decoding=\"async\" aria-describedby=\"caption-attachment-8743\" class=\"size-full wp-image-8743\" src=\"https:\/\/patternenergy.com\/wp-content\/uploads\/2023\/08\/Crows-Shot-scaled.jpg\" alt=\"\" width=\"2560\" height=\"1707\" srcset=\"https:\/\/patternenergy.com\/wp-content\/uploads\/2023\/08\/Crows-Shot-scaled.jpg 2560w, https:\/\/patternenergy.com\/wp-content\/uploads\/2023\/08\/Crows-Shot-300x200.jpg 300w, https:\/\/patternenergy.com\/wp-content\/uploads\/2023\/08\/Crows-Shot-1024x683.jpg 1024w, https:\/\/patternenergy.com\/wp-content\/uploads\/2023\/08\/Crows-Shot-768x512.jpg 768w, https:\/\/patternenergy.com\/wp-content\/uploads\/2023\/08\/Crows-Shot-1536x1024.jpg 1536w, https:\/\/patternenergy.com\/wp-content\/uploads\/2023\/08\/Crows-Shot-2048x1365.jpg 2048w\" sizes=\"auto, (max-width: 2560px) 100vw, 2560px\" \/><p id=\"caption-attachment-8743\" class=\"wp-caption-text\">Parents et \u00e9l\u00e8ves locaux profitent de la f\u00eate<\/p><\/div>\n<p><span style=\"font-weight: 400;\">L&rsquo;exposition sur la rentr\u00e9e scolaire est organis\u00e9e chaque ann\u00e9e pour aider les familles locales en fournissant aux \u00e9l\u00e8ves les fournitures dont ils ont besoin et pour c\u00e9l\u00e9brer la communaut\u00e9.  <\/span><\/p>\n<p><span style=\"font-weight: 400;\">Les vendeurs locaux ont garni l&rsquo;espace de l&rsquo;\u00e9v\u00e9nement et les gens ont pu faire du shopping et m\u00eame, cette ann\u00e9e, assister \u00e0 des spectacles.<\/span><span style=\"font-weight: 400;\"><br \/>\n<\/span><span style=\"font-weight: 400;\"><br \/>\n<\/span><span style=\"font-weight: 400;\">\u00ab\u00a0Nous avons eu la chance d&rsquo;avoir la participation et le parrainage que nous avons eus cette ann\u00e9e\u00a0\u00bb, a d\u00e9clar\u00e9 M. Tipton. \u00ab\u00a0Jocks on Wheels a install\u00e9 une station de selfie qui a remport\u00e9 un franc succ\u00e8s, Pattern Energy a apport\u00e9 des versions g\u00e9antes de Jenga et de Connect 4 pour que les enfants puissent jouer, Plateau Gaming a apport\u00e9 une caravane de jeux, Gibson Party Rentals a install\u00e9 un ch\u00e2teau gonflable, Clovis Aerial &amp; Circus Arts a donn\u00e9 des le\u00e7ons gratuites aux enfants, KidWind a permis aux enfants de participer \u00e0 une course de voiliers et \u00e0 une comp\u00e9tition de vent qui a \u00e9t\u00e9 tr\u00e8s amusante. Notre grand succ\u00e8s a \u00e9t\u00e9 la Maison de Fadez qui proposait des coupes de cheveux gratuites. Tout le monde a ador\u00e9 !<\/span><\/p>\n<div id=\"attachment_8744\" style=\"width: 2570px\" class=\"wp-caption alignnone\"><img loading=\"lazy\" decoding=\"async\" aria-describedby=\"caption-attachment-8744\" class=\"size-full wp-image-8744\" src=\"https:\/\/patternenergy.com\/wp-content\/uploads\/2023\/08\/HouseofFadez-scaled.jpg\" alt=\"\" width=\"2560\" height=\"1707\" srcset=\"https:\/\/patternenergy.com\/wp-content\/uploads\/2023\/08\/HouseofFadez-scaled.jpg 2560w, https:\/\/patternenergy.com\/wp-content\/uploads\/2023\/08\/HouseofFadez-300x200.jpg 300w, https:\/\/patternenergy.com\/wp-content\/uploads\/2023\/08\/HouseofFadez-1024x683.jpg 1024w, https:\/\/patternenergy.com\/wp-content\/uploads\/2023\/08\/HouseofFadez-768x512.jpg 768w, https:\/\/patternenergy.com\/wp-content\/uploads\/2023\/08\/HouseofFadez-1536x1024.jpg 1536w, https:\/\/patternenergy.com\/wp-content\/uploads\/2023\/08\/HouseofFadez-2048x1365.jpg 2048w\" sizes=\"auto, (max-width: 2560px) 100vw, 2560px\" \/><p id=\"caption-attachment-8744\" class=\"wp-caption-text\">House of Fadez a fait venir 10 coiffeurs et a r\u00e9alis\u00e9 180 coupes de cheveux.<\/p><\/div>\n<p><a href=\"https:\/\/www.facebook.com\/HOUSEOFFADEZ\"><span style=\"font-weight: 400;\">Maison de Fadez<\/span><\/a><span style=\"font-weight: 400;\">  est un salon de coiffure local de Clovis, au Nouveau-Mexique, qui a r\u00e9uni dix coiffeurs qui ont r\u00e9alis\u00e9 180 coupes de cheveux en quatre heures lors du \u00ab\u00a0Back to School Bash\u00a0\u00bb. Pour ceux qui n&rsquo;ont pas pu se faire couper les cheveux avant la fin de la journ\u00e9e, ils ont fourni des bons pour une coupe de cheveux gratuite dans leur studio.  <\/span><span style=\"font-weight: 400;\"><br \/>\n<\/span><span style=\"font-weight: 400;\"><br \/>\n<\/span><span style=\"font-weight: 400;\">Tipton a pr\u00e9cis\u00e9 que les sponsors avaient \u00e9galement fourni six bicyclettes et trois ordinateurs portables pour des tirages au sort destin\u00e9s \u00e0 quelques \u00e9tudiants chanceux.  <\/span><\/p>\n<div id=\"attachment_8740\" style=\"width: 2570px\" class=\"wp-caption alignnone\"><img loading=\"lazy\" decoding=\"async\" aria-describedby=\"caption-attachment-8740\" class=\"size-full wp-image-8740\" src=\"https:\/\/patternenergy.com\/wp-content\/uploads\/2023\/08\/Aerial-arts-scaled.jpg\" alt=\"\" width=\"2560\" height=\"1707\" srcset=\"https:\/\/patternenergy.com\/wp-content\/uploads\/2023\/08\/Aerial-arts-scaled.jpg 2560w, https:\/\/patternenergy.com\/wp-content\/uploads\/2023\/08\/Aerial-arts-300x200.jpg 300w, https:\/\/patternenergy.com\/wp-content\/uploads\/2023\/08\/Aerial-arts-1024x683.jpg 1024w, https:\/\/patternenergy.com\/wp-content\/uploads\/2023\/08\/Aerial-arts-768x512.jpg 768w, https:\/\/patternenergy.com\/wp-content\/uploads\/2023\/08\/Aerial-arts-1536x1024.jpg 1536w, https:\/\/patternenergy.com\/wp-content\/uploads\/2023\/08\/Aerial-arts-2048x1365.jpg 2048w\" sizes=\"auto, (max-width: 2560px) 100vw, 2560px\" \/><p id=\"caption-attachment-8740\" class=\"wp-caption-text\">Clovis Aerial &amp; Circus Arts propose des cours gratuits<\/p><\/div>\n<p><span style=\"font-weight: 400;\">Pattern Energy est heureux de soutenir chaque ann\u00e9e l&rsquo;exposition \u00ab\u00a0Back to School\u00a0\u00bb. Nous souhaitons \u00e0 tous une bonne ann\u00e9e scolaire !<\/span><span style=\"font-weight: 400;\"><br \/>\n<\/span><span style=\"font-weight: 400;\"><br \/>\n<\/span><span style=\"font-weight: 400;\">\u00ab\u00a0Nos sponsors et vendeurs rendent cela possible, et cela signifie beaucoup pour la communaut\u00e9\u00a0\u00bb, a d\u00e9clar\u00e9 M. Tipton. \u00ab\u00a0Cela soulage la pression \u00e9conomique des familles qui se pr\u00e9parent \u00e0 la nouvelle ann\u00e9e scolaire, et c&rsquo;est une f\u00eate amusante pour la communaut\u00e9\u00a0\u00bb.<\/span><\/p>\n","protected":false},"excerpt":{"rendered":"<p>Le samedi 5 ao\u00fbt, la chambre de commerce de Clovis\/Curry County et le service de d\u00e9veloppement \u00e9conomique de Clovis ont organis\u00e9 leur 6e exposition annuelle sur la rentr\u00e9e scolaire au Clovis Civic Center. L&rsquo;exposition \u00ab\u00a0Back to School\u00a0\u00bb aide les familles locales \u00e0 se pr\u00e9parer pour la nouvelle ann\u00e9e scolaire. Les \u00e9l\u00e8ves et les familles de [&hellip;]<\/p>\n","protected":false},"author":3,"featured_media":16221,"comment_status":"closed","ping_status":"closed","sticky":false,"template":"","format":"standard","meta":{"_acf_changed":false,"footnotes":""},"categories":[523,448],"tags":[820,975,963,1127,574,1120],"sub_site":[482],"class_list":["post-18667","post","type-post","status-publish","format-standard","has-post-thumbnail","hentry","category-etats-unis","category-non-classifiee","tag-etats-unis","tag-evenements-locaux","tag-leducation","tag-les-enfants-fr","tag-nouveau-mexique","tag-parrainage"],"acf":[],"yoast_head":"<!-- This site is optimized with the Yoast SEO plugin v27.5 - https:\/\/yoast.com\/product\/yoast-seo-wordpress\/ -->\n<title>Expo de rentr\u00e9e scolaire de Clovis 2023 - Pattern Energy<\/title>\n<meta name=\"description\" content=\"L&#039;exposition sur la rentr\u00e9e scolaire, organis\u00e9e par la chambre de commerce de Clovis\/Curry County et le d\u00e9veloppement \u00e9conomique de Clovis, s&#039;est tenue le samedi 5 ao\u00fbt au Clovis Civic Center.\" \/>\n<meta name=\"robots\" content=\"index, follow, max-snippet:-1, max-image-preview:large, max-video-preview:-1\" \/>\n<link rel=\"canonical\" href=\"https:\/\/patternenergy.com\/fr\/expo-de-rentree-scolaire-de-clovis-2023\/\" \/>\n<meta property=\"og:locale\" content=\"fr_FR\" \/>\n<meta property=\"og:type\" content=\"article\" \/>\n<meta property=\"og:title\" content=\"Expo de rentr\u00e9e scolaire de Clovis 2023\" \/>\n<meta property=\"og:description\" content=\"L&#039;exposition sur la rentr\u00e9e scolaire, organis\u00e9e par la chambre de commerce de Clovis\/Curry County et le d\u00e9veloppement \u00e9conomique de Clovis, s&#039;est tenue le samedi 5 ao\u00fbt au Clovis Civic Center.\" \/>\n<meta property=\"og:url\" content=\"https:\/\/patternenergy.com\/fr\/expo-de-rentree-scolaire-de-clovis-2023\/\" \/>\n<meta property=\"og:site_name\" content=\"Pattern Energy\" \/>\n<meta property=\"article:publisher\" content=\"https:\/\/www.facebook.com\/PatternEnergy\/\" \/>\n<meta property=\"article:published_time\" content=\"2023-08-25T22:01:12+00:00\" \/>\n<meta property=\"article:modified_time\" content=\"2026-01-19T18:39:33+00:00\" \/>\n<meta property=\"og:image\" content=\"https:\/\/patternenergy.com\/wp-content\/uploads\/2023\/08\/Back-to-School-Bash-Article-Social-Preview-1024x576.jpg\" \/>\n<meta name=\"author\" content=\"Alisa Frincke\" \/>\n<meta name=\"twitter:card\" content=\"summary_large_image\" \/>\n<meta name=\"twitter:title\" content=\"Expo de rentr\u00e9e scolaire de Clovis 2023\" \/>\n<meta name=\"twitter:description\" content=\"L&#039;exposition sur la rentr\u00e9e scolaire, organis\u00e9e par la chambre de commerce de Clovis\/Curry County et le d\u00e9veloppement \u00e9conomique de Clovis, s&#039;est tenue le samedi 5 ao\u00fbt au Clovis Civic Center.\" \/>\n<meta name=\"twitter:image\" content=\"https:\/\/patternenergy.com\/wp-content\/uploads\/2023\/08\/Back-to-School-Bash-Article-Social-Preview-1-1024x576.jpg\" \/>\n<meta name=\"twitter:label1\" content=\"\u00c9crit par\" \/>\n\t<meta name=\"twitter:data1\" content=\"Alisa Frincke\" \/>\n\t<meta name=\"twitter:label2\" content=\"Dur\u00e9e de lecture estim\u00e9e\" \/>\n\t<meta name=\"twitter:data2\" content=\"3 minutes\" \/>\n<script type=\"application\/ld+json\" class=\"yoast-schema-graph\">{\"@context\":\"https:\\\/\\\/schema.org\",\"@graph\":[{\"@type\":\"Article\",\"@id\":\"https:\\\/\\\/patternenergy.com\\\/fr\\\/expo-de-rentree-scolaire-de-clovis-2023\\\/#article\",\"isPartOf\":{\"@id\":\"https:\\\/\\\/patternenergy.com\\\/fr\\\/expo-de-rentree-scolaire-de-clovis-2023\\\/\"},\"author\":{\"name\":\"Alisa Frincke\",\"@id\":\"https:\\\/\\\/patternenergy.com\\\/fr\\\/#\\\/schema\\\/person\\\/6f7080f7c9428a32a6bbe73bf6c8e412\"},\"headline\":\"Expo de rentr\u00e9e scolaire de Clovis 2023\",\"datePublished\":\"2023-08-25T22:01:12+00:00\",\"dateModified\":\"2026-01-19T18:39:33+00:00\",\"mainEntityOfPage\":{\"@id\":\"https:\\\/\\\/patternenergy.com\\\/fr\\\/expo-de-rentree-scolaire-de-clovis-2023\\\/\"},\"wordCount\":590,\"publisher\":{\"@id\":\"https:\\\/\\\/patternenergy.com\\\/fr\\\/#organization\"},\"image\":{\"@id\":\"https:\\\/\\\/patternenergy.com\\\/fr\\\/expo-de-rentree-scolaire-de-clovis-2023\\\/#primaryimage\"},\"thumbnailUrl\":\"https:\\\/\\\/patternenergy.com\\\/wp-content\\\/uploads\\\/2023\\\/08\\\/Back-to-School-Bash-Article-Feature-blog.jpg\",\"keywords\":[\"\u00c9tats-Unis\",\"\u00c9v\u00e9nements locaux\",\"L'\u00e9ducation\",\"Les enfants\",\"Nouveau Mexique\",\"parrainage\"],\"articleSection\":[\"\u00c9tats-Unis\",\"Non classifi\u00e9(e)\"],\"inLanguage\":\"fr-FR\"},{\"@type\":\"WebPage\",\"@id\":\"https:\\\/\\\/patternenergy.com\\\/fr\\\/expo-de-rentree-scolaire-de-clovis-2023\\\/\",\"url\":\"https:\\\/\\\/patternenergy.com\\\/fr\\\/expo-de-rentree-scolaire-de-clovis-2023\\\/\",\"name\":\"Expo de rentr\u00e9e scolaire de Clovis 2023 - Pattern Energy\",\"isPartOf\":{\"@id\":\"https:\\\/\\\/patternenergy.com\\\/fr\\\/#website\"},\"primaryImageOfPage\":{\"@id\":\"https:\\\/\\\/patternenergy.com\\\/fr\\\/expo-de-rentree-scolaire-de-clovis-2023\\\/#primaryimage\"},\"image\":{\"@id\":\"https:\\\/\\\/patternenergy.com\\\/fr\\\/expo-de-rentree-scolaire-de-clovis-2023\\\/#primaryimage\"},\"thumbnailUrl\":\"https:\\\/\\\/patternenergy.com\\\/wp-content\\\/uploads\\\/2023\\\/08\\\/Back-to-School-Bash-Article-Feature-blog.jpg\",\"datePublished\":\"2023-08-25T22:01:12+00:00\",\"dateModified\":\"2026-01-19T18:39:33+00:00\",\"description\":\"L'exposition sur la rentr\u00e9e scolaire, organis\u00e9e par la chambre de commerce de Clovis\\\/Curry County et le d\u00e9veloppement \u00e9conomique de Clovis, s'est tenue le samedi 5 ao\u00fbt au Clovis Civic Center.\",\"breadcrumb\":{\"@id\":\"https:\\\/\\\/patternenergy.com\\\/fr\\\/expo-de-rentree-scolaire-de-clovis-2023\\\/#breadcrumb\"},\"inLanguage\":\"fr-FR\",\"potentialAction\":[{\"@type\":\"ReadAction\",\"target\":[\"https:\\\/\\\/patternenergy.com\\\/fr\\\/expo-de-rentree-scolaire-de-clovis-2023\\\/\"]}]},{\"@type\":\"ImageObject\",\"inLanguage\":\"fr-FR\",\"@id\":\"https:\\\/\\\/patternenergy.com\\\/fr\\\/expo-de-rentree-scolaire-de-clovis-2023\\\/#primaryimage\",\"url\":\"https:\\\/\\\/patternenergy.com\\\/wp-content\\\/uploads\\\/2023\\\/08\\\/Back-to-School-Bash-Article-Feature-blog.jpg\",\"contentUrl\":\"https:\\\/\\\/patternenergy.com\\\/wp-content\\\/uploads\\\/2023\\\/08\\\/Back-to-School-Bash-Article-Feature-blog.jpg\",\"width\":800,\"height\":800},{\"@type\":\"BreadcrumbList\",\"@id\":\"https:\\\/\\\/patternenergy.com\\\/fr\\\/expo-de-rentree-scolaire-de-clovis-2023\\\/#breadcrumb\",\"itemListElement\":[{\"@type\":\"ListItem\",\"position\":1,\"name\":\"Home\",\"item\":\"https:\\\/\\\/patternenergy.com\\\/fr\\\/\"},{\"@type\":\"ListItem\",\"position\":2,\"name\":\"Expo de rentr\u00e9e scolaire de Clovis 2023\"}]},{\"@type\":\"WebSite\",\"@id\":\"https:\\\/\\\/patternenergy.com\\\/fr\\\/#website\",\"url\":\"https:\\\/\\\/patternenergy.com\\\/fr\\\/\",\"name\":\"Pattern Energy\",\"description\":\"Nous d\u00e9veloppons, construisons, poss\u00e9dons et exploitons des projets \u00e9oliens, solaires, de transport et de stockage d'\u00e9nergie de haute qualit\u00e9 dans le monde entier.\",\"publisher\":{\"@id\":\"https:\\\/\\\/patternenergy.com\\\/fr\\\/#organization\"},\"potentialAction\":[{\"@type\":\"SearchAction\",\"target\":{\"@type\":\"EntryPoint\",\"urlTemplate\":\"https:\\\/\\\/patternenergy.com\\\/fr\\\/?s={search_term_string}\"},\"query-input\":{\"@type\":\"PropertyValueSpecification\",\"valueRequired\":true,\"valueName\":\"search_term_string\"}}],\"inLanguage\":\"fr-FR\"},{\"@type\":\"Organization\",\"@id\":\"https:\\\/\\\/patternenergy.com\\\/fr\\\/#organization\",\"name\":\"Pattern Energy\",\"url\":\"https:\\\/\\\/patternenergy.com\\\/fr\\\/\",\"logo\":{\"@type\":\"ImageObject\",\"inLanguage\":\"fr-FR\",\"@id\":\"https:\\\/\\\/patternenergy.com\\\/fr\\\/#\\\/schema\\\/logo\\\/image\\\/\",\"url\":\"https:\\\/\\\/patternenergy.com\\\/wp-content\\\/uploads\\\/2022\\\/01\\\/Pattern-Energy-Media-thumbnail-logo.jpg\",\"contentUrl\":\"https:\\\/\\\/patternenergy.com\\\/wp-content\\\/uploads\\\/2022\\\/01\\\/Pattern-Energy-Media-thumbnail-logo.jpg\",\"width\":1200,\"height\":627,\"caption\":\"Pattern Energy\"},\"image\":{\"@id\":\"https:\\\/\\\/patternenergy.com\\\/fr\\\/#\\\/schema\\\/logo\\\/image\\\/\"},\"sameAs\":[\"https:\\\/\\\/www.facebook.com\\\/PatternEnergy\\\/\",\"https:\\\/\\\/instagram.com\\\/patternenergy?utm_medium=copy_link\",\"https:\\\/\\\/www.linkedin.com\\\/company\\\/pattern-energy\",\"https:\\\/\\\/www.youtube.com\\\/user\\\/PatternEnergy?app=desktop\",\"https:\\\/\\\/web.cauze.com\\\/company\\\/293\"]},{\"@type\":\"Person\",\"@id\":\"https:\\\/\\\/patternenergy.com\\\/fr\\\/#\\\/schema\\\/person\\\/6f7080f7c9428a32a6bbe73bf6c8e412\",\"name\":\"Alisa Frincke\",\"url\":\"https:\\\/\\\/patternenergy.com\\\/fr\\\/author\\\/alisa\\\/\"}]}<\/script>\n<!-- \/ Yoast SEO plugin. -->","yoast_head_json":{"title":"Expo de rentr\u00e9e scolaire de Clovis 2023 - Pattern Energy","description":"L'exposition sur la rentr\u00e9e scolaire, organis\u00e9e par la chambre de commerce de Clovis\/Curry County et le d\u00e9veloppement \u00e9conomique de Clovis, s'est tenue le samedi 5 ao\u00fbt au Clovis Civic Center.","robots":{"index":"index","follow":"follow","max-snippet":"max-snippet:-1","max-image-preview":"max-image-preview:large","max-video-preview":"max-video-preview:-1"},"canonical":"https:\/\/patternenergy.com\/fr\/expo-de-rentree-scolaire-de-clovis-2023\/","og_locale":"fr_FR","og_type":"article","og_title":"Expo de rentr\u00e9e scolaire de Clovis 2023","og_description":"L'exposition sur la rentr\u00e9e scolaire, organis\u00e9e par la chambre de commerce de Clovis\/Curry County et le d\u00e9veloppement \u00e9conomique de Clovis, s'est tenue le samedi 5 ao\u00fbt au Clovis Civic Center.","og_url":"https:\/\/patternenergy.com\/fr\/expo-de-rentree-scolaire-de-clovis-2023\/","og_site_name":"Pattern Energy","article_publisher":"https:\/\/www.facebook.com\/PatternEnergy\/","article_published_time":"2023-08-25T22:01:12+00:00","article_modified_time":"2026-01-19T18:39:33+00:00","og_image":[{"url":"https:\/\/patternenergy.com\/wp-content\/uploads\/2023\/08\/Back-to-School-Bash-Article-Social-Preview-1024x576.jpg","type":"","width":"","height":""}],"author":"Alisa Frincke","twitter_card":"summary_large_image","twitter_title":"Expo de rentr\u00e9e scolaire de Clovis 2023","twitter_description":"L'exposition sur la rentr\u00e9e scolaire, organis\u00e9e par la chambre de commerce de Clovis\/Curry County et le d\u00e9veloppement \u00e9conomique de Clovis, s'est tenue le samedi 5 ao\u00fbt au Clovis Civic Center.","twitter_image":"https:\/\/patternenergy.com\/wp-content\/uploads\/2023\/08\/Back-to-School-Bash-Article-Social-Preview-1-1024x576.jpg","twitter_misc":{"\u00c9crit par":"Alisa Frincke","Dur\u00e9e de lecture estim\u00e9e":"3 minutes"},"schema":{"@context":"https:\/\/schema.org","@graph":[{"@type":"Article","@id":"https:\/\/patternenergy.com\/fr\/expo-de-rentree-scolaire-de-clovis-2023\/#article","isPartOf":{"@id":"https:\/\/patternenergy.com\/fr\/expo-de-rentree-scolaire-de-clovis-2023\/"},"author":{"name":"Alisa Frincke","@id":"https:\/\/patternenergy.com\/fr\/#\/schema\/person\/6f7080f7c9428a32a6bbe73bf6c8e412"},"headline":"Expo de rentr\u00e9e scolaire de Clovis 2023","datePublished":"2023-08-25T22:01:12+00:00","dateModified":"2026-01-19T18:39:33+00:00","mainEntityOfPage":{"@id":"https:\/\/patternenergy.com\/fr\/expo-de-rentree-scolaire-de-clovis-2023\/"},"wordCount":590,"publisher":{"@id":"https:\/\/patternenergy.com\/fr\/#organization"},"image":{"@id":"https:\/\/patternenergy.com\/fr\/expo-de-rentree-scolaire-de-clovis-2023\/#primaryimage"},"thumbnailUrl":"https:\/\/patternenergy.com\/wp-content\/uploads\/2023\/08\/Back-to-School-Bash-Article-Feature-blog.jpg","keywords":["\u00c9tats-Unis","\u00c9v\u00e9nements locaux","L'\u00e9ducation","Les enfants","Nouveau Mexique","parrainage"],"articleSection":["\u00c9tats-Unis","Non classifi\u00e9(e)"],"inLanguage":"fr-FR"},{"@type":"WebPage","@id":"https:\/\/patternenergy.com\/fr\/expo-de-rentree-scolaire-de-clovis-2023\/","url":"https:\/\/patternenergy.com\/fr\/expo-de-rentree-scolaire-de-clovis-2023\/","name":"Expo de rentr\u00e9e scolaire de Clovis 2023 - Pattern Energy","isPartOf":{"@id":"https:\/\/patternenergy.com\/fr\/#website"},"primaryImageOfPage":{"@id":"https:\/\/patternenergy.com\/fr\/expo-de-rentree-scolaire-de-clovis-2023\/#primaryimage"},"image":{"@id":"https:\/\/patternenergy.com\/fr\/expo-de-rentree-scolaire-de-clovis-2023\/#primaryimage"},"thumbnailUrl":"https:\/\/patternenergy.com\/wp-content\/uploads\/2023\/08\/Back-to-School-Bash-Article-Feature-blog.jpg","datePublished":"2023-08-25T22:01:12+00:00","dateModified":"2026-01-19T18:39:33+00:00","description":"L'exposition sur la rentr\u00e9e scolaire, organis\u00e9e par la chambre de commerce de Clovis\/Curry County et le d\u00e9veloppement \u00e9conomique de Clovis, s'est tenue le samedi 5 ao\u00fbt au Clovis Civic Center.","breadcrumb":{"@id":"https:\/\/patternenergy.com\/fr\/expo-de-rentree-scolaire-de-clovis-2023\/#breadcrumb"},"inLanguage":"fr-FR","potentialAction":[{"@type":"ReadAction","target":["https:\/\/patternenergy.com\/fr\/expo-de-rentree-scolaire-de-clovis-2023\/"]}]},{"@type":"ImageObject","inLanguage":"fr-FR","@id":"https:\/\/patternenergy.com\/fr\/expo-de-rentree-scolaire-de-clovis-2023\/#primaryimage","url":"https:\/\/patternenergy.com\/wp-content\/uploads\/2023\/08\/Back-to-School-Bash-Article-Feature-blog.jpg","contentUrl":"https:\/\/patternenergy.com\/wp-content\/uploads\/2023\/08\/Back-to-School-Bash-Article-Feature-blog.jpg","width":800,"height":800},{"@type":"BreadcrumbList","@id":"https:\/\/patternenergy.com\/fr\/expo-de-rentree-scolaire-de-clovis-2023\/#breadcrumb","itemListElement":[{"@type":"ListItem","position":1,"name":"Home","item":"https:\/\/patternenergy.com\/fr\/"},{"@type":"ListItem","position":2,"name":"Expo de rentr\u00e9e scolaire de Clovis 2023"}]},{"@type":"WebSite","@id":"https:\/\/patternenergy.com\/fr\/#website","url":"https:\/\/patternenergy.com\/fr\/","name":"Pattern Energy","description":"Nous d\u00e9veloppons, construisons, poss\u00e9dons et exploitons des projets \u00e9oliens, solaires, de transport et de stockage d'\u00e9nergie de haute qualit\u00e9 dans le monde entier.","publisher":{"@id":"https:\/\/patternenergy.com\/fr\/#organization"},"potentialAction":[{"@type":"SearchAction","target":{"@type":"EntryPoint","urlTemplate":"https:\/\/patternenergy.com\/fr\/?s={search_term_string}"},"query-input":{"@type":"PropertyValueSpecification","valueRequired":true,"valueName":"search_term_string"}}],"inLanguage":"fr-FR"},{"@type":"Organization","@id":"https:\/\/patternenergy.com\/fr\/#organization","name":"Pattern Energy","url":"https:\/\/patternenergy.com\/fr\/","logo":{"@type":"ImageObject","inLanguage":"fr-FR","@id":"https:\/\/patternenergy.com\/fr\/#\/schema\/logo\/image\/","url":"https:\/\/patternenergy.com\/wp-content\/uploads\/2022\/01\/Pattern-Energy-Media-thumbnail-logo.jpg","contentUrl":"https:\/\/patternenergy.com\/wp-content\/uploads\/2022\/01\/Pattern-Energy-Media-thumbnail-logo.jpg","width":1200,"height":627,"caption":"Pattern Energy"},"image":{"@id":"https:\/\/patternenergy.com\/fr\/#\/schema\/logo\/image\/"},"sameAs":["https:\/\/www.facebook.com\/PatternEnergy\/","https:\/\/instagram.com\/patternenergy?utm_medium=copy_link","https:\/\/www.linkedin.com\/company\/pattern-energy","https:\/\/www.youtube.com\/user\/PatternEnergy?app=desktop","https:\/\/web.cauze.com\/company\/293"]},{"@type":"Person","@id":"https:\/\/patternenergy.com\/fr\/#\/schema\/person\/6f7080f7c9428a32a6bbe73bf6c8e412","name":"Alisa Frincke","url":"https:\/\/patternenergy.com\/fr\/author\/alisa\/"}]}},"_links":{"self":[{"href":"https:\/\/patternenergy.com\/fr\/wp-json\/wp\/v2\/posts\/18667","targetHints":{"allow":["GET"]}}],"collection":[{"href":"https:\/\/patternenergy.com\/fr\/wp-json\/wp\/v2\/posts"}],"about":[{"href":"https:\/\/patternenergy.com\/fr\/wp-json\/wp\/v2\/types\/post"}],"author":[{"embeddable":true,"href":"https:\/\/patternenergy.com\/fr\/wp-json\/wp\/v2\/users\/3"}],"replies":[{"embeddable":true,"href":"https:\/\/patternenergy.com\/fr\/wp-json\/wp\/v2\/comments?post=18667"}],"version-history":[{"count":0,"href":"https:\/\/patternenergy.com\/fr\/wp-json\/wp\/v2\/posts\/18667\/revisions"}],"wp:featuredmedia":[{"embeddable":true,"href":"https:\/\/patternenergy.com\/fr\/wp-json\/wp\/v2\/media\/16221"}],"wp:attachment":[{"href":"https:\/\/patternenergy.com\/fr\/wp-json\/wp\/v2\/media?parent=18667"}],"wp:term":[{"taxonomy":"category","embeddable":true,"href":"https:\/\/patternenergy.com\/fr\/wp-json\/wp\/v2\/categories?post=18667"},{"taxonomy":"post_tag","embeddable":true,"href":"https:\/\/patternenergy.com\/fr\/wp-json\/wp\/v2\/tags?post=18667"},{"taxonomy":"sub_site","embeddable":true,"href":"https:\/\/patternenergy.com\/fr\/wp-json\/wp\/v2\/sub_site?post=18667"}],"curies":[{"name":"wp","href":"https:\/\/api.w.org\/{rel}","templated":true}]}}