{"id":18655,"date":"2023-10-31T11:10:44","date_gmt":"2023-10-31T16:10:44","guid":{"rendered":"https:\/\/patternenergy.com\/du-corps-des-marines-a-un-parc-eolien-au-nouveau-mexique-rencontre-avec-manuel-sosa-avalos\/"},"modified":"2026-01-19T13:39:17","modified_gmt":"2026-01-19T18:39:17","slug":"du-corps-des-marines-a-un-parc-eolien-au-nouveau-mexique-rencontre-avec-manuel-sosa-avalos","status":"publish","type":"post","link":"https:\/\/patternenergy.com\/fr\/du-corps-des-marines-a-un-parc-eolien-au-nouveau-mexique-rencontre-avec-manuel-sosa-avalos\/","title":{"rendered":"Du corps des Marines \u00e0 un parc \u00e9olien au Nouveau-Mexique : Rencontre avec Manuel Sosa Avalos"},"content":{"rendered":"<p><span style=\"font-weight: 400;\">Pattern Energy est fier de ses co\u00e9quipiers qui ont servi dans l&rsquo;arm\u00e9e am\u00e9ricaine et, \u00e0 l&rsquo;occasion de la Journ\u00e9e des anciens combattants, nous aimerions vous pr\u00e9senter Manuel Sosa Avalos. Manuel est technicien \u00e9olien en chef chez Western Spirit Wind, ancien combattant du corps des Marines des \u00c9tats-Unis et h\u00e9ros am\u00e9ricain.  <\/span><\/p>\n<div id=\"attachment_9099\" style=\"width: 2198px\" class=\"wp-caption alignnone\"><img loading=\"lazy\" decoding=\"async\" aria-describedby=\"caption-attachment-9099\" class=\"size-full wp-image-9099\" src=\"https:\/\/patternenergy.com\/wp-content\/uploads\/2023\/10\/Manuel-1.jpeg\" alt=\"\" width=\"2188\" height=\"1290\" srcset=\"https:\/\/patternenergy.com\/wp-content\/uploads\/2023\/10\/Manuel-1.jpeg 2188w, https:\/\/patternenergy.com\/wp-content\/uploads\/2023\/10\/Manuel-1-300x177.jpeg 300w, https:\/\/patternenergy.com\/wp-content\/uploads\/2023\/10\/Manuel-1-1024x604.jpeg 1024w, https:\/\/patternenergy.com\/wp-content\/uploads\/2023\/10\/Manuel-1-768x453.jpeg 768w, https:\/\/patternenergy.com\/wp-content\/uploads\/2023\/10\/Manuel-1-1536x906.jpeg 1536w, https:\/\/patternenergy.com\/wp-content\/uploads\/2023\/10\/Manuel-1-2048x1207.jpeg 2048w\" sizes=\"auto, (max-width: 2188px) 100vw, 2188px\" \/><p id=\"caption-attachment-9099\" class=\"wp-caption-text\">Manuel Sosa Avalos : Technicien en chef du vent et ancien combattant de l&rsquo;USMC<\/p><\/div>\n<p><span style=\"font-weight: 400;\">\u00ab\u00a0Ce qui compte le plus pour moi, c&rsquo;est la fraternit\u00e9 avec les gens avec qui j&rsquo;ai servi\u00a0\u00bb, a d\u00e9clar\u00e9 Sosa Avalos en r\u00e9fl\u00e9chissant. \u00ab\u00a0J&rsquo;en suis reconnaissant. Nous \u00e9tions l\u00e0 l&rsquo;un pour l&rsquo;autre \u00e0 l&rsquo;\u00e9poque, et nous sommes toujours l\u00e0 l&rsquo;un pour l&rsquo;autre aujourd&rsquo;hui\u00a0\u00bb.<\/span><\/p>\n<h3>Les d\u00e9buts de la vie<span style=\"font-weight: 400;\"><br \/>\n<\/span><\/h3>\n<p><span style=\"font-weight: 400;\">Manuel est n\u00e9 \u00e0 Juarez, au Mexique. En 1996, sa famille a immigr\u00e9 \u00e0 Chaparral, au Nouveau-Mexique.  <\/span><\/p>\n<p><span style=\"font-weight: 400;\">\u00ab\u00a0Apr\u00e8s avoir obtenu mon dipl\u00f4me de fin d&rsquo;\u00e9tudes secondaires en 2007, j&rsquo;ai pass\u00e9 une ann\u00e9e \u00e0 l&rsquo;universit\u00e9 d&rsquo;\u00c9tat du Nouveau-Mexique, mais j&rsquo;ai toujours \u00e9t\u00e9 attir\u00e9 par le corps des Marines\u00a0\u00bb, explique Manuel. Je me suis engag\u00e9 en 2008&Prime;.<\/span><\/p>\n<p><img loading=\"lazy\" decoding=\"async\" class=\"wp-image-9105 aligncenter\" src=\"https:\/\/patternenergy.com\/wp-content\/uploads\/2023\/10\/Manuel-marine-3.jpeg\" alt=\"\" width=\"476\" height=\"777\" srcset=\"https:\/\/patternenergy.com\/wp-content\/uploads\/2023\/10\/Manuel-marine-3.jpeg 1290w, https:\/\/patternenergy.com\/wp-content\/uploads\/2023\/10\/Manuel-marine-3-184x300.jpeg 184w, https:\/\/patternenergy.com\/wp-content\/uploads\/2023\/10\/Manuel-marine-3-627x1024.jpeg 627w, https:\/\/patternenergy.com\/wp-content\/uploads\/2023\/10\/Manuel-marine-3-768x1254.jpeg 768w, https:\/\/patternenergy.com\/wp-content\/uploads\/2023\/10\/Manuel-marine-3-941x1536.jpeg 941w, https:\/\/patternenergy.com\/wp-content\/uploads\/2023\/10\/Manuel-marine-3-1254x2048.jpeg 1254w\" sizes=\"auto, (max-width: 476px) 100vw, 476px\" \/><\/p>\n<p><span style=\"font-weight: 400;\">Il a ensuite servi pendant quatre ans dans le corps des Marines. Lorsqu&rsquo;on lui demande pourquoi il s&rsquo;est engag\u00e9 dans les Marines plut\u00f4t que dans une autre branche de l&rsquo;arm\u00e9e, il r\u00e9pond : \u00ab\u00a0J&rsquo;ai toujours pens\u00e9 que le corps des Marines avait les plus beaux uniformes. J&rsquo;ai toujours pens\u00e9 que les uniformes du corps des Marines \u00e9taient les plus beaux, et que l&rsquo;histoire et la l\u00e9gende des Marines me plaisaient. Tout cela m&rsquo;attirait\u00a0\u00bb.<\/span><\/p>\n<h3>Corps des Marines des \u00c9tats-Unis<\/h3>\n<p><span style=\"font-weight: 400;\">Manuel a servi dans l&rsquo;infanterie, 1er Bataillon, 5\u00e8me Marines, cat\u00e9gorie 0341, tireur de mortier.<\/span><\/p>\n<p><span style=\"font-weight: 400;\">\u00ab\u00a0Ce qui compte le plus pour moi, c&rsquo;est la fraternit\u00e9 avec les personnes avec lesquelles j&rsquo;ai servi\u00a0\u00bb, a-t-il d\u00e9clar\u00e9. \u00ab\u00a0J&rsquo;en suis reconnaissant. Nous \u00e9tions l\u00e0 l&rsquo;un pour l&rsquo;autre \u00e0 l&rsquo;\u00e9poque, et nous sommes toujours l\u00e0 l&rsquo;un pour l&rsquo;autre aujourd&rsquo;hui.  <\/span><span style=\"font-weight: 400;\"><br \/>\n<\/span><span style=\"font-weight: 400;\"><br \/>\n<\/span><span style=\"font-weight: 400;\">\u00ab\u00a0Vous n&rsquo;obtiendrez ce type de lien nulle part ailleurs.<\/span><span style=\"font-weight: 400;\"><br \/>\n<\/span><span style=\"font-weight: 400;\"><br \/>\n<\/span><span style=\"font-weight: 400;\">Manuel appr\u00e9cie \u00e9galement les occasions uniques qu&rsquo;il a eues de travailler avec des \u00e9quipements de haute technologie. \u00ab\u00a0Dans le corps des Marines, nous nous entra\u00eenons avec des armes et des \u00e9quipements de pointe que la plupart des gens ne verront jamais de leur vie.<\/span><\/p>\n<div id=\"attachment_9104\" style=\"width: 2570px\" class=\"wp-caption alignnone\"><img loading=\"lazy\" decoding=\"async\" aria-describedby=\"caption-attachment-9104\" class=\"size-full wp-image-9104\" src=\"https:\/\/patternenergy.com\/wp-content\/uploads\/2023\/10\/Manuel-Marine-2-scaled.jpeg\" alt=\"\" width=\"2560\" height=\"1801\" srcset=\"https:\/\/patternenergy.com\/wp-content\/uploads\/2023\/10\/Manuel-Marine-2-scaled.jpeg 2560w, https:\/\/patternenergy.com\/wp-content\/uploads\/2023\/10\/Manuel-Marine-2-300x211.jpeg 300w, https:\/\/patternenergy.com\/wp-content\/uploads\/2023\/10\/Manuel-Marine-2-1024x720.jpeg 1024w, https:\/\/patternenergy.com\/wp-content\/uploads\/2023\/10\/Manuel-Marine-2-768x540.jpeg 768w, https:\/\/patternenergy.com\/wp-content\/uploads\/2023\/10\/Manuel-Marine-2-1536x1080.jpeg 1536w, https:\/\/patternenergy.com\/wp-content\/uploads\/2023\/10\/Manuel-Marine-2-2048x1441.jpeg 2048w\" sizes=\"auto, (max-width: 2560px) 100vw, 2560px\" \/><p id=\"caption-attachment-9104\" class=\"wp-caption-text\">Dans toutes les branches de l&rsquo;arm\u00e9e am\u00e9ricaine, le travail d&rsquo;\u00e9quipe est la cl\u00e9 du succ\u00e8s.<\/p><\/div>\n<h3>Marine am\u00e9ricaine en d\u00e9ploiement<\/h3>\n<p><span style=\"font-weight: 400;\">Apr\u00e8s sa formation, Manuel a \u00e9t\u00e9 d\u00e9ploy\u00e9 trois fois en quatre ans, effectuant deux missions en Asie du Sud-Est et une en Afghanistan en tant que volontaire.  <\/span><\/p>\n<p><span style=\"font-weight: 400;\">\u00ab\u00a0Nous avons \u00e9t\u00e9 d\u00e9ploy\u00e9s en Asie du Sud-Est en 2009 pendant sept ou huit mois, et nous avons tous pass\u00e9 de tr\u00e8s bons moments. Les gens que nous avons rencontr\u00e9s au Japon, aux Philippines et ailleurs n&rsquo;auraient pas pu \u00eatre plus amicaux, et cela m&rsquo;a ouvert les yeux. J&rsquo;ai rencontr\u00e9 des gens que je n&rsquo;aurais jamais rencontr\u00e9s, j&rsquo;ai mang\u00e9 des plats d\u00e9licieux et j&rsquo;ai pu d\u00e9couvrir les cultures d&rsquo;autres pays.<\/span><span style=\"font-weight: 400;\"><br \/>\n<\/span><span style=\"font-weight: 400;\"><br \/>\n<\/span><span style=\"font-weight: 400;\">\u00ab\u00a0Notre deuxi\u00e8me d\u00e9ploiement en Asie du Sud-Est a eu lieu en 2011\u00a0\u00bb, a-t-il d\u00e9clar\u00e9. \u00ab\u00a0Pendant que nous \u00e9tions l\u00e0-bas, Fukushima s&rsquo;est produit.<\/span><\/p>\n<p><span style=\"font-weight: 400;\">Le 11 mars 2011, les effets combin\u00e9s du tremblement de terre et du tsunami de Tohoku ont provoqu\u00e9 une d\u00e9faillance du r\u00e9seau \u00e9lectrique japonais, ce qui a entra\u00een\u00e9 la fusion de trois r\u00e9acteurs nucl\u00e9aires \u00e0 Fukushima, au Japon.  <\/span><span style=\"font-weight: 400;\"><br \/>\n<\/span><span style=\"font-weight: 400;\"><br \/>\n<\/span><span style=\"font-weight: 400;\">\u00ab\u00a0Nous \u00e9tions au Cambodge lorsque Fukushima a frapp\u00e9\u00a0\u00bb, a d\u00e9clar\u00e9 Sosa Avalos, \u00ab\u00a0et nous avons imm\u00e9diatement embarqu\u00e9 pour l&rsquo;\u00eele d&rsquo;Oshima Highland afin de faire du travail humanitaire et d&rsquo;aider nos amis japonais\u00a0\u00bb.<\/span><\/p>\n<p><img loading=\"lazy\" decoding=\"async\" class=\"alignnone size-full wp-image-9103\" src=\"https:\/\/patternenergy.com\/wp-content\/uploads\/2023\/10\/Manuel-Marine-1-scaled.jpeg\" alt=\"\" width=\"2560\" height=\"1750\" srcset=\"https:\/\/patternenergy.com\/wp-content\/uploads\/2023\/10\/Manuel-Marine-1-scaled.jpeg 2560w, https:\/\/patternenergy.com\/wp-content\/uploads\/2023\/10\/Manuel-Marine-1-300x205.jpeg 300w, https:\/\/patternenergy.com\/wp-content\/uploads\/2023\/10\/Manuel-Marine-1-1024x700.jpeg 1024w, https:\/\/patternenergy.com\/wp-content\/uploads\/2023\/10\/Manuel-Marine-1-768x525.jpeg 768w, https:\/\/patternenergy.com\/wp-content\/uploads\/2023\/10\/Manuel-Marine-1-1536x1050.jpeg 1536w, https:\/\/patternenergy.com\/wp-content\/uploads\/2023\/10\/Manuel-Marine-1-2048x1400.jpeg 2048w\" sizes=\"auto, (max-width: 2560px) 100vw, 2560px\" \/><\/p>\n<h3>Sangin, province de Helmand, Afghanistan<\/h3>\n<p><b><\/b><span style=\"font-weight: 400;\">Une fois leur d\u00e9ploiement termin\u00e9<\/span><b>, <\/b><span style=\"font-weight: 400;\">2nd Battalion, 5th Marines sont rentr\u00e9s \u00e0 Camp Pendleton, en Californie, et une surprise les attendait.<\/span><span style=\"font-weight: 400;\"><br \/>\n<\/span><span style=\"font-weight: 400;\"><br \/>\n<\/span><span style=\"font-weight: 400;\">\u00ab\u00a0Le 1er bataillon du 5e r\u00e9giment de marines a particip\u00e9 \u00e0 la bataille de Sangin\u00a0\u00bb, a d\u00e9clar\u00e9 le lieutenant-colonel Manuel. \u00ab\u00a0Ils ont subi des pertes et avaient besoin de volontaires pr\u00eats \u00e0 se d\u00e9ployer en Afghanistan et \u00e0 combler les vides au sein de l&rsquo;unit\u00e9.<\/span><span style=\"font-weight: 400;\"><br \/>\n<\/span><span style=\"font-weight: 400;\"><br \/>\n<\/span><span style=\"font-weight: 400;\">La bataille de Sangin en 2010 est largement consid\u00e9r\u00e9e par les \u00c9tats-Unis et le Royaume-Uni comme l&rsquo;un des champs de bataille les plus sanglants en Afghanistan.  <\/span><span style=\"font-weight: 400;\"><br \/>\n<\/span><span style=\"font-weight: 400;\"><br \/>\n<\/span><span style=\"font-weight: 400;\">Manuel a dit qu&rsquo;il n&rsquo;avait pas h\u00e9sit\u00e9. \u00ab\u00a0Je me suis port\u00e9 volontaire et j&rsquo;ai \u00e9t\u00e9 envoy\u00e9 dans la vall\u00e9e de Sangin, dans la province d&rsquo;Helmand. La vall\u00e9e de Sangin \u00e9tait difficile.  <\/span><span style=\"font-weight: 400;\"><br \/>\n<\/span><span style=\"font-weight: 400;\"><br \/>\n<\/span><span style=\"font-weight: 400;\">Le 1er bataillon du 5e r\u00e9giment de marines a particip\u00e9 \u00e0 des combats pendant son d\u00e9ploiement, et Manuel est heureux d&rsquo;\u00eatre rentr\u00e9 chez lui indemne.<\/span><\/p>\n<p><span style=\"font-weight: 400;\">\u00ab\u00a0Mentalement, une telle exp\u00e9rience reste grav\u00e9e dans votre m\u00e9moire\u00a0\u00bb, a-t-il d\u00e9clar\u00e9.  <\/span><\/p>\n<div id=\"attachment_9101\" style=\"width: 2301px\" class=\"wp-caption alignnone\"><img loading=\"lazy\" decoding=\"async\" aria-describedby=\"caption-attachment-9101\" class=\"size-full wp-image-9101\" src=\"https:\/\/patternenergy.com\/wp-content\/uploads\/2023\/10\/Manuel-3.jpeg\" alt=\"\" width=\"2291\" height=\"1290\" srcset=\"https:\/\/patternenergy.com\/wp-content\/uploads\/2023\/10\/Manuel-3.jpeg 2291w, https:\/\/patternenergy.com\/wp-content\/uploads\/2023\/10\/Manuel-3-300x169.jpeg 300w, https:\/\/patternenergy.com\/wp-content\/uploads\/2023\/10\/Manuel-3-1024x577.jpeg 1024w, https:\/\/patternenergy.com\/wp-content\/uploads\/2023\/10\/Manuel-3-768x432.jpeg 768w, https:\/\/patternenergy.com\/wp-content\/uploads\/2023\/10\/Manuel-3-1536x865.jpeg 1536w, https:\/\/patternenergy.com\/wp-content\/uploads\/2023\/10\/Manuel-3-2048x1153.jpeg 2048w\" sizes=\"auto, (max-width: 2291px) 100vw, 2291px\" \/><p id=\"caption-attachment-9101\" class=\"wp-caption-text\">R\u00e9union d&rsquo;\u00e9quipe \u00e0 Pattern Energy<\/p><\/div>\n<h3>Garde nationale, vie civile et \u00e9nergie mod\u00e8le<br \/>\n<b><\/b><\/h3>\n<p><span style=\"font-weight: 400;\">Apr\u00e8s quatre ans dans le corps des Marines, Manuel est rentr\u00e9 au Nouveau-Mexique, mais n&rsquo;a pas eu l&rsquo;impression que son service \u00e9tait termin\u00e9. Il a rejoint la Garde nationale de l&rsquo;arm\u00e9e am\u00e9ricaine de 2013 \u00e0 2015.<\/span><span style=\"font-weight: 400;\"><br \/>\n<\/span><span style=\"font-weight: 400;\"><br \/>\n<\/span><span style=\"font-weight: 400;\">Quelques ann\u00e9es plus tard, il a commenc\u00e9 \u00e0 travailler pour une soci\u00e9t\u00e9 d&rsquo;\u00e9nergie en tant que contractant, \u00e0 l&rsquo;usine de Pattern Energy. <\/span><a href=\"https:\/\/patternenergy.com\/es\/projects\/parque-eolico-amazon-fowler-ridge\/\"><span style=\"font-weight: 400;\">parc \u00e9olien Amazon Wind Farm Fowler Ridge<\/span><\/a><span style=\"font-weight: 400;\"> de Pattern Energy dans l&rsquo;Indiana.<\/span><span style=\"font-weight: 400;\"><br \/>\n<\/span><span style=\"font-weight: 400;\"><br \/>\n<\/span><span style=\"font-weight: 400;\">Quelques ann\u00e9es plus tard, il a d\u00e9m\u00e9nag\u00e9 au Texas pour travailler chez Pattern Energy&rsquo;s <\/span><a href=\"https:\/\/patternenergy.com\/fr\/repowering-wind-turbines-for-texas-en-anglais\/\"><span style=\"font-weight: 400;\">Gulf Wind de Pattern Energy pour soutenir son projet de repowering<\/span><\/a><span style=\"font-weight: 400;\">. <\/span> <span style=\"font-weight: 400;\"><br \/>\n<\/span><span style=\"font-weight: 400;\"><br \/>\n<\/span><span style=\"font-weight: 400;\">Manuel a d\u00e9clar\u00e9 qu&rsquo;il avait toujours aim\u00e9 travailler avec les personnes qu&rsquo;il avait rencontr\u00e9es chez Pattern.  <\/span><span style=\"font-weight: 400;\"><br \/>\n<\/span><span style=\"font-weight: 400;\"><br \/>\n<\/span><span style=\"font-weight: 400;\">\u00ab\u00a0Apr\u00e8s cela, je suis devenu entrepreneur pour Pattern\u00a0\u00bb, dit-il, \u00ab\u00a0et lorsque j&rsquo;ai vu l&rsquo;offre d&#8217;emploi pour rejoindre la soci\u00e9t\u00e9 en tant qu&#8217;employ\u00e9, j&rsquo;ai fonc\u00e9 et je ne pouvais pas \u00eatre plus heureux\u00a0\u00bb.<\/span><\/p>\n<h3>Comment le fait d&rsquo;\u00eatre un ancien combattant peut se traduire par une carri\u00e8re dans le domaine des \u00e9nergies renouvelables<\/h3>\n<p><span style=\"font-weight: 400;\">Manuel a d\u00e9clar\u00e9 que son travail en tant que technicien en chef de l&rsquo;\u00e9nergie \u00e9olienne pr\u00e9sentait des similitudes avec sa p\u00e9riode dans le corps des Marines.  <\/span><\/p>\n<p><span style=\"font-weight: 400;\">\u00ab\u00a0Dans les Marines, nous recevions une mission, nous \u00e9tablissions un plan et nous \u00e9tions pr\u00eats \u00e0 l&rsquo;accomplir\u00a0\u00bb, a-t-il d\u00e9clar\u00e9. \u00ab\u00a0Il y a un dicton qui dit qu&rsquo;aucun plan de bataille ne survit au premier contact avec l&rsquo;ennemi, ce qui signifie que lorsque les choses changent sans pr\u00e9venir, il faut s&rsquo;adapter.  <\/span><span style=\"font-weight: 400;\"><br \/>\n<\/span><span style=\"font-weight: 400;\"><br \/>\n<\/span><span style=\"font-weight: 400;\">\u00ab\u00a0En travaillant chez Pattern Energy, nous devons tous \u00eatre pr\u00eats \u00e0 nous adapter. Nous tenons une r\u00e9union d&rsquo;\u00e9quipe le matin, nous \u00e9tablissons notre plan pour la journ\u00e9e et nous nous mettons en route pour atteindre les objectifs de la journ\u00e9e quand, soudain, les choses peuvent changer. Dans les sc\u00e9narios o\u00f9 les choses changent rapidement, quel  <\/span><i><span style=\"font-weight: 400;\">\u00e9tait  <\/span><\/i><span style=\"font-weight: 400;\">votre mission n&rsquo;est plus la mission. Aujourd&rsquo;hui, le  <\/span><i><span style=\"font-weight: 400;\">nouvelle mission <\/span><\/i><span style=\"font-weight: 400;\">est la mission, car nous devons nous adapter aux conditions m\u00e9t\u00e9orologiques, aux probl\u00e8mes techniques, etc.<\/span><span style=\"font-weight: 400;\"><br \/>\n<\/span><span style=\"font-weight: 400;\"><br \/>\n<\/span><span style=\"font-weight: 400;\">Selon Manuel, travailler dans une installation de production d&rsquo;\u00e9nergie renouvelable est assez semblable \u00e0 faire partie du corps des Marines. \u00ab\u00a0Nous sommes une \u00e9quipe et nous nous entraidons. Je sais que mon \u00e9quipe chez Pattern Energy me soutient comme je soutiens la leur. En \u00e9tant capables de s&rsquo;adapter, de travailler ensemble et de rester motiv\u00e9s, nous pouvons r\u00e9ussir et je suis fi\u00e8re de faire partie de cette \u00e9quipe.<\/span><\/p>\n<div id=\"attachment_9100\" style=\"width: 2356px\" class=\"wp-caption alignnone\"><img loading=\"lazy\" decoding=\"async\" aria-describedby=\"caption-attachment-9100\" class=\"size-full wp-image-9100\" src=\"https:\/\/patternenergy.com\/wp-content\/uploads\/2023\/10\/Manuel-2.jpeg\" alt=\"\" width=\"2346\" height=\"1290\" srcset=\"https:\/\/patternenergy.com\/wp-content\/uploads\/2023\/10\/Manuel-2.jpeg 2346w, https:\/\/patternenergy.com\/wp-content\/uploads\/2023\/10\/Manuel-2-300x165.jpeg 300w, https:\/\/patternenergy.com\/wp-content\/uploads\/2023\/10\/Manuel-2-1024x563.jpeg 1024w, https:\/\/patternenergy.com\/wp-content\/uploads\/2023\/10\/Manuel-2-768x422.jpeg 768w, https:\/\/patternenergy.com\/wp-content\/uploads\/2023\/10\/Manuel-2-1536x845.jpeg 1536w, https:\/\/patternenergy.com\/wp-content\/uploads\/2023\/10\/Manuel-2-2048x1126.jpeg 2048w\" sizes=\"auto, (max-width: 2346px) 100vw, 2346px\" \/><p id=\"caption-attachment-9100\" class=\"wp-caption-text\">Sur le lieu de travail \u00e0 Pattern Energy<\/p><\/div>\n<h3>L&rsquo;engagement de Pattern Energy en faveur des v\u00e9t\u00e9rans<b><br \/>\n<\/b><\/h3>\n<p><span style=\"font-weight: 400;\">\u00ab\u00a0Je ne suis pas le seul v\u00e9t\u00e9ran de mon \u00e9quipe\u00a0\u00bb, a d\u00e9clar\u00e9 Manuel. \u00ab\u00a0Nous avons Porf Mancha, un technicien \u00e9olien en chef, et Scott Ross, notre directeur d&rsquo;installation pour Western Spirit Wind. Tous deux ont \u00e9galement servi dans les Marines\u00a0\u00bb.<\/span><\/p>\n<p><span style=\"font-weight: 400;\">Pattern Energy est fier des membres de son \u00e9quipe qui ont servi dans l&rsquo;arm\u00e9e, et nous sommes fiers de partager l&rsquo;histoire de Manuel avec vous tous.  <\/span><span style=\"font-weight: 400;\"><br \/>\n<\/span><span style=\"font-weight: 400;\"><br \/>\n<\/span><span style=\"font-weight: 400;\">En cette journ\u00e9e des v\u00e9t\u00e9rans, nous esp\u00e9rons que chacun prendra le temps de remercier les hommes et les femmes qui ont servi notre nation.<\/span><\/p>\n<p><img loading=\"lazy\" decoding=\"async\" class=\"alignnone wp-image-9106\" src=\"https:\/\/patternenergy.com\/wp-content\/uploads\/2023\/10\/Manuel-with-Team.jpeg\" alt=\"\" width=\"915\" height=\"686\" srcset=\"https:\/\/patternenergy.com\/wp-content\/uploads\/2023\/10\/Manuel-with-Team.jpeg 480w, https:\/\/patternenergy.com\/wp-content\/uploads\/2023\/10\/Manuel-with-Team-300x225.jpeg 300w\" sizes=\"auto, (max-width: 915px) 100vw, 915px\" \/><\/p>\n","protected":false},"excerpt":{"rendered":"<p>Pattern Energy est fier de ses co\u00e9quipiers qui ont servi dans l&rsquo;arm\u00e9e am\u00e9ricaine et, \u00e0 l&rsquo;occasion de la Journ\u00e9e des anciens combattants, nous aimerions vous pr\u00e9senter Manuel Sosa Avalos. Manuel est technicien \u00e9olien en chef chez Western Spirit Wind, ancien combattant du corps des Marines des \u00c9tats-Unis et h\u00e9ros am\u00e9ricain. \u00ab\u00a0Ce qui compte le plus [&hellip;]<\/p>\n","protected":false},"author":3,"featured_media":16571,"comment_status":"closed","ping_status":"closed","sticky":false,"template":"","format":"standard","meta":{"_acf_changed":false,"footnotes":""},"categories":[537,523,657,448,536],"tags":[820,1098,605,574,695],"sub_site":[],"class_list":["post-18655","post","type-post","status-publish","format-standard","has-post-thumbnail","hentry","category-carrieres","category-etats-unis","category-histoires-de-lenergie-des-patrons","category-non-classifiee","category-personnes-a-patrons","tag-etats-unis","tag-la-population-locale","tag-les-veterans","tag-nouveau-mexique","tag-vent-de-lesprit-occidental"],"acf":[],"yoast_head":"<!-- This site is optimized with the Yoast SEO plugin v27.5 - https:\/\/yoast.com\/product\/yoast-seo-wordpress\/ -->\n<title>Du corps des Marines \u00e0 un parc \u00e9olien au Nouveau-Mexique : Rencontre avec Manuel Sosa Avalos - Pattern Energy<\/title>\n<meta name=\"description\" content=\"Manuel Sosa Avalos est technicien \u00e9olien en chef chez Western Spirit Wind, ancien combattant du corps des Marines des \u00c9tats-Unis et h\u00e9ros am\u00e9ricain. Pattern Energy est fi\u00e8re de rendre hommage \u00e0 des v\u00e9t\u00e9rans comme Manuel.\" \/>\n<meta name=\"robots\" content=\"index, follow, max-snippet:-1, max-image-preview:large, max-video-preview:-1\" \/>\n<link rel=\"canonical\" href=\"https:\/\/patternenergy.com\/fr\/du-corps-des-marines-a-un-parc-eolien-au-nouveau-mexique-rencontre-avec-manuel-sosa-avalos\/\" \/>\n<meta property=\"og:locale\" content=\"fr_FR\" \/>\n<meta property=\"og:type\" content=\"article\" \/>\n<meta property=\"og:title\" content=\"Du corps des Marines \u00e0 un parc \u00e9olien au Nouveau-Mexique : Rencontre avec Manuel Sosa Avalos\" \/>\n<meta property=\"og:description\" content=\"Aujourd&#039;hui, nous saluons Manuel Sosa Avalos, qui a servi dans les Marines et qui contribue aujourd&#039;hui au bon fonctionnement de notre installation \u00e9olienne. Rejoignez-nous pour honorer son d\u00e9vouement \u00e0 notre pays et aux \u00e9nergies renouvelables. #VeteransDay\" \/>\n<meta property=\"og:url\" content=\"https:\/\/patternenergy.com\/fr\/du-corps-des-marines-a-un-parc-eolien-au-nouveau-mexique-rencontre-avec-manuel-sosa-avalos\/\" \/>\n<meta property=\"og:site_name\" content=\"Pattern Energy\" \/>\n<meta property=\"article:publisher\" content=\"https:\/\/www.facebook.com\/PatternEnergy\/\" \/>\n<meta property=\"article:published_time\" content=\"2023-10-31T16:10:44+00:00\" \/>\n<meta property=\"article:modified_time\" content=\"2026-01-19T18:39:17+00:00\" \/>\n<meta property=\"og:image\" content=\"https:\/\/patternenergy.com\/wp-content\/uploads\/2023\/10\/Following-a-Veteran-Wind-Tech-Social-Preview-1024x576.jpg\" \/>\n<meta name=\"author\" content=\"Alisa Frincke\" \/>\n<meta name=\"twitter:card\" content=\"summary_large_image\" \/>\n<meta name=\"twitter:label1\" content=\"\u00c9crit par\" \/>\n\t<meta name=\"twitter:data1\" content=\"Alisa Frincke\" \/>\n\t<meta name=\"twitter:label2\" content=\"Dur\u00e9e de lecture estim\u00e9e\" \/>\n\t<meta name=\"twitter:data2\" content=\"7 minutes\" \/>\n<script type=\"application\/ld+json\" class=\"yoast-schema-graph\">{\"@context\":\"https:\\\/\\\/schema.org\",\"@graph\":[{\"@type\":\"Article\",\"@id\":\"https:\\\/\\\/patternenergy.com\\\/fr\\\/du-corps-des-marines-a-un-parc-eolien-au-nouveau-mexique-rencontre-avec-manuel-sosa-avalos\\\/#article\",\"isPartOf\":{\"@id\":\"https:\\\/\\\/patternenergy.com\\\/fr\\\/du-corps-des-marines-a-un-parc-eolien-au-nouveau-mexique-rencontre-avec-manuel-sosa-avalos\\\/\"},\"author\":{\"name\":\"Alisa Frincke\",\"@id\":\"https:\\\/\\\/patternenergy.com\\\/fr\\\/#\\\/schema\\\/person\\\/6f7080f7c9428a32a6bbe73bf6c8e412\"},\"headline\":\"Du corps des Marines \u00e0 un parc \u00e9olien au Nouveau-Mexique : Rencontre avec Manuel Sosa Avalos\",\"datePublished\":\"2023-10-31T16:10:44+00:00\",\"dateModified\":\"2026-01-19T18:39:17+00:00\",\"mainEntityOfPage\":{\"@id\":\"https:\\\/\\\/patternenergy.com\\\/fr\\\/du-corps-des-marines-a-un-parc-eolien-au-nouveau-mexique-rencontre-avec-manuel-sosa-avalos\\\/\"},\"wordCount\":1430,\"publisher\":{\"@id\":\"https:\\\/\\\/patternenergy.com\\\/fr\\\/#organization\"},\"image\":{\"@id\":\"https:\\\/\\\/patternenergy.com\\\/fr\\\/du-corps-des-marines-a-un-parc-eolien-au-nouveau-mexique-rencontre-avec-manuel-sosa-avalos\\\/#primaryimage\"},\"thumbnailUrl\":\"https:\\\/\\\/patternenergy.com\\\/wp-content\\\/uploads\\\/2023\\\/10\\\/Following-a-Veteran-Wind-Tech-Feature-Blog.jpg\",\"keywords\":[\"\u00c9tats-Unis\",\"La population locale\",\"Les v\u00e9t\u00e9rans\",\"Nouveau Mexique\",\"Vent de l'esprit occidental\"],\"articleSection\":[\"Carri\u00e8res\",\"\u00c9tats-Unis\",\"Histoires de l'\u00e9nergie des patrons\",\"Non classifi\u00e9(e)\",\"Personnes \u00e0 patrons\"],\"inLanguage\":\"fr-FR\"},{\"@type\":\"WebPage\",\"@id\":\"https:\\\/\\\/patternenergy.com\\\/fr\\\/du-corps-des-marines-a-un-parc-eolien-au-nouveau-mexique-rencontre-avec-manuel-sosa-avalos\\\/\",\"url\":\"https:\\\/\\\/patternenergy.com\\\/fr\\\/du-corps-des-marines-a-un-parc-eolien-au-nouveau-mexique-rencontre-avec-manuel-sosa-avalos\\\/\",\"name\":\"Du corps des Marines \u00e0 un parc \u00e9olien au Nouveau-Mexique : Rencontre avec Manuel Sosa Avalos - Pattern Energy\",\"isPartOf\":{\"@id\":\"https:\\\/\\\/patternenergy.com\\\/fr\\\/#website\"},\"primaryImageOfPage\":{\"@id\":\"https:\\\/\\\/patternenergy.com\\\/fr\\\/du-corps-des-marines-a-un-parc-eolien-au-nouveau-mexique-rencontre-avec-manuel-sosa-avalos\\\/#primaryimage\"},\"image\":{\"@id\":\"https:\\\/\\\/patternenergy.com\\\/fr\\\/du-corps-des-marines-a-un-parc-eolien-au-nouveau-mexique-rencontre-avec-manuel-sosa-avalos\\\/#primaryimage\"},\"thumbnailUrl\":\"https:\\\/\\\/patternenergy.com\\\/wp-content\\\/uploads\\\/2023\\\/10\\\/Following-a-Veteran-Wind-Tech-Feature-Blog.jpg\",\"datePublished\":\"2023-10-31T16:10:44+00:00\",\"dateModified\":\"2026-01-19T18:39:17+00:00\",\"description\":\"Manuel Sosa Avalos est technicien \u00e9olien en chef chez Western Spirit Wind, ancien combattant du corps des Marines des \u00c9tats-Unis et h\u00e9ros am\u00e9ricain. Pattern Energy est fi\u00e8re de rendre hommage \u00e0 des v\u00e9t\u00e9rans comme Manuel.\",\"breadcrumb\":{\"@id\":\"https:\\\/\\\/patternenergy.com\\\/fr\\\/du-corps-des-marines-a-un-parc-eolien-au-nouveau-mexique-rencontre-avec-manuel-sosa-avalos\\\/#breadcrumb\"},\"inLanguage\":\"fr-FR\",\"potentialAction\":[{\"@type\":\"ReadAction\",\"target\":[\"https:\\\/\\\/patternenergy.com\\\/fr\\\/du-corps-des-marines-a-un-parc-eolien-au-nouveau-mexique-rencontre-avec-manuel-sosa-avalos\\\/\"]}]},{\"@type\":\"ImageObject\",\"inLanguage\":\"fr-FR\",\"@id\":\"https:\\\/\\\/patternenergy.com\\\/fr\\\/du-corps-des-marines-a-un-parc-eolien-au-nouveau-mexique-rencontre-avec-manuel-sosa-avalos\\\/#primaryimage\",\"url\":\"https:\\\/\\\/patternenergy.com\\\/wp-content\\\/uploads\\\/2023\\\/10\\\/Following-a-Veteran-Wind-Tech-Feature-Blog.jpg\",\"contentUrl\":\"https:\\\/\\\/patternenergy.com\\\/wp-content\\\/uploads\\\/2023\\\/10\\\/Following-a-Veteran-Wind-Tech-Feature-Blog.jpg\",\"width\":800,\"height\":800},{\"@type\":\"BreadcrumbList\",\"@id\":\"https:\\\/\\\/patternenergy.com\\\/fr\\\/du-corps-des-marines-a-un-parc-eolien-au-nouveau-mexique-rencontre-avec-manuel-sosa-avalos\\\/#breadcrumb\",\"itemListElement\":[{\"@type\":\"ListItem\",\"position\":1,\"name\":\"Home\",\"item\":\"https:\\\/\\\/patternenergy.com\\\/fr\\\/\"},{\"@type\":\"ListItem\",\"position\":2,\"name\":\"Du corps des Marines \u00e0 un parc \u00e9olien au Nouveau-Mexique : Rencontre avec Manuel Sosa Avalos\"}]},{\"@type\":\"WebSite\",\"@id\":\"https:\\\/\\\/patternenergy.com\\\/fr\\\/#website\",\"url\":\"https:\\\/\\\/patternenergy.com\\\/fr\\\/\",\"name\":\"Pattern Energy\",\"description\":\"Nous d\u00e9veloppons, construisons, poss\u00e9dons et exploitons des projets \u00e9oliens, solaires, de transport et de stockage d'\u00e9nergie de haute qualit\u00e9 dans le monde entier.\",\"publisher\":{\"@id\":\"https:\\\/\\\/patternenergy.com\\\/fr\\\/#organization\"},\"potentialAction\":[{\"@type\":\"SearchAction\",\"target\":{\"@type\":\"EntryPoint\",\"urlTemplate\":\"https:\\\/\\\/patternenergy.com\\\/fr\\\/?s={search_term_string}\"},\"query-input\":{\"@type\":\"PropertyValueSpecification\",\"valueRequired\":true,\"valueName\":\"search_term_string\"}}],\"inLanguage\":\"fr-FR\"},{\"@type\":\"Organization\",\"@id\":\"https:\\\/\\\/patternenergy.com\\\/fr\\\/#organization\",\"name\":\"Pattern Energy\",\"url\":\"https:\\\/\\\/patternenergy.com\\\/fr\\\/\",\"logo\":{\"@type\":\"ImageObject\",\"inLanguage\":\"fr-FR\",\"@id\":\"https:\\\/\\\/patternenergy.com\\\/fr\\\/#\\\/schema\\\/logo\\\/image\\\/\",\"url\":\"https:\\\/\\\/patternenergy.com\\\/wp-content\\\/uploads\\\/2022\\\/01\\\/Pattern-Energy-Media-thumbnail-logo.jpg\",\"contentUrl\":\"https:\\\/\\\/patternenergy.com\\\/wp-content\\\/uploads\\\/2022\\\/01\\\/Pattern-Energy-Media-thumbnail-logo.jpg\",\"width\":1200,\"height\":627,\"caption\":\"Pattern Energy\"},\"image\":{\"@id\":\"https:\\\/\\\/patternenergy.com\\\/fr\\\/#\\\/schema\\\/logo\\\/image\\\/\"},\"sameAs\":[\"https:\\\/\\\/www.facebook.com\\\/PatternEnergy\\\/\",\"https:\\\/\\\/instagram.com\\\/patternenergy?utm_medium=copy_link\",\"https:\\\/\\\/www.linkedin.com\\\/company\\\/pattern-energy\",\"https:\\\/\\\/www.youtube.com\\\/user\\\/PatternEnergy?app=desktop\",\"https:\\\/\\\/web.cauze.com\\\/company\\\/293\"]},{\"@type\":\"Person\",\"@id\":\"https:\\\/\\\/patternenergy.com\\\/fr\\\/#\\\/schema\\\/person\\\/6f7080f7c9428a32a6bbe73bf6c8e412\",\"name\":\"Alisa Frincke\",\"url\":\"https:\\\/\\\/patternenergy.com\\\/fr\\\/author\\\/alisa\\\/\"}]}<\/script>\n<!-- \/ Yoast SEO plugin. -->","yoast_head_json":{"title":"Du corps des Marines \u00e0 un parc \u00e9olien au Nouveau-Mexique : Rencontre avec Manuel Sosa Avalos - Pattern Energy","description":"Manuel Sosa Avalos est technicien \u00e9olien en chef chez Western Spirit Wind, ancien combattant du corps des Marines des \u00c9tats-Unis et h\u00e9ros am\u00e9ricain. Pattern Energy est fi\u00e8re de rendre hommage \u00e0 des v\u00e9t\u00e9rans comme Manuel.","robots":{"index":"index","follow":"follow","max-snippet":"max-snippet:-1","max-image-preview":"max-image-preview:large","max-video-preview":"max-video-preview:-1"},"canonical":"https:\/\/patternenergy.com\/fr\/du-corps-des-marines-a-un-parc-eolien-au-nouveau-mexique-rencontre-avec-manuel-sosa-avalos\/","og_locale":"fr_FR","og_type":"article","og_title":"Du corps des Marines \u00e0 un parc \u00e9olien au Nouveau-Mexique : Rencontre avec Manuel Sosa Avalos","og_description":"Aujourd'hui, nous saluons Manuel Sosa Avalos, qui a servi dans les Marines et qui contribue aujourd'hui au bon fonctionnement de notre installation \u00e9olienne. Rejoignez-nous pour honorer son d\u00e9vouement \u00e0 notre pays et aux \u00e9nergies renouvelables. #VeteransDay","og_url":"https:\/\/patternenergy.com\/fr\/du-corps-des-marines-a-un-parc-eolien-au-nouveau-mexique-rencontre-avec-manuel-sosa-avalos\/","og_site_name":"Pattern Energy","article_publisher":"https:\/\/www.facebook.com\/PatternEnergy\/","article_published_time":"2023-10-31T16:10:44+00:00","article_modified_time":"2026-01-19T18:39:17+00:00","og_image":[{"url":"https:\/\/patternenergy.com\/wp-content\/uploads\/2023\/10\/Following-a-Veteran-Wind-Tech-Social-Preview-1024x576.jpg","type":"","width":"","height":""}],"author":"Alisa Frincke","twitter_card":"summary_large_image","twitter_misc":{"\u00c9crit par":"Alisa Frincke","Dur\u00e9e de lecture estim\u00e9e":"7 minutes"},"schema":{"@context":"https:\/\/schema.org","@graph":[{"@type":"Article","@id":"https:\/\/patternenergy.com\/fr\/du-corps-des-marines-a-un-parc-eolien-au-nouveau-mexique-rencontre-avec-manuel-sosa-avalos\/#article","isPartOf":{"@id":"https:\/\/patternenergy.com\/fr\/du-corps-des-marines-a-un-parc-eolien-au-nouveau-mexique-rencontre-avec-manuel-sosa-avalos\/"},"author":{"name":"Alisa Frincke","@id":"https:\/\/patternenergy.com\/fr\/#\/schema\/person\/6f7080f7c9428a32a6bbe73bf6c8e412"},"headline":"Du corps des Marines \u00e0 un parc \u00e9olien au Nouveau-Mexique : Rencontre avec Manuel Sosa Avalos","datePublished":"2023-10-31T16:10:44+00:00","dateModified":"2026-01-19T18:39:17+00:00","mainEntityOfPage":{"@id":"https:\/\/patternenergy.com\/fr\/du-corps-des-marines-a-un-parc-eolien-au-nouveau-mexique-rencontre-avec-manuel-sosa-avalos\/"},"wordCount":1430,"publisher":{"@id":"https:\/\/patternenergy.com\/fr\/#organization"},"image":{"@id":"https:\/\/patternenergy.com\/fr\/du-corps-des-marines-a-un-parc-eolien-au-nouveau-mexique-rencontre-avec-manuel-sosa-avalos\/#primaryimage"},"thumbnailUrl":"https:\/\/patternenergy.com\/wp-content\/uploads\/2023\/10\/Following-a-Veteran-Wind-Tech-Feature-Blog.jpg","keywords":["\u00c9tats-Unis","La population locale","Les v\u00e9t\u00e9rans","Nouveau Mexique","Vent de l'esprit occidental"],"articleSection":["Carri\u00e8res","\u00c9tats-Unis","Histoires de l'\u00e9nergie des patrons","Non classifi\u00e9(e)","Personnes \u00e0 patrons"],"inLanguage":"fr-FR"},{"@type":"WebPage","@id":"https:\/\/patternenergy.com\/fr\/du-corps-des-marines-a-un-parc-eolien-au-nouveau-mexique-rencontre-avec-manuel-sosa-avalos\/","url":"https:\/\/patternenergy.com\/fr\/du-corps-des-marines-a-un-parc-eolien-au-nouveau-mexique-rencontre-avec-manuel-sosa-avalos\/","name":"Du corps des Marines \u00e0 un parc \u00e9olien au Nouveau-Mexique : Rencontre avec Manuel Sosa Avalos - Pattern Energy","isPartOf":{"@id":"https:\/\/patternenergy.com\/fr\/#website"},"primaryImageOfPage":{"@id":"https:\/\/patternenergy.com\/fr\/du-corps-des-marines-a-un-parc-eolien-au-nouveau-mexique-rencontre-avec-manuel-sosa-avalos\/#primaryimage"},"image":{"@id":"https:\/\/patternenergy.com\/fr\/du-corps-des-marines-a-un-parc-eolien-au-nouveau-mexique-rencontre-avec-manuel-sosa-avalos\/#primaryimage"},"thumbnailUrl":"https:\/\/patternenergy.com\/wp-content\/uploads\/2023\/10\/Following-a-Veteran-Wind-Tech-Feature-Blog.jpg","datePublished":"2023-10-31T16:10:44+00:00","dateModified":"2026-01-19T18:39:17+00:00","description":"Manuel Sosa Avalos est technicien \u00e9olien en chef chez Western Spirit Wind, ancien combattant du corps des Marines des \u00c9tats-Unis et h\u00e9ros am\u00e9ricain. Pattern Energy est fi\u00e8re de rendre hommage \u00e0 des v\u00e9t\u00e9rans comme Manuel.","breadcrumb":{"@id":"https:\/\/patternenergy.com\/fr\/du-corps-des-marines-a-un-parc-eolien-au-nouveau-mexique-rencontre-avec-manuel-sosa-avalos\/#breadcrumb"},"inLanguage":"fr-FR","potentialAction":[{"@type":"ReadAction","target":["https:\/\/patternenergy.com\/fr\/du-corps-des-marines-a-un-parc-eolien-au-nouveau-mexique-rencontre-avec-manuel-sosa-avalos\/"]}]},{"@type":"ImageObject","inLanguage":"fr-FR","@id":"https:\/\/patternenergy.com\/fr\/du-corps-des-marines-a-un-parc-eolien-au-nouveau-mexique-rencontre-avec-manuel-sosa-avalos\/#primaryimage","url":"https:\/\/patternenergy.com\/wp-content\/uploads\/2023\/10\/Following-a-Veteran-Wind-Tech-Feature-Blog.jpg","contentUrl":"https:\/\/patternenergy.com\/wp-content\/uploads\/2023\/10\/Following-a-Veteran-Wind-Tech-Feature-Blog.jpg","width":800,"height":800},{"@type":"BreadcrumbList","@id":"https:\/\/patternenergy.com\/fr\/du-corps-des-marines-a-un-parc-eolien-au-nouveau-mexique-rencontre-avec-manuel-sosa-avalos\/#breadcrumb","itemListElement":[{"@type":"ListItem","position":1,"name":"Home","item":"https:\/\/patternenergy.com\/fr\/"},{"@type":"ListItem","position":2,"name":"Du corps des Marines \u00e0 un parc \u00e9olien au Nouveau-Mexique : Rencontre avec Manuel Sosa Avalos"}]},{"@type":"WebSite","@id":"https:\/\/patternenergy.com\/fr\/#website","url":"https:\/\/patternenergy.com\/fr\/","name":"Pattern Energy","description":"Nous d\u00e9veloppons, construisons, poss\u00e9dons et exploitons des projets \u00e9oliens, solaires, de transport et de stockage d'\u00e9nergie de haute qualit\u00e9 dans le monde entier.","publisher":{"@id":"https:\/\/patternenergy.com\/fr\/#organization"},"potentialAction":[{"@type":"SearchAction","target":{"@type":"EntryPoint","urlTemplate":"https:\/\/patternenergy.com\/fr\/?s={search_term_string}"},"query-input":{"@type":"PropertyValueSpecification","valueRequired":true,"valueName":"search_term_string"}}],"inLanguage":"fr-FR"},{"@type":"Organization","@id":"https:\/\/patternenergy.com\/fr\/#organization","name":"Pattern Energy","url":"https:\/\/patternenergy.com\/fr\/","logo":{"@type":"ImageObject","inLanguage":"fr-FR","@id":"https:\/\/patternenergy.com\/fr\/#\/schema\/logo\/image\/","url":"https:\/\/patternenergy.com\/wp-content\/uploads\/2022\/01\/Pattern-Energy-Media-thumbnail-logo.jpg","contentUrl":"https:\/\/patternenergy.com\/wp-content\/uploads\/2022\/01\/Pattern-Energy-Media-thumbnail-logo.jpg","width":1200,"height":627,"caption":"Pattern Energy"},"image":{"@id":"https:\/\/patternenergy.com\/fr\/#\/schema\/logo\/image\/"},"sameAs":["https:\/\/www.facebook.com\/PatternEnergy\/","https:\/\/instagram.com\/patternenergy?utm_medium=copy_link","https:\/\/www.linkedin.com\/company\/pattern-energy","https:\/\/www.youtube.com\/user\/PatternEnergy?app=desktop","https:\/\/web.cauze.com\/company\/293"]},{"@type":"Person","@id":"https:\/\/patternenergy.com\/fr\/#\/schema\/person\/6f7080f7c9428a32a6bbe73bf6c8e412","name":"Alisa Frincke","url":"https:\/\/patternenergy.com\/fr\/author\/alisa\/"}]}},"_links":{"self":[{"href":"https:\/\/patternenergy.com\/fr\/wp-json\/wp\/v2\/posts\/18655","targetHints":{"allow":["GET"]}}],"collection":[{"href":"https:\/\/patternenergy.com\/fr\/wp-json\/wp\/v2\/posts"}],"about":[{"href":"https:\/\/patternenergy.com\/fr\/wp-json\/wp\/v2\/types\/post"}],"author":[{"embeddable":true,"href":"https:\/\/patternenergy.com\/fr\/wp-json\/wp\/v2\/users\/3"}],"replies":[{"embeddable":true,"href":"https:\/\/patternenergy.com\/fr\/wp-json\/wp\/v2\/comments?post=18655"}],"version-history":[{"count":0,"href":"https:\/\/patternenergy.com\/fr\/wp-json\/wp\/v2\/posts\/18655\/revisions"}],"wp:featuredmedia":[{"embeddable":true,"href":"https:\/\/patternenergy.com\/fr\/wp-json\/wp\/v2\/media\/16571"}],"wp:attachment":[{"href":"https:\/\/patternenergy.com\/fr\/wp-json\/wp\/v2\/media?parent=18655"}],"wp:term":[{"taxonomy":"category","embeddable":true,"href":"https:\/\/patternenergy.com\/fr\/wp-json\/wp\/v2\/categories?post=18655"},{"taxonomy":"post_tag","embeddable":true,"href":"https:\/\/patternenergy.com\/fr\/wp-json\/wp\/v2\/tags?post=18655"},{"taxonomy":"sub_site","embeddable":true,"href":"https:\/\/patternenergy.com\/fr\/wp-json\/wp\/v2\/sub_site?post=18655"}],"curies":[{"name":"wp","href":"https:\/\/api.w.org\/{rel}","templated":true}]}}