{"id":18616,"date":"2023-05-31T17:33:29","date_gmt":"2023-05-31T22:33:29","guid":{"rendered":"https:\/\/patternenergy.com\/la-deuxieme-conference-annuelle-des-petits-agriculteurs-et-eleveurs-minoritaires\/"},"modified":"2026-01-19T13:39:47","modified_gmt":"2026-01-19T18:39:47","slug":"la-deuxieme-conference-annuelle-des-petits-agriculteurs-et-eleveurs-minoritaires","status":"publish","type":"post","link":"https:\/\/patternenergy.com\/fr\/la-deuxieme-conference-annuelle-des-petits-agriculteurs-et-eleveurs-minoritaires\/","title":{"rendered":"La deuxi\u00e8me conf\u00e9rence annuelle des petits agriculteurs et \u00e9leveurs minoritaires"},"content":{"rendered":"<blockquote><p><span style=\"font-weight: 400;\">Lorsqu&rsquo;on lui demande s&rsquo;il a l&rsquo;impression que leur famille a enfin fini de planifier et de mettre en place leur nouvelle entreprise, Stew r\u00e9pond : \u00ab\u00a0Je planifie toujours dans cinq ans.\u00a0\u00bb Rachael a acquiesc\u00e9 et a d\u00e9clar\u00e9 que m\u00eame si Douglas, en Arizona, est peut-\u00eatre hors des sentiers battus, \u00ab\u00a0il y a de vraies opportunit\u00e9s ici pour les personnes motiv\u00e9es\u00a0\u00bb.<\/span><\/p><\/blockquote>\n<div id=\"attachment_8391\" style=\"width: 1210px\" class=\"wp-caption alignnone\"><img loading=\"lazy\" decoding=\"async\" aria-describedby=\"caption-attachment-8391\" class=\"size-full wp-image-8391\" src=\"https:\/\/patternenergy.com\/wp-content\/uploads\/2023\/05\/picRachael-and-Stew-laughing.jpeg\" alt=\"\" width=\"1200\" height=\"675\" srcset=\"https:\/\/patternenergy.com\/wp-content\/uploads\/2023\/05\/picRachael-and-Stew-laughing.jpeg 1200w, https:\/\/patternenergy.com\/wp-content\/uploads\/2023\/05\/picRachael-and-Stew-laughing-300x169.jpeg 300w, https:\/\/patternenergy.com\/wp-content\/uploads\/2023\/05\/picRachael-and-Stew-laughing-1024x576.jpeg 1024w, https:\/\/patternenergy.com\/wp-content\/uploads\/2023\/05\/picRachael-and-Stew-laughing-768x432.jpeg 768w\" sizes=\"auto, (max-width: 1200px) 100vw, 1200px\" \/><p id=\"caption-attachment-8391\" class=\"wp-caption-text\">Rachael et James \u00ab\u00a0Stew\u00a0\u00bb Stewart<\/p><\/div>\n<p><span style=\"font-weight: 400;\">Rachael et James \u00ab\u00a0Stew\u00a0\u00bb Stewart, ancien couple de fitness bas\u00e9 \u00e0 Phoenix, ont pris une nouvelle direction dans leur carri\u00e8re, troquant les halt\u00e8res contre des fourches pour se lancer dans une nouvelle aventure en tant qu&rsquo;\u00e9leveurs \u00e0 Douglas, en Arizona. Leur ranch s&rsquo;appelle \u00ab\u00a0Southwest Black Ranchers\u00a0\u00bb et est devenu une source d&rsquo;inspiration, de savoir-faire commercial et d&rsquo;espoir pour les futurs agriculteurs noirs et issus de minorit\u00e9s dans tout le pays.<\/span><\/p>\n<p><iframe title=\"Stroll-through-conference-opening-HD-1080p\" src=\"https:\/\/player.vimeo.com\/video\/861098609?h=edc6e1477b&amp;dnt=1&amp;app_id=122963\" width=\"500\" height=\"281\" frameborder=\"0\" allow=\"autoplay; fullscreen; picture-in-picture; clipboard-write\"><\/iframe><\/p>\n<p><span style=\"font-weight: 400;\">Avant la pand\u00e9mie, Rachael et Stew \u00e9taient professeurs de fitness, et Stew \u00e9tait un bodybuilder de comp\u00e9tition.<\/span><span style=\"font-weight: 400;\"><br \/>\n<\/span><span style=\"font-weight: 400;\"><br \/>\n<\/span><span style=\"font-weight: 400;\">\u00ab\u00a0Lorsque la pand\u00e9mie a \u00e9clat\u00e9, nous ne pouvions plus nous procurer de prot\u00e9ines biologiques comme nous en avions l&rsquo;habitude\u00a0\u00bb, explique Stew. \u00ab\u00a0Comme beaucoup de gens pendant la pand\u00e9mie, nous avons fait le point sur notre vie et d\u00e9cid\u00e9 de changer les choses.\u00a0\u00bb<\/span><\/p>\n<div id=\"attachment_8394\" style=\"width: 1210px\" class=\"wp-caption alignnone\"><img loading=\"lazy\" decoding=\"async\" aria-describedby=\"caption-attachment-8394\" class=\"size-full wp-image-8394\" src=\"https:\/\/patternenergy.com\/wp-content\/uploads\/2023\/05\/Copy-of-Rachael-and-Ramona-McCaa.jpeg\" alt=\"\" width=\"1200\" height=\"900\" srcset=\"https:\/\/patternenergy.com\/wp-content\/uploads\/2023\/05\/Copy-of-Rachael-and-Ramona-McCaa.jpeg 1200w, https:\/\/patternenergy.com\/wp-content\/uploads\/2023\/05\/Copy-of-Rachael-and-Ramona-McCaa-300x225.jpeg 300w, https:\/\/patternenergy.com\/wp-content\/uploads\/2023\/05\/Copy-of-Rachael-and-Ramona-McCaa-1024x768.jpeg 1024w, https:\/\/patternenergy.com\/wp-content\/uploads\/2023\/05\/Copy-of-Rachael-and-Ramona-McCaa-768x576.jpeg 768w\" sizes=\"auto, (max-width: 1200px) 100vw, 1200px\" \/><p id=\"caption-attachment-8394\" class=\"wp-caption-text\">Rachael et la premi\u00e8re dame de Sierra Vista, Arizona, Ramona McCaa<\/p><\/div>\n<h3>Pour commencer<\/h3>\n<p><span style=\"font-weight: 400;\">En faisant des recherches sur l&rsquo;agriculture, les Stewart ont appris qu&rsquo;en 1920, les agriculteurs noirs repr\u00e9sentaient 14 % de l&rsquo;ensemble des agriculteurs aux \u00c9tats-Unis.<\/span><span style=\"font-weight: 400;\"><br \/>\n<\/span><span style=\"font-weight: 400;\"><br \/>\n<\/span><span style=\"font-weight: 400;\">Ils ont contact\u00e9 des agriculteurs noirs et issus de minorit\u00e9s sur les r\u00e9seaux sociaux et se sont mis en rapport avec Mark Jacobs, un agriculteur urbain de Seattle originaire de Guyane.<\/span><span style=\"font-weight: 400;\"><br \/>\n<\/span><span style=\"font-weight: 400;\"><br \/>\n<\/span><span style=\"font-weight: 400;\">Leur ambition a grandi avec leur r\u00e9seau. Aujourd&rsquo;hui, ils sont \u00e0 la t\u00eate d&rsquo;un mouvement visant \u00e0 encourager les agriculteurs noirs et les minorit\u00e9s \u00e0 suivre leurs traces, quelle que soit leur situation g\u00e9ographique, et les r\u00e9sultats sont au rendez-vous.  <\/span><\/p>\n<p><iframe title=\"Damian_Dorame\" src=\"https:\/\/player.vimeo.com\/video\/861072542?h=9fe8ab3df8&amp;dnt=1&amp;app_id=122963\" width=\"500\" height=\"281\" frameborder=\"0\" allow=\"autoplay; fullscreen; picture-in-picture; clipboard-write\"><\/iframe><\/p>\n<h3>Association \u00e0 but non lucratif pour l&rsquo;apprentissage et la construction de la communaut\u00e9<\/h3>\n<p><span style=\"font-weight: 400;\">Les Stewart ont cr\u00e9\u00e9 leur association \u00e0 but non lucratif,<\/span><a href=\"https:\/\/people-1st-global-food-and-land-reclamation-foundation.square.site\/\"> <span style=\"font-weight: 400;\">People 1st Global Food and Land Reclamation Foundation (Fondation mondiale pour l&rsquo;alimentation et la r\u00e9cup\u00e9ration des terres)<\/span><\/a><span style=\"font-weight: 400;\">avec pour mission de \u00ab\u00a0construire une \u00e9conomie alimentaire autosuffisante\u00a0\u00bb.<\/span><span style=\"font-weight: 400;\">, <\/span><span style=\"font-weight: 400;\">en soutenant l&rsquo;agriculture,<\/span> <span style=\"font-weight: 400;\">l&rsquo;entreprenariat et la propri\u00e9t\u00e9 fonci\u00e8re\u00a0\u00bb.<\/span><\/p>\n<p><span style=\"font-weight: 400;\">\u00c0 cette fin, ils ont lanc\u00e9 la <\/span><a href=\"https:\/\/www.p1gflrf.org\/2023-smfrc-conference\/2023-SMALL-MINORITY-FARMERS-AND-RANCHERS-CONFERENCE-HOME-PAGE\"><br \/>\n  <span style=\"font-weight: 400;\">Conf\u00e9rence des petits \u00e9leveurs et agriculteurs minoritaires<\/span><br \/>\n<\/a><span style=\"font-weight: 400;\">qui r\u00e9unissait des agriculteurs et des \u00e9leveurs exp\u00e9riment\u00e9s avec des personnes qui venaient d&rsquo;entrer dans le secteur.<\/span><\/p>\n<div id=\"attachment_8398\" style=\"width: 1210px\" class=\"wp-caption alignnone\"><img loading=\"lazy\" decoding=\"async\" aria-describedby=\"caption-attachment-8398\" class=\"size-full wp-image-8398\" src=\"https:\/\/patternenergy.com\/wp-content\/uploads\/2023\/05\/picJustin-Duncan-NCAT.jpeg\" alt=\"\" width=\"1200\" height=\"900\" srcset=\"https:\/\/patternenergy.com\/wp-content\/uploads\/2023\/05\/picJustin-Duncan-NCAT.jpeg 1200w, https:\/\/patternenergy.com\/wp-content\/uploads\/2023\/05\/picJustin-Duncan-NCAT-300x225.jpeg 300w, https:\/\/patternenergy.com\/wp-content\/uploads\/2023\/05\/picJustin-Duncan-NCAT-1024x768.jpeg 1024w, https:\/\/patternenergy.com\/wp-content\/uploads\/2023\/05\/picJustin-Duncan-NCAT-768x576.jpeg 768w\" sizes=\"auto, (max-width: 1200px) 100vw, 1200px\" \/><p id=\"caption-attachment-8398\" class=\"wp-caption-text\">Sp\u00e9cialiste de l&rsquo;agriculture durable, Justin Duncan du NCAT<\/p><\/div>\n<p><span style=\"font-weight: 400;\">Les Stewart ont lanc\u00e9 la conf\u00e9rence l&rsquo;ann\u00e9e derni\u00e8re, et l&rsquo;\u00e9v\u00e9nement de cette ann\u00e9e \u00e9tait plus important, avec un certain nombre d&rsquo;experts en la mati\u00e8re pr\u00e9sents sur le th\u00e8me g\u00e9n\u00e9ral de l&rsquo;apprentissage de l&rsquo;agriculture et de l&rsquo;\u00e9levage en utilisant des m\u00e9thodes durables et biologiques qui sont bonnes pour le sol.  <\/span><\/p>\n<p><span style=\"font-weight: 400;\">Parmi les orateurs, citons <\/span><a href=\"https:\/\/attra.ncat.org\/justin-duncan\/\"><span style=\"font-weight: 400;\">Justin Duncan<\/span> <\/a><span style=\"font-weight: 400;\">du <\/span><a href=\"https:\/\/attra.ncat.org\/about\/\"><br \/>\n  <span style=\"font-weight: 400;\">Centre national pour la technologie appropri\u00e9e<\/span><br \/>\n<\/a><span style=\"font-weight: 400;\">qui a parl\u00e9 des pratiques agricoles durables et des moyens d&rsquo;accro\u00eetre la durabilit\u00e9 et la long\u00e9vit\u00e9 des sols pour produire des denr\u00e9es alimentaires \u00e0 long terme.<\/span><\/p>\n<p><span style=\"font-weight: 400;\">Outre M. Duncan, de nombreux orateurs \u00e9taient pr\u00e9sents, repr\u00e9sentant l&rsquo;USDA \u00e0 Washington, le <\/span><a href=\"https:\/\/sustainability-innovation.asu.edu\/food\/\"><br \/>\n  <span style=\"font-weight: 400;\">Centre Swette de l&rsquo;ASU pour les ressources durables<\/span><br \/>\n<\/a><span style=\"font-weight: 400;\">et d&rsquo;autres encore. <\/span> <span style=\"font-weight: 400;\"><br \/>\n<\/span><span style=\"font-weight: 400;\"><br \/>\n<\/span><span style=\"font-weight: 400;\">Ramona McCaa, la premi\u00e8re dame de Sierra Vista, en Arizona, \u00e9tait pr\u00e9sente et a exprim\u00e9 son \u00e9tonnement face au mouvement que les Stewart dirigent.  <\/span><span style=\"font-weight: 400;\"><br \/>\n<\/span><span style=\"font-weight: 400;\"><br \/>\n<\/span><span style=\"font-weight: 400;\">\u00ab\u00a0J&rsquo;ai la fi\u00e8vre\u00a0\u00bb, dit-elle. \u00ab\u00a0Les Stewart m&rsquo;ont convaincu d&rsquo;acheter des terres !  <\/span><span style=\"font-weight: 400;\"><br \/>\n<\/span><span style=\"font-weight: 400;\"><br \/>\n<\/span><span style=\"font-weight: 400;\">Les participants ont pu s&rsquo;informer sur les meilleures pratiques en mati\u00e8re d&rsquo;agriculture et d&rsquo;\u00e9levage durables, sur la possibilit\u00e9 de devenir des agriculteurs biologiques certifi\u00e9s et sur d&rsquo;autres sujets li\u00e9s \u00e0 l&rsquo;agriculture durable.<\/span><\/p>\n<div id=\"attachment_9334\" style=\"width: 2570px\" class=\"wp-caption alignnone\"><img loading=\"lazy\" decoding=\"async\" aria-describedby=\"caption-attachment-9334\" class=\"wp-image-9334 size-full\" src=\"https:\/\/patternenergy.com\/wp-content\/uploads\/2023\/12\/enhanced-picattendees2-scaled.jpeg\" alt=\"\" width=\"2560\" height=\"1920\" srcset=\"https:\/\/patternenergy.com\/wp-content\/uploads\/2023\/12\/enhanced-picattendees2-scaled.jpeg 2560w, https:\/\/patternenergy.com\/wp-content\/uploads\/2023\/12\/enhanced-picattendees2-300x225.jpeg 300w, https:\/\/patternenergy.com\/wp-content\/uploads\/2023\/12\/enhanced-picattendees2-1024x768.jpeg 1024w, https:\/\/patternenergy.com\/wp-content\/uploads\/2023\/12\/enhanced-picattendees2-768x576.jpeg 768w, https:\/\/patternenergy.com\/wp-content\/uploads\/2023\/12\/enhanced-picattendees2-1536x1152.jpeg 1536w, https:\/\/patternenergy.com\/wp-content\/uploads\/2023\/12\/enhanced-picattendees2-2048x1536.jpeg 2048w\" sizes=\"auto, (max-width: 2560px) 100vw, 2560px\" \/><p id=\"caption-attachment-9334\" class=\"wp-caption-text\">Les participants \u00e0 la conf\u00e9rence discutent des sujets pr\u00e9sent\u00e9s<\/p><\/div>\n<p><span style=\"font-weight: 400;\">Entre les sessions, les participants de tout le pays ont \u00e9chang\u00e9 des informations et des plans pour \u00e9tablir des r\u00e9seaux de soutien \u00e0 mesure qu&rsquo;ils avancent dans leur parcours.  <\/span><\/p>\n<p><iframe title=\"Starlet-Elijah-HD-1080p\" src=\"https:\/\/player.vimeo.com\/video\/861079660?h=3baba06c88&amp;dnt=1&amp;app_id=122963\" width=\"500\" height=\"281\" frameborder=\"0\" allow=\"autoplay; fullscreen; picture-in-picture; clipboard-write\"><\/iframe><\/p>\n<p><span style=\"font-weight: 400;\">Les Stewart incitent des personnes qui ne l&rsquo;avaient jamais envisag\u00e9 \u00e0 se lancer dans l&rsquo;agriculture. Starlet et Jeff Strother, originaires de Washington, cr\u00e9ent un ranch et une ferme avec Elijah Newell. Ils ont d\u00e9j\u00e0 quelques animaux et ajouteront bient\u00f4t des cultures.  <\/span><\/p>\n<p><span style=\"font-weight: 400;\">R\u00e9fl\u00e9chissant au changement qu&rsquo;elle a op\u00e9r\u00e9, Starlet Strother a d\u00e9clar\u00e9 : \u00ab\u00a0Si vous m&rsquo;aviez demand\u00e9 \u00e0 Washington si je pensais un jour devenir agricultrice dans une r\u00e9gion rurale de l&rsquo;Arizona, la r\u00e9ponse aurait \u00e9t\u00e9 non, mais nous y sommes\u00a0\u00bb.  <\/span><\/p>\n<p><iframe title=\"Ms_C_Pamela_Coleman-HD-1080p\" src=\"https:\/\/player.vimeo.com\/video\/861081174?h=66c5c8c17e&amp;dnt=1&amp;app_id=122963\" width=\"500\" height=\"281\" frameborder=\"0\" allow=\"autoplay; fullscreen; picture-in-picture; clipboard-write\"><\/iframe><\/p>\n<h3>Southwest Black Farmers, family, and the for-profit ranch (Les agriculteurs noirs du sud-ouest, la famille et le ranch \u00e0 but lucratif)<\/h3>\n<p><span style=\"font-weight: 400;\">Les Stewart sont un couple en perp\u00e9tuel mouvement. En plus d&rsquo;\u00eatre des leaders aidant les nouveaux entrepreneurs \u00e0 devenir des agriculteurs et des \u00e9leveurs, ils ont officiellement ferm\u00e9 leur installation de r\u00e9colte de b\u00e9tail \u00e0 but lucratif la veille de la conf\u00e9rence.  <\/span><span style=\"font-weight: 400;\"><br \/>\n<\/span><span style=\"font-weight: 400;\"><br \/>\n<\/span><span style=\"font-weight: 400;\">Stew a d\u00e9clar\u00e9 qu&rsquo;en plus d&rsquo;\u00e9lever leur propre b\u00e9tail, ils pr\u00e9voient d&rsquo;acheter du b\u00e9tail \u00e0 d&rsquo;autres \u00e9leveurs durables de leur r\u00e9seau, de le transformer et de le vendre sur le march\u00e9.<\/span><\/p>\n<p><span style=\"font-weight: 400;\">Lorsqu&rsquo;on lui demande s&rsquo;il a l&rsquo;impression que leur famille a enfin fini de planifier et de mettre en place leur nouvelle entreprise, Stew r\u00e9pond : \u00ab\u00a0Je planifie toujours dans cinq ans.\u00a0\u00bb Rachael a acquiesc\u00e9 et a d\u00e9clar\u00e9 que m\u00eame si Douglas, en Arizona, est peut-\u00eatre hors des sentiers battus, \u00ab\u00a0il y a de vraies opportunit\u00e9s ici pour les personnes motiv\u00e9es\u00a0\u00bb.<\/span><\/p>\n<h3>Un avenir durable pour les Stewart et la nation<\/h3>\n<p><span style=\"font-weight: 400;\">Stew et Rachael sont fiers de montrer \u00e0 leurs quatre enfants \u00e0 quoi ressemble le leadership.  <\/span><span style=\"font-weight: 400;\"><br \/>\n<\/span><span style=\"font-weight: 400;\"><br \/>\n<\/span><span style=\"font-weight: 400;\">Rachael a d\u00e9clar\u00e9 : \u00ab\u00a0Nous pensons qu&rsquo;il est important que nos enfants voient des personnes qui leur ressemblent occuper une position de leader en tant qu&rsquo;entrepreneurs et propri\u00e9taires d&rsquo;entreprises prosp\u00e8res. De plus, nous sommes tout le temps \u00e0 l&rsquo;ext\u00e9rieur, et maintenant nos enfants peuvent voir et exp\u00e9rimenter une autre fa\u00e7on de vivre sainement et durablement, et apprendre \u00e0 subvenir \u00e0 leurs besoins dans le futur\u00a0\u00bb.<\/span><\/p>\n<div id=\"attachment_8392\" style=\"width: 1210px\" class=\"wp-caption alignnone\"><img loading=\"lazy\" decoding=\"async\" aria-describedby=\"caption-attachment-8392\" class=\"size-full wp-image-8392\" src=\"https:\/\/patternenergy.com\/wp-content\/uploads\/2023\/05\/Copy-of-R-_-S-1.jpeg\" alt=\"\" width=\"1200\" height=\"900\" srcset=\"https:\/\/patternenergy.com\/wp-content\/uploads\/2023\/05\/Copy-of-R-_-S-1.jpeg 1200w, https:\/\/patternenergy.com\/wp-content\/uploads\/2023\/05\/Copy-of-R-_-S-1-300x225.jpeg 300w, https:\/\/patternenergy.com\/wp-content\/uploads\/2023\/05\/Copy-of-R-_-S-1-1024x768.jpeg 1024w, https:\/\/patternenergy.com\/wp-content\/uploads\/2023\/05\/Copy-of-R-_-S-1-768x576.jpeg 768w\" sizes=\"auto, (max-width: 1200px) 100vw, 1200px\" \/><p id=\"caption-attachment-8392\" class=\"wp-caption-text\">Rachael et Stew souhaitent la bienvenue \u00e0 tous les participants \u00e0 la conf\u00e9rence<\/p><\/div>\n<p><span style=\"font-weight: 400;\">Pattern Energy a eu le plaisir de parrainer la deuxi\u00e8me conf\u00e9rence annuelle des petits agriculteurs et \u00e9leveurs minoritaires. Le travail des Stewart en faveur de pratiques d&rsquo;\u00e9levage durables et d&rsquo;\u00e9conomies alimentaires autosuffisantes est un \u00e9l\u00e9ment important de la construction d&rsquo;un avenir plus vert.  <\/span><\/p>\n<p><span style=\"font-weight: 400;\">\u00c0 la fin de la journ\u00e9e, les gens se sont serr\u00e9 la main, ont pos\u00e9 pour des photos ensemble et l&rsquo;air \u00e9tait plein de rires et de bons sentiments.  <\/span><span style=\"font-weight: 400;\"><br \/>\n<\/span><span style=\"font-weight: 400;\"><br \/>\n<\/span><span style=\"font-weight: 400;\">\u00ab\u00a0C&rsquo;est ce qui arrive lorsque des gens bien se r\u00e9unissent dans le but de s&rsquo;entraider\u00a0\u00bb, a d\u00e9clar\u00e9 Rachael.  <\/span><span style=\"font-weight: 400;\"><br \/>\n<\/span><span style=\"font-weight: 400;\"><br \/>\n<\/span><span style=\"font-weight: 400;\">Elle s&rsquo;est ensuite d\u00e9p\u00each\u00e9e de partir, car elle devait parler \u00e0 des amis pour les aider \u00e0 s&rsquo;installer dans le ranch qu&rsquo;ils ont achet\u00e9.<\/span><\/p>\n","protected":false},"excerpt":{"rendered":"<p>Lorsqu&rsquo;on lui demande s&rsquo;il a l&rsquo;impression que leur famille a enfin fini de planifier et de mettre en place leur nouvelle entreprise, Stew r\u00e9pond : \u00ab\u00a0Je planifie toujours dans cinq ans.\u00a0\u00bb Rachael a acquiesc\u00e9 et a d\u00e9clar\u00e9 que m\u00eame si Douglas, en Arizona, est peut-\u00eatre hors des sentiers battus, \u00ab\u00a0il y a de vraies opportunit\u00e9s [&hellip;]<\/p>\n","protected":false},"author":3,"featured_media":16003,"comment_status":"closed","ping_status":"closed","sticky":false,"template":"","format":"standard","meta":{"_acf_changed":false,"footnotes":""},"categories":[515,523,657,448],"tags":[1117,975,1155,551,1098,1120,647,1156,1258],"sub_site":[],"class_list":["post-18616","post","type-post","status-publish","format-standard","has-post-thumbnail","hentry","category-durabilite","category-etats-unis","category-histoires-de-lenergie-des-patrons","category-non-classifiee","tag-entreprises-locales","tag-evenements-locaux","tag-ferme","tag-la-durabilite","tag-la-population-locale","tag-parrainage","tag-proprietaires-fonciers","tag-ranch-fr","tag-terre"],"acf":[],"yoast_head":"<!-- This site is optimized with the Yoast SEO plugin v27.5 - https:\/\/yoast.com\/product\/yoast-seo-wordpress\/ -->\n<title>La deuxi\u00e8me conf\u00e9rence annuelle des petits agriculteurs et \u00e9leveurs minoritaires - Pattern Energy<\/title>\n<meta name=\"description\" content=\"James et Rachael Stewart sont \u00e0 la t\u00eate d&#039;une nouvelle g\u00e9n\u00e9ration d&#039;entrepreneurs issus de minorit\u00e9s qui souhaitent s&#039;essayer \u00e0 la construction de ranchs et de fermes dans les zones rurales de l&#039;Arizona. Ils ont organis\u00e9 la deuxi\u00e8me conf\u00e9rence annuelle des petits agriculteurs et \u00e9leveurs minoritaires.\" \/>\n<meta name=\"robots\" content=\"index, follow, max-snippet:-1, max-image-preview:large, max-video-preview:-1\" \/>\n<link rel=\"canonical\" href=\"https:\/\/patternenergy.com\/fr\/la-deuxieme-conference-annuelle-des-petits-agriculteurs-et-eleveurs-minoritaires\/\" \/>\n<meta property=\"og:locale\" content=\"fr_FR\" \/>\n<meta property=\"og:type\" content=\"article\" \/>\n<meta property=\"og:title\" content=\"La deuxi\u00e8me conf\u00e9rence annuelle des petits agriculteurs et \u00e9leveurs minoritaires\" \/>\n<meta property=\"og:description\" content=\"Vous vous int\u00e9ressez \u00e0 l&#039;agriculture durable et au soutien des entreprises d\u00e9tenues par des minorit\u00e9s ? Vous ne voudrez pas manquer cet article sur la conf\u00e9rence des petits agriculteurs et \u00e9leveurs minoritaires, qui contribue \u00e0 promouvoir une nouvelle g\u00e9n\u00e9ration d&#039;agriculteurs et d&#039;\u00e9leveurs.\" \/>\n<meta property=\"og:url\" content=\"https:\/\/patternenergy.com\/fr\/la-deuxieme-conference-annuelle-des-petits-agriculteurs-et-eleveurs-minoritaires\/\" \/>\n<meta property=\"og:site_name\" content=\"Pattern Energy\" \/>\n<meta property=\"article:publisher\" content=\"https:\/\/www.facebook.com\/PatternEnergy\/\" \/>\n<meta property=\"article:published_time\" content=\"2023-05-31T22:33:29+00:00\" \/>\n<meta property=\"article:modified_time\" content=\"2026-01-19T18:39:47+00:00\" \/>\n<meta property=\"og:image\" content=\"https:\/\/patternenergy.com\/wp-content\/uploads\/2023\/05\/Southwest-Black-Ranchers_1280x720px-1024x576.jpg\" \/>\n<meta name=\"author\" content=\"Alisa Frincke\" \/>\n<meta name=\"twitter:card\" content=\"summary_large_image\" \/>\n<meta name=\"twitter:title\" content=\"La deuxi\u00e8me conf\u00e9rence annuelle des petits agriculteurs et \u00e9leveurs minoritaires\" \/>\n<meta name=\"twitter:description\" content=\"Vous vous int\u00e9ressez \u00e0 l&#039;agriculture durable et au soutien des entreprises d\u00e9tenues par des minorit\u00e9s ? Vous ne voudrez pas manquer cet article sur la conf\u00e9rence des petits agriculteurs et \u00e9leveurs minoritaires, qui contribue \u00e0 promouvoir une nouvelle g\u00e9n\u00e9ration d&#039;agriculteurs et d&#039;\u00e9leveurs.\" \/>\n<meta name=\"twitter:image\" content=\"https:\/\/patternenergy.com\/wp-content\/uploads\/2023\/05\/Southwest-Black-Ranchers_1280x720px-1024x576.jpg\" \/>\n<meta name=\"twitter:label1\" content=\"\u00c9crit par\" \/>\n\t<meta name=\"twitter:data1\" content=\"Alisa Frincke\" \/>\n\t<meta name=\"twitter:label2\" content=\"Dur\u00e9e de lecture estim\u00e9e\" \/>\n\t<meta name=\"twitter:data2\" content=\"6 minutes\" \/>\n<script type=\"application\/ld+json\" class=\"yoast-schema-graph\">{\"@context\":\"https:\\\/\\\/schema.org\",\"@graph\":[{\"@type\":\"Article\",\"@id\":\"https:\\\/\\\/patternenergy.com\\\/fr\\\/la-deuxieme-conference-annuelle-des-petits-agriculteurs-et-eleveurs-minoritaires\\\/#article\",\"isPartOf\":{\"@id\":\"https:\\\/\\\/patternenergy.com\\\/fr\\\/la-deuxieme-conference-annuelle-des-petits-agriculteurs-et-eleveurs-minoritaires\\\/\"},\"author\":{\"name\":\"Alisa Frincke\",\"@id\":\"https:\\\/\\\/patternenergy.com\\\/fr\\\/#\\\/schema\\\/person\\\/6f7080f7c9428a32a6bbe73bf6c8e412\"},\"headline\":\"La deuxi\u00e8me conf\u00e9rence annuelle des petits agriculteurs et \u00e9leveurs minoritaires\",\"datePublished\":\"2023-05-31T22:33:29+00:00\",\"dateModified\":\"2026-01-19T18:39:47+00:00\",\"mainEntityOfPage\":{\"@id\":\"https:\\\/\\\/patternenergy.com\\\/fr\\\/la-deuxieme-conference-annuelle-des-petits-agriculteurs-et-eleveurs-minoritaires\\\/\"},\"wordCount\":1265,\"publisher\":{\"@id\":\"https:\\\/\\\/patternenergy.com\\\/fr\\\/#organization\"},\"image\":{\"@id\":\"https:\\\/\\\/patternenergy.com\\\/fr\\\/la-deuxieme-conference-annuelle-des-petits-agriculteurs-et-eleveurs-minoritaires\\\/#primaryimage\"},\"thumbnailUrl\":\"https:\\\/\\\/patternenergy.com\\\/wp-content\\\/uploads\\\/2023\\\/05\\\/Southwest-Black-Ranchers_Feature-Blog-800x800-1-scaled.webp\",\"keywords\":[\"Entreprises locales\",\"\u00c9v\u00e9nements locaux\",\"ferme\",\"la durabilit\u00e9\",\"La population locale\",\"parrainage\",\"Propri\u00e9taires fonciers\",\"ranch\",\"terre\"],\"articleSection\":[\"Durabilit\u00e9\",\"\u00c9tats-Unis\",\"Histoires de l'\u00e9nergie des patrons\",\"Non classifi\u00e9(e)\"],\"inLanguage\":\"fr-FR\"},{\"@type\":\"WebPage\",\"@id\":\"https:\\\/\\\/patternenergy.com\\\/fr\\\/la-deuxieme-conference-annuelle-des-petits-agriculteurs-et-eleveurs-minoritaires\\\/\",\"url\":\"https:\\\/\\\/patternenergy.com\\\/fr\\\/la-deuxieme-conference-annuelle-des-petits-agriculteurs-et-eleveurs-minoritaires\\\/\",\"name\":\"La deuxi\u00e8me conf\u00e9rence annuelle des petits agriculteurs et \u00e9leveurs minoritaires - Pattern Energy\",\"isPartOf\":{\"@id\":\"https:\\\/\\\/patternenergy.com\\\/fr\\\/#website\"},\"primaryImageOfPage\":{\"@id\":\"https:\\\/\\\/patternenergy.com\\\/fr\\\/la-deuxieme-conference-annuelle-des-petits-agriculteurs-et-eleveurs-minoritaires\\\/#primaryimage\"},\"image\":{\"@id\":\"https:\\\/\\\/patternenergy.com\\\/fr\\\/la-deuxieme-conference-annuelle-des-petits-agriculteurs-et-eleveurs-minoritaires\\\/#primaryimage\"},\"thumbnailUrl\":\"https:\\\/\\\/patternenergy.com\\\/wp-content\\\/uploads\\\/2023\\\/05\\\/Southwest-Black-Ranchers_Feature-Blog-800x800-1-scaled.webp\",\"datePublished\":\"2023-05-31T22:33:29+00:00\",\"dateModified\":\"2026-01-19T18:39:47+00:00\",\"description\":\"James et Rachael Stewart sont \u00e0 la t\u00eate d'une nouvelle g\u00e9n\u00e9ration d'entrepreneurs issus de minorit\u00e9s qui souhaitent s'essayer \u00e0 la construction de ranchs et de fermes dans les zones rurales de l'Arizona. Ils ont organis\u00e9 la deuxi\u00e8me conf\u00e9rence annuelle des petits agriculteurs et \u00e9leveurs minoritaires.\",\"breadcrumb\":{\"@id\":\"https:\\\/\\\/patternenergy.com\\\/fr\\\/la-deuxieme-conference-annuelle-des-petits-agriculteurs-et-eleveurs-minoritaires\\\/#breadcrumb\"},\"inLanguage\":\"fr-FR\",\"potentialAction\":[{\"@type\":\"ReadAction\",\"target\":[\"https:\\\/\\\/patternenergy.com\\\/fr\\\/la-deuxieme-conference-annuelle-des-petits-agriculteurs-et-eleveurs-minoritaires\\\/\"]}]},{\"@type\":\"ImageObject\",\"inLanguage\":\"fr-FR\",\"@id\":\"https:\\\/\\\/patternenergy.com\\\/fr\\\/la-deuxieme-conference-annuelle-des-petits-agriculteurs-et-eleveurs-minoritaires\\\/#primaryimage\",\"url\":\"https:\\\/\\\/patternenergy.com\\\/wp-content\\\/uploads\\\/2023\\\/05\\\/Southwest-Black-Ranchers_Feature-Blog-800x800-1-scaled.webp\",\"contentUrl\":\"https:\\\/\\\/patternenergy.com\\\/wp-content\\\/uploads\\\/2023\\\/05\\\/Southwest-Black-Ranchers_Feature-Blog-800x800-1-scaled.webp\",\"width\":2560,\"height\":2560},{\"@type\":\"BreadcrumbList\",\"@id\":\"https:\\\/\\\/patternenergy.com\\\/fr\\\/la-deuxieme-conference-annuelle-des-petits-agriculteurs-et-eleveurs-minoritaires\\\/#breadcrumb\",\"itemListElement\":[{\"@type\":\"ListItem\",\"position\":1,\"name\":\"Home\",\"item\":\"https:\\\/\\\/patternenergy.com\\\/fr\\\/\"},{\"@type\":\"ListItem\",\"position\":2,\"name\":\"La deuxi\u00e8me conf\u00e9rence annuelle des petits agriculteurs et \u00e9leveurs minoritaires\"}]},{\"@type\":\"WebSite\",\"@id\":\"https:\\\/\\\/patternenergy.com\\\/fr\\\/#website\",\"url\":\"https:\\\/\\\/patternenergy.com\\\/fr\\\/\",\"name\":\"Pattern Energy\",\"description\":\"Nous d\u00e9veloppons, construisons, poss\u00e9dons et exploitons des projets \u00e9oliens, solaires, de transport et de stockage d'\u00e9nergie de haute qualit\u00e9 dans le monde entier.\",\"publisher\":{\"@id\":\"https:\\\/\\\/patternenergy.com\\\/fr\\\/#organization\"},\"potentialAction\":[{\"@type\":\"SearchAction\",\"target\":{\"@type\":\"EntryPoint\",\"urlTemplate\":\"https:\\\/\\\/patternenergy.com\\\/fr\\\/?s={search_term_string}\"},\"query-input\":{\"@type\":\"PropertyValueSpecification\",\"valueRequired\":true,\"valueName\":\"search_term_string\"}}],\"inLanguage\":\"fr-FR\"},{\"@type\":\"Organization\",\"@id\":\"https:\\\/\\\/patternenergy.com\\\/fr\\\/#organization\",\"name\":\"Pattern Energy\",\"url\":\"https:\\\/\\\/patternenergy.com\\\/fr\\\/\",\"logo\":{\"@type\":\"ImageObject\",\"inLanguage\":\"fr-FR\",\"@id\":\"https:\\\/\\\/patternenergy.com\\\/fr\\\/#\\\/schema\\\/logo\\\/image\\\/\",\"url\":\"https:\\\/\\\/patternenergy.com\\\/wp-content\\\/uploads\\\/2022\\\/01\\\/Pattern-Energy-Media-thumbnail-logo.jpg\",\"contentUrl\":\"https:\\\/\\\/patternenergy.com\\\/wp-content\\\/uploads\\\/2022\\\/01\\\/Pattern-Energy-Media-thumbnail-logo.jpg\",\"width\":1200,\"height\":627,\"caption\":\"Pattern Energy\"},\"image\":{\"@id\":\"https:\\\/\\\/patternenergy.com\\\/fr\\\/#\\\/schema\\\/logo\\\/image\\\/\"},\"sameAs\":[\"https:\\\/\\\/www.facebook.com\\\/PatternEnergy\\\/\",\"https:\\\/\\\/instagram.com\\\/patternenergy?utm_medium=copy_link\",\"https:\\\/\\\/www.linkedin.com\\\/company\\\/pattern-energy\",\"https:\\\/\\\/www.youtube.com\\\/user\\\/PatternEnergy?app=desktop\",\"https:\\\/\\\/web.cauze.com\\\/company\\\/293\"]},{\"@type\":\"Person\",\"@id\":\"https:\\\/\\\/patternenergy.com\\\/fr\\\/#\\\/schema\\\/person\\\/6f7080f7c9428a32a6bbe73bf6c8e412\",\"name\":\"Alisa Frincke\",\"url\":\"https:\\\/\\\/patternenergy.com\\\/fr\\\/author\\\/alisa\\\/\"}]}<\/script>\n<!-- \/ Yoast SEO plugin. -->","yoast_head_json":{"title":"La deuxi\u00e8me conf\u00e9rence annuelle des petits agriculteurs et \u00e9leveurs minoritaires - Pattern Energy","description":"James et Rachael Stewart sont \u00e0 la t\u00eate d'une nouvelle g\u00e9n\u00e9ration d'entrepreneurs issus de minorit\u00e9s qui souhaitent s'essayer \u00e0 la construction de ranchs et de fermes dans les zones rurales de l'Arizona. Ils ont organis\u00e9 la deuxi\u00e8me conf\u00e9rence annuelle des petits agriculteurs et \u00e9leveurs minoritaires.","robots":{"index":"index","follow":"follow","max-snippet":"max-snippet:-1","max-image-preview":"max-image-preview:large","max-video-preview":"max-video-preview:-1"},"canonical":"https:\/\/patternenergy.com\/fr\/la-deuxieme-conference-annuelle-des-petits-agriculteurs-et-eleveurs-minoritaires\/","og_locale":"fr_FR","og_type":"article","og_title":"La deuxi\u00e8me conf\u00e9rence annuelle des petits agriculteurs et \u00e9leveurs minoritaires","og_description":"Vous vous int\u00e9ressez \u00e0 l'agriculture durable et au soutien des entreprises d\u00e9tenues par des minorit\u00e9s ? Vous ne voudrez pas manquer cet article sur la conf\u00e9rence des petits agriculteurs et \u00e9leveurs minoritaires, qui contribue \u00e0 promouvoir une nouvelle g\u00e9n\u00e9ration d'agriculteurs et d'\u00e9leveurs.","og_url":"https:\/\/patternenergy.com\/fr\/la-deuxieme-conference-annuelle-des-petits-agriculteurs-et-eleveurs-minoritaires\/","og_site_name":"Pattern Energy","article_publisher":"https:\/\/www.facebook.com\/PatternEnergy\/","article_published_time":"2023-05-31T22:33:29+00:00","article_modified_time":"2026-01-19T18:39:47+00:00","og_image":[{"url":"https:\/\/patternenergy.com\/wp-content\/uploads\/2023\/05\/Southwest-Black-Ranchers_1280x720px-1024x576.jpg","type":"","width":"","height":""}],"author":"Alisa Frincke","twitter_card":"summary_large_image","twitter_title":"La deuxi\u00e8me conf\u00e9rence annuelle des petits agriculteurs et \u00e9leveurs minoritaires","twitter_description":"Vous vous int\u00e9ressez \u00e0 l'agriculture durable et au soutien des entreprises d\u00e9tenues par des minorit\u00e9s ? Vous ne voudrez pas manquer cet article sur la conf\u00e9rence des petits agriculteurs et \u00e9leveurs minoritaires, qui contribue \u00e0 promouvoir une nouvelle g\u00e9n\u00e9ration d'agriculteurs et d'\u00e9leveurs.","twitter_image":"https:\/\/patternenergy.com\/wp-content\/uploads\/2023\/05\/Southwest-Black-Ranchers_1280x720px-1024x576.jpg","twitter_misc":{"\u00c9crit par":"Alisa Frincke","Dur\u00e9e de lecture estim\u00e9e":"6 minutes"},"schema":{"@context":"https:\/\/schema.org","@graph":[{"@type":"Article","@id":"https:\/\/patternenergy.com\/fr\/la-deuxieme-conference-annuelle-des-petits-agriculteurs-et-eleveurs-minoritaires\/#article","isPartOf":{"@id":"https:\/\/patternenergy.com\/fr\/la-deuxieme-conference-annuelle-des-petits-agriculteurs-et-eleveurs-minoritaires\/"},"author":{"name":"Alisa Frincke","@id":"https:\/\/patternenergy.com\/fr\/#\/schema\/person\/6f7080f7c9428a32a6bbe73bf6c8e412"},"headline":"La deuxi\u00e8me conf\u00e9rence annuelle des petits agriculteurs et \u00e9leveurs minoritaires","datePublished":"2023-05-31T22:33:29+00:00","dateModified":"2026-01-19T18:39:47+00:00","mainEntityOfPage":{"@id":"https:\/\/patternenergy.com\/fr\/la-deuxieme-conference-annuelle-des-petits-agriculteurs-et-eleveurs-minoritaires\/"},"wordCount":1265,"publisher":{"@id":"https:\/\/patternenergy.com\/fr\/#organization"},"image":{"@id":"https:\/\/patternenergy.com\/fr\/la-deuxieme-conference-annuelle-des-petits-agriculteurs-et-eleveurs-minoritaires\/#primaryimage"},"thumbnailUrl":"https:\/\/patternenergy.com\/wp-content\/uploads\/2023\/05\/Southwest-Black-Ranchers_Feature-Blog-800x800-1-scaled.webp","keywords":["Entreprises locales","\u00c9v\u00e9nements locaux","ferme","la durabilit\u00e9","La population locale","parrainage","Propri\u00e9taires fonciers","ranch","terre"],"articleSection":["Durabilit\u00e9","\u00c9tats-Unis","Histoires de l'\u00e9nergie des patrons","Non classifi\u00e9(e)"],"inLanguage":"fr-FR"},{"@type":"WebPage","@id":"https:\/\/patternenergy.com\/fr\/la-deuxieme-conference-annuelle-des-petits-agriculteurs-et-eleveurs-minoritaires\/","url":"https:\/\/patternenergy.com\/fr\/la-deuxieme-conference-annuelle-des-petits-agriculteurs-et-eleveurs-minoritaires\/","name":"La deuxi\u00e8me conf\u00e9rence annuelle des petits agriculteurs et \u00e9leveurs minoritaires - Pattern Energy","isPartOf":{"@id":"https:\/\/patternenergy.com\/fr\/#website"},"primaryImageOfPage":{"@id":"https:\/\/patternenergy.com\/fr\/la-deuxieme-conference-annuelle-des-petits-agriculteurs-et-eleveurs-minoritaires\/#primaryimage"},"image":{"@id":"https:\/\/patternenergy.com\/fr\/la-deuxieme-conference-annuelle-des-petits-agriculteurs-et-eleveurs-minoritaires\/#primaryimage"},"thumbnailUrl":"https:\/\/patternenergy.com\/wp-content\/uploads\/2023\/05\/Southwest-Black-Ranchers_Feature-Blog-800x800-1-scaled.webp","datePublished":"2023-05-31T22:33:29+00:00","dateModified":"2026-01-19T18:39:47+00:00","description":"James et Rachael Stewart sont \u00e0 la t\u00eate d'une nouvelle g\u00e9n\u00e9ration d'entrepreneurs issus de minorit\u00e9s qui souhaitent s'essayer \u00e0 la construction de ranchs et de fermes dans les zones rurales de l'Arizona. Ils ont organis\u00e9 la deuxi\u00e8me conf\u00e9rence annuelle des petits agriculteurs et \u00e9leveurs minoritaires.","breadcrumb":{"@id":"https:\/\/patternenergy.com\/fr\/la-deuxieme-conference-annuelle-des-petits-agriculteurs-et-eleveurs-minoritaires\/#breadcrumb"},"inLanguage":"fr-FR","potentialAction":[{"@type":"ReadAction","target":["https:\/\/patternenergy.com\/fr\/la-deuxieme-conference-annuelle-des-petits-agriculteurs-et-eleveurs-minoritaires\/"]}]},{"@type":"ImageObject","inLanguage":"fr-FR","@id":"https:\/\/patternenergy.com\/fr\/la-deuxieme-conference-annuelle-des-petits-agriculteurs-et-eleveurs-minoritaires\/#primaryimage","url":"https:\/\/patternenergy.com\/wp-content\/uploads\/2023\/05\/Southwest-Black-Ranchers_Feature-Blog-800x800-1-scaled.webp","contentUrl":"https:\/\/patternenergy.com\/wp-content\/uploads\/2023\/05\/Southwest-Black-Ranchers_Feature-Blog-800x800-1-scaled.webp","width":2560,"height":2560},{"@type":"BreadcrumbList","@id":"https:\/\/patternenergy.com\/fr\/la-deuxieme-conference-annuelle-des-petits-agriculteurs-et-eleveurs-minoritaires\/#breadcrumb","itemListElement":[{"@type":"ListItem","position":1,"name":"Home","item":"https:\/\/patternenergy.com\/fr\/"},{"@type":"ListItem","position":2,"name":"La deuxi\u00e8me conf\u00e9rence annuelle des petits agriculteurs et \u00e9leveurs minoritaires"}]},{"@type":"WebSite","@id":"https:\/\/patternenergy.com\/fr\/#website","url":"https:\/\/patternenergy.com\/fr\/","name":"Pattern Energy","description":"Nous d\u00e9veloppons, construisons, poss\u00e9dons et exploitons des projets \u00e9oliens, solaires, de transport et de stockage d'\u00e9nergie de haute qualit\u00e9 dans le monde entier.","publisher":{"@id":"https:\/\/patternenergy.com\/fr\/#organization"},"potentialAction":[{"@type":"SearchAction","target":{"@type":"EntryPoint","urlTemplate":"https:\/\/patternenergy.com\/fr\/?s={search_term_string}"},"query-input":{"@type":"PropertyValueSpecification","valueRequired":true,"valueName":"search_term_string"}}],"inLanguage":"fr-FR"},{"@type":"Organization","@id":"https:\/\/patternenergy.com\/fr\/#organization","name":"Pattern Energy","url":"https:\/\/patternenergy.com\/fr\/","logo":{"@type":"ImageObject","inLanguage":"fr-FR","@id":"https:\/\/patternenergy.com\/fr\/#\/schema\/logo\/image\/","url":"https:\/\/patternenergy.com\/wp-content\/uploads\/2022\/01\/Pattern-Energy-Media-thumbnail-logo.jpg","contentUrl":"https:\/\/patternenergy.com\/wp-content\/uploads\/2022\/01\/Pattern-Energy-Media-thumbnail-logo.jpg","width":1200,"height":627,"caption":"Pattern Energy"},"image":{"@id":"https:\/\/patternenergy.com\/fr\/#\/schema\/logo\/image\/"},"sameAs":["https:\/\/www.facebook.com\/PatternEnergy\/","https:\/\/instagram.com\/patternenergy?utm_medium=copy_link","https:\/\/www.linkedin.com\/company\/pattern-energy","https:\/\/www.youtube.com\/user\/PatternEnergy?app=desktop","https:\/\/web.cauze.com\/company\/293"]},{"@type":"Person","@id":"https:\/\/patternenergy.com\/fr\/#\/schema\/person\/6f7080f7c9428a32a6bbe73bf6c8e412","name":"Alisa Frincke","url":"https:\/\/patternenergy.com\/fr\/author\/alisa\/"}]}},"_links":{"self":[{"href":"https:\/\/patternenergy.com\/fr\/wp-json\/wp\/v2\/posts\/18616","targetHints":{"allow":["GET"]}}],"collection":[{"href":"https:\/\/patternenergy.com\/fr\/wp-json\/wp\/v2\/posts"}],"about":[{"href":"https:\/\/patternenergy.com\/fr\/wp-json\/wp\/v2\/types\/post"}],"author":[{"embeddable":true,"href":"https:\/\/patternenergy.com\/fr\/wp-json\/wp\/v2\/users\/3"}],"replies":[{"embeddable":true,"href":"https:\/\/patternenergy.com\/fr\/wp-json\/wp\/v2\/comments?post=18616"}],"version-history":[{"count":0,"href":"https:\/\/patternenergy.com\/fr\/wp-json\/wp\/v2\/posts\/18616\/revisions"}],"wp:featuredmedia":[{"embeddable":true,"href":"https:\/\/patternenergy.com\/fr\/wp-json\/wp\/v2\/media\/16003"}],"wp:attachment":[{"href":"https:\/\/patternenergy.com\/fr\/wp-json\/wp\/v2\/media?parent=18616"}],"wp:term":[{"taxonomy":"category","embeddable":true,"href":"https:\/\/patternenergy.com\/fr\/wp-json\/wp\/v2\/categories?post=18616"},{"taxonomy":"post_tag","embeddable":true,"href":"https:\/\/patternenergy.com\/fr\/wp-json\/wp\/v2\/tags?post=18616"},{"taxonomy":"sub_site","embeddable":true,"href":"https:\/\/patternenergy.com\/fr\/wp-json\/wp\/v2\/sub_site?post=18616"}],"curies":[{"name":"wp","href":"https:\/\/api.w.org\/{rel}","templated":true}]}}