{"id":18321,"date":"2022-09-16T11:36:11","date_gmt":"2022-09-16T16:36:11","guid":{"rendered":"https:\/\/patternenergy.com\/les-gens-du-modele-adam-cernea-clark\/"},"modified":"2026-01-19T13:36:02","modified_gmt":"2026-01-19T18:36:02","slug":"les-gens-du-modele-adam-cernea-clark","status":"publish","type":"post","link":"https:\/\/patternenergy.com\/fr\/les-gens-du-modele-adam-cernea-clark\/","title":{"rendered":"Les gens du mod\u00e8le : Adam Cernea Clark"},"content":{"rendered":"<blockquote><p><span style=\"font-weight: 400\">\u00ab\u00a0Je suis un artiste, j&rsquo;ai de l&rsquo;\u00e9nergie cr\u00e9ative et Pattern Energy m&rsquo;offre une carri\u00e8re o\u00f9 je peux la d\u00e9ployer de mani\u00e8re coh\u00e9rente. Souvent, il n&rsquo;y a pas qu&rsquo;une seule fa\u00e7on d&rsquo;atteindre un objectif sur lequel je travaille, et le fait de pouvoir canaliser mon \u00e9nergie cr\u00e9ative dans mon travail est satisfaisant\u00a0\u00bb.<\/span><\/p><\/blockquote>\n<div id=\"attachment_6731\" style=\"width: 972px\" class=\"wp-caption alignnone\"><a href=\"https:\/\/patternenergy.com\/wp-content\/uploads\/2022\/09\/Adam-Cernea-Clark.jpeg\"><img loading=\"lazy\" decoding=\"async\" aria-describedby=\"caption-attachment-6731\" class=\"size-full wp-image-6731\" src=\"https:\/\/patternenergy.com\/wp-content\/uploads\/2022\/09\/Adam-Cernea-Clark.jpeg\" alt=\"\" width=\"962\" height=\"1200\" srcset=\"https:\/\/patternenergy.com\/wp-content\/uploads\/2022\/09\/Adam-Cernea-Clark.jpeg 962w, https:\/\/patternenergy.com\/wp-content\/uploads\/2022\/09\/Adam-Cernea-Clark-241x300.jpeg 241w, https:\/\/patternenergy.com\/wp-content\/uploads\/2022\/09\/Adam-Cernea-Clark-821x1024.jpeg 821w, https:\/\/patternenergy.com\/wp-content\/uploads\/2022\/09\/Adam-Cernea-Clark-768x958.jpeg 768w\" sizes=\"auto, (max-width: 962px) 100vw, 962px\" \/><\/a><p id=\"caption-attachment-6731\" class=\"wp-caption-text\">Adam Cernea Clark<\/p><\/div>\n<p><span style=\"font-weight: 400\">Adam Cernea Clark est gestionnaire principal de l&rsquo;environnement et des ressources naturelles pour Pattern Energy. Il s&rsquo;agit d&rsquo;un poste unique qui requiert des comp\u00e9tences cr\u00e9atives et diversifi\u00e9es, tout comme celles qu&rsquo;Adam a perfectionn\u00e9es pendant des ann\u00e9es.  <\/span><span style=\"font-weight: 400\"><br \/>\n<\/span><span style=\"font-weight: 400\"><br \/>\n<\/span><span style=\"font-weight: 400\">Le parcours de Cernea Clark dans l&rsquo;industrie des \u00e9nergies renouvelables est int\u00e9ressant et a commenc\u00e9 \u00e0 des milliers de kilom\u00e8tres de l\u00e0, \u00e0 Hong Kong.  <\/span><span style=\"font-weight: 400\"><br \/>\n<\/span><span style=\"font-weight: 400\"><br \/>\n<\/span><span style=\"font-weight: 400\">\u00ab\u00a0Je suis n\u00e9e \u00e0 Hong Kong et nous y avons v\u00e9cu jusqu&rsquo;\u00e0 l&rsquo;\u00e2ge de cinq ans\u00a0\u00bb, a d\u00e9clar\u00e9 Cernea Clark. Apr\u00e8s avoir fr\u00e9quent\u00e9 le lyc\u00e9e de Houston, au Texas, Cernea Clark a obtenu un dipl\u00f4me de premier cycle en cr\u00e9ation litt\u00e9raire au Kenyon College, un master en droit et politique de l&rsquo;environnement \u00e0 la Vermont Law and Graduate School, et un doctorat en droit \u00e0 la Northeastern University.  <\/span><span style=\"font-weight: 400\"><br \/>\n<\/span><span style=\"font-weight: 400\"><br \/>\n<\/span><span style=\"font-weight: 400\">\u00ab\u00a0J&rsquo;ai fait des \u00e9tudes de droit, mais <\/span><i><span style=\"font-weight: 400\">pas<\/span><\/i><span style=\"font-weight: 400\">  pour devenir avocat\u00a0\u00bb, a d\u00e9clar\u00e9 Cernea Clark avec s\u00e9rieux. \u00ab\u00a0Je voulais faire bouger les choses en mati\u00e8re de changement climatique, et l&rsquo;\u00e9cole de droit m&rsquo;a permis d&rsquo;atteindre cet objectif.<\/span><\/p>\n<div id=\"attachment_6733\" style=\"width: 910px\" class=\"wp-caption alignnone\"><a href=\"https:\/\/patternenergy.com\/wp-content\/uploads\/2022\/09\/Adam-and-really-big-cactus.jpeg\"><img loading=\"lazy\" decoding=\"async\" aria-describedby=\"caption-attachment-6733\" class=\"size-full wp-image-6733\" src=\"https:\/\/patternenergy.com\/wp-content\/uploads\/2022\/09\/Adam-and-really-big-cactus.jpeg\" alt=\"\" width=\"900\" height=\"1200\" srcset=\"https:\/\/patternenergy.com\/wp-content\/uploads\/2022\/09\/Adam-and-really-big-cactus.jpeg 900w, https:\/\/patternenergy.com\/wp-content\/uploads\/2022\/09\/Adam-and-really-big-cactus-225x300.jpeg 225w, https:\/\/patternenergy.com\/wp-content\/uploads\/2022\/09\/Adam-and-really-big-cactus-768x1024.jpeg 768w\" sizes=\"auto, (max-width: 900px) 100vw, 900px\" \/><\/a><p id=\"caption-attachment-6733\" class=\"wp-caption-text\">Quelques nouveaux amis d&rsquo;Adam<\/p><\/div>\n<h3>Construire des partenariats, pr\u00e9server l&rsquo;environnement<\/h3>\n<p><span style=\"font-weight: 400\">\u00ab\u00a0Lorsque nous avons commenc\u00e9 \u00e0 travailler sur le projet SunZia Wind, des groupes de protection de la nature se sont oppos\u00e9s \u00e0 notre projet\u00a0\u00bb, a d\u00e9clar\u00e9 Cernea Clark. \u00ab\u00a0Leurs pr\u00e9occupations concernaient en particulier le bien-\u00eatre des grues qui traversent la r\u00e9gion\u00a0\u00bb, a-t-il d\u00e9clar\u00e9.<\/span><span style=\"font-weight: 400\"><br \/>\n<\/span><span style=\"font-weight: 400\"><br \/>\n<\/span><span style=\"font-weight: 400\">\u00ab\u00a0Chez Pattern, nous prenons tr\u00e8s au s\u00e9rieux notre engagement en faveur de l&rsquo;environnement, c&rsquo;est pourquoi j&rsquo;ai pris le temps de discuter avec toutes les personnes concern\u00e9es. Nous pensons qu&rsquo;il est important d&rsquo;\u00e9couter, d&rsquo;instaurer la confiance et de soutenir les communaut\u00e9s dans lesquelles nous sommes implant\u00e9s, c&rsquo;est pourquoi nous avons financ\u00e9 des recherches sur les grues\u00a0\u00bb.<\/span><\/p>\n<div id=\"attachment_6734\" style=\"width: 910px\" class=\"wp-caption alignnone\"><a href=\"https:\/\/patternenergy.com\/wp-content\/uploads\/2022\/09\/Stefan-and-Silvia.jpeg\"><img loading=\"lazy\" decoding=\"async\" aria-describedby=\"caption-attachment-6734\" class=\"size-full wp-image-6734\" src=\"https:\/\/patternenergy.com\/wp-content\/uploads\/2022\/09\/Stefan-and-Silvia.jpeg\" alt=\"\" width=\"900\" height=\"1200\" srcset=\"https:\/\/patternenergy.com\/wp-content\/uploads\/2022\/09\/Stefan-and-Silvia.jpeg 900w, https:\/\/patternenergy.com\/wp-content\/uploads\/2022\/09\/Stefan-and-Silvia-225x300.jpeg 225w, https:\/\/patternenergy.com\/wp-content\/uploads\/2022\/09\/Stefan-and-Silvia-768x1024.jpeg 768w\" sizes=\"auto, (max-width: 900px) 100vw, 900px\" \/><\/a><p id=\"caption-attachment-6734\" class=\"wp-caption-text\">Stefan et Silvia<\/p><\/div>\n<p><span style=\"font-weight: 400\">Cernea Clark a expliqu\u00e9 qu&rsquo;il \u00e9tait sur le terrain avec les chercheurs, utilisant des filets pour attraper les grues en toute s\u00e9curit\u00e9 et les marquer. Une fois les donn\u00e9es de recherche obtenues, ils ont pr\u00e9sent\u00e9 leurs r\u00e9sultats \u00e0 des scientifiques et \u00e0 des groupes de protection de la nature qui ont appr\u00e9ci\u00e9 le travail et, en particulier, l&rsquo;engagement de Pattern \u00e0 faire les choses correctement.  <\/span><span style=\"font-weight: 400\"><br \/>\n<\/span><span style=\"font-weight: 400\"><br \/>\n<\/span><span style=\"font-weight: 400\">Le r\u00e9sultat final a \u00e9t\u00e9 un succ\u00e8s, et Cernea Clark a d\u00e9clar\u00e9 qu&rsquo;il travaillait avec les m\u00eames parties prenantes de la communaut\u00e9 pour finaliser un accord sur les avantages pour la communaut\u00e9.<\/span><\/p>\n<p><span style=\"font-weight: 400\">\u00ab\u00a0Une fois que je suis engag\u00e9e dans un projet pour Pattern, je peux avoir un impact d\u00e8s le d\u00e9part\u00a0\u00bb, a d\u00e9clar\u00e9 Cernea Clark. \u00ab\u00a0Il est agr\u00e9able de voir que les r\u00e9sultats de notre travail sont accueillis positivement par les communaut\u00e9s o\u00f9 nous sommes pr\u00e9sents\u00a0\u00bb.<\/span><\/p>\n<h3>Ce que je pr\u00e9f\u00e8re dans mon travail chez Pattern Energy :<\/h3>\n<p><span style=\"font-weight: 400\">\u00ab\u00a0Je suis un artiste et j&rsquo;ai de l&rsquo;\u00e9nergie cr\u00e9ative. Pattern Energy m&rsquo;offre une carri\u00e8re o\u00f9 je peux la d\u00e9ployer en permanence. Souvent, il n&rsquo;y a pas une seule fa\u00e7on d&rsquo;atteindre un objectif sur lequel je travaille, et le fait de pouvoir canaliser mon \u00e9nergie cr\u00e9ative dans mon travail est satisfaisant\u00a0\u00bb, a-t-il d\u00e9clar\u00e9.  <\/span><\/p>\n<h3>Vie personnelle<\/h3>\n<p><span style=\"font-weight: 400\">Adam n&rsquo;a pas toujours eu le nom de famille \u00ab\u00a0Cernea Clark\u00a0\u00bb. Lorsque lui et sa femme, Silvia, se sont mari\u00e9s, ils ont d\u00e9cid\u00e9 de combiner leurs noms de famille pour en faire un nom de famille unique pour leur famille.  <\/span><span style=\"font-weight: 400\"><br \/>\n<\/span><span style=\"font-weight: 400\"><br \/>\n<\/span><span style=\"font-weight: 400\">\u00ab\u00a0Nous pensons que c&rsquo;est sp\u00e9cial, et notre fils, Stefan, a \u00e9t\u00e9 le premier \u00e0 porter notre nouveau nom de famille et nous sommes la seule famille \u00e0 porter notre nom.<\/span><span style=\"font-weight: 400\"><br \/>\n<\/span><span style=\"font-weight: 400\"><br \/>\n<\/span><span style=\"font-weight: 400\">Silvia est originaire de Roumanie et, cet \u00e9t\u00e9, elle rend visite \u00e0 sa famille et \u00e0 son fils Stefan, \u00e2g\u00e9 de sept ans. \u00ab\u00a0Nous nous estimons heureux que notre fils puisse passer du temps avec la famille de Silvia en Roumanie chaque \u00e9t\u00e9\u00a0\u00bb, a-t-il d\u00e9clar\u00e9.<\/span><\/p>\n<div id=\"attachment_6735\" style=\"width: 910px\" class=\"wp-caption alignnone\"><a href=\"https:\/\/patternenergy.com\/wp-content\/uploads\/2022\/09\/Stefan-sketching-Ramses.jpeg\"><img loading=\"lazy\" decoding=\"async\" aria-describedby=\"caption-attachment-6735\" class=\"size-full wp-image-6735\" src=\"https:\/\/patternenergy.com\/wp-content\/uploads\/2022\/09\/Stefan-sketching-Ramses.jpeg\" alt=\"\" width=\"900\" height=\"1200\" srcset=\"https:\/\/patternenergy.com\/wp-content\/uploads\/2022\/09\/Stefan-sketching-Ramses.jpeg 900w, https:\/\/patternenergy.com\/wp-content\/uploads\/2022\/09\/Stefan-sketching-Ramses-225x300.jpeg 225w, https:\/\/patternenergy.com\/wp-content\/uploads\/2022\/09\/Stefan-sketching-Ramses-768x1024.jpeg 768w\" sizes=\"auto, (max-width: 900px) 100vw, 900px\" \/><\/a><p id=\"caption-attachment-6735\" class=\"wp-caption-text\">Stefan, dessinant Rams\u00e8s II<\/p><\/div>\n<p><span style=\"font-weight: 400\">Lorsque la famille se trouve \u00e0 Houston, Cernea Clark dit qu&rsquo;elle aime aller voir les alligators au Brazos Bend State Park et visiter les mus\u00e9es.  <\/span><span style=\"font-weight: 400\"><br \/>\n<\/span><span style=\"font-weight: 400\"><br \/>\n<\/span><span style=\"font-weight: 400\">\u00ab\u00a0Stefan et moi aimons aller au mus\u00e9e d&rsquo;art de Houston\u00a0\u00bb, a-t-il d\u00e9clar\u00e9. \u00ab\u00a0J&rsquo;\u00e9tais tr\u00e8s attir\u00e9 par l&rsquo;art quand j&rsquo;\u00e9tais enfant, et c&rsquo;est amusant de voir que mon fils l&rsquo;est aussi.<\/span><span style=\"font-weight: 400\"><br \/>\n<\/span><span style=\"font-weight: 400\"><br \/>\n<\/span><span style=\"font-weight: 400\">Cernea Clark a d\u00e9clar\u00e9 que Stefan et lui apportaient des carnets de croquis chaque fois qu&rsquo;ils visitaient le mus\u00e9e. Lorsqu&rsquo;ils trouvent une \u0153uvre d&rsquo;art qui leur pla\u00eet, ils s&rsquo;assoient et font de leur mieux pour la dessiner eux-m\u00eames.  <\/span><span style=\"font-weight: 400\"><br \/>\n<\/span><span style=\"font-weight: 400\"><br \/>\n<\/span><span style=\"font-weight: 400\">\u00ab\u00a0Nous \u00e9tions au mus\u00e9e pour l&rsquo;exposition Rams\u00e8s II et nous avons dessin\u00e9 ensemble des hi\u00e9roglyphes\u00a0\u00bb, a-t-il d\u00e9clar\u00e9.<\/span><\/p>\n<div id=\"attachment_6732\" style=\"width: 1210px\" class=\"wp-caption alignnone\"><a href=\"https:\/\/patternenergy.com\/wp-content\/uploads\/2022\/09\/Adam-and-Stefan.jpeg\"><img loading=\"lazy\" decoding=\"async\" aria-describedby=\"caption-attachment-6732\" class=\"size-full wp-image-6732\" src=\"https:\/\/patternenergy.com\/wp-content\/uploads\/2022\/09\/Adam-and-Stefan.jpeg\" alt=\"\" width=\"1200\" height=\"900\" srcset=\"https:\/\/patternenergy.com\/wp-content\/uploads\/2022\/09\/Adam-and-Stefan.jpeg 1200w, https:\/\/patternenergy.com\/wp-content\/uploads\/2022\/09\/Adam-and-Stefan-300x225.jpeg 300w, https:\/\/patternenergy.com\/wp-content\/uploads\/2022\/09\/Adam-and-Stefan-1024x768.jpeg 1024w, https:\/\/patternenergy.com\/wp-content\/uploads\/2022\/09\/Adam-and-Stefan-768x576.jpeg 768w\" sizes=\"auto, (max-width: 1200px) 100vw, 1200px\" \/><\/a><p id=\"caption-attachment-6732\" class=\"wp-caption-text\">Adam et Stefan<\/p><\/div>\n<h3>L&rsquo;avenir<\/h3>\n<p><span style=\"font-weight: 400\">\u00ab\u00a0Je n&rsquo;ai jamais pens\u00e9 que j&rsquo;allais travailler pour une entreprise\u00a0\u00bb, a d\u00e9clar\u00e9 Cernea Clark, \u00ab\u00a0mais j&rsquo;aime mon travail\u00a0\u00bb. Il a ajout\u00e9 qu&rsquo;il \u00e9tait enthousiaste \u00e0 l&rsquo;id\u00e9e de poursuivre sa carri\u00e8re chez Pattern et qu&rsquo;il souhaitait explorer les possibilit\u00e9s de diriger les efforts de Pattern Energy \u00e0 l&rsquo;\u00e9tranger.  <\/span><span style=\"font-weight: 400\"><br \/>\n<\/span><span style=\"font-weight: 400\"><br \/>\n<\/span><span style=\"font-weight: 400\">\u00ab\u00a0Ma famille et moi souhaitons vivre \u00e0 l&rsquo;\u00e9tranger et Pattern Energy se d\u00e9veloppe \u00e0 l&rsquo;\u00e9chelle internationale. Rejoindre l&rsquo;\u00e9quipe de Pattern Energy \u00e9tait la bonne d\u00e9cision pour moi, et l&rsquo;avenir est prometteur.\u00a0\u00bb<\/span><\/p>\n","protected":false},"excerpt":{"rendered":"<p>\u00ab\u00a0Je suis un artiste, j&rsquo;ai de l&rsquo;\u00e9nergie cr\u00e9ative et Pattern Energy m&rsquo;offre une carri\u00e8re o\u00f9 je peux la d\u00e9ployer de mani\u00e8re coh\u00e9rente. Souvent, il n&rsquo;y a pas qu&rsquo;une seule fa\u00e7on d&rsquo;atteindre un objectif sur lequel je travaille, et le fait de pouvoir canaliser mon \u00e9nergie cr\u00e9ative dans mon travail est satisfaisant\u00a0\u00bb. Adam Cernea Clark est [&hellip;]<\/p>\n","protected":false},"author":3,"featured_media":14561,"comment_status":"closed","ping_status":"closed","sticky":false,"template":"","format":"standard","meta":{"_acf_changed":false,"footnotes":""},"categories":[537,515,523,657,536],"tags":[1069,820,1070,551],"sub_site":[],"class_list":["post-18321","post","type-post","status-publish","format-standard","has-post-thumbnail","hentry","category-carrieres","category-durabilite","category-etats-unis","category-histoires-de-lenergie-des-patrons","category-personnes-a-patrons","tag-environnement-fr","tag-etats-unis","tag-histoires-de-lenergie-des-patrons","tag-la-durabilite"],"acf":[],"yoast_head":"<!-- This site is optimized with the Yoast SEO plugin v27.5 - https:\/\/yoast.com\/product\/yoast-seo-wordpress\/ -->\n<title>Les gens du mod\u00e8le : Adam Cernea Clark - Pattern Energy<\/title>\n<meta name=\"description\" content=\"Adam Cernea Clark occupe le poste de Senior Environmental and Natural Manager pour Pattern Energy, un poste unique qui requiert des comp\u00e9tences diverses et cr\u00e9atives, comme celles qu&#039;Adam perfectionne depuis des ann\u00e9es.\" \/>\n<meta name=\"robots\" content=\"index, follow, max-snippet:-1, max-image-preview:large, max-video-preview:-1\" \/>\n<link rel=\"canonical\" href=\"https:\/\/patternenergy.com\/fr\/les-gens-du-modele-adam-cernea-clark\/\" \/>\n<meta property=\"og:locale\" content=\"fr_FR\" \/>\n<meta property=\"og:type\" content=\"article\" \/>\n<meta property=\"og:title\" content=\"Les gens du mod\u00e8le : Adam Cernea Clark\" \/>\n<meta property=\"og:description\" content=\"Adam Cernea Clark a fait des \u00e9tudes de droit... non pas pour devenir avocat, mais pour aider l&#039;environnement. Lisez la suite pour en savoir plus.\" \/>\n<meta property=\"og:url\" content=\"https:\/\/patternenergy.com\/fr\/les-gens-du-modele-adam-cernea-clark\/\" \/>\n<meta property=\"og:site_name\" content=\"Pattern Energy\" \/>\n<meta property=\"article:publisher\" content=\"https:\/\/www.facebook.com\/PatternEnergy\/\" \/>\n<meta property=\"article:published_time\" content=\"2022-09-16T16:36:11+00:00\" \/>\n<meta property=\"article:modified_time\" content=\"2026-01-19T18:36:02+00:00\" \/>\n<meta property=\"og:image\" content=\"https:\/\/patternenergy.com\/wp-content\/uploads\/2022\/09\/Pattern_Corporate_Adam-Cernea-Clark-Social-Preview-Image_09.08.22_DRAFT-1024x538.jpg\" \/>\n<meta name=\"author\" content=\"Alisa Frincke\" \/>\n<meta name=\"twitter:card\" content=\"summary_large_image\" \/>\n<meta name=\"twitter:title\" content=\"Les gens du mod\u00e8le : Adam Cernea Clark\" \/>\n<meta name=\"twitter:description\" content=\"Adam Cernea Clark a fait des \u00e9tudes de droit... non pas pour devenir avocat, mais pour aider l&#039;environnement. Lisez la suite pour en savoir plus.\" \/>\n<meta name=\"twitter:image\" content=\"https:\/\/patternenergy.com\/wp-content\/uploads\/2022\/09\/Pattern_Corporate_Adam-Cernea-Clark-Social-Preview-Image_09.08.22_DRAFT-1024x538.jpg\" \/>\n<meta name=\"twitter:label1\" content=\"\u00c9crit par\" \/>\n\t<meta name=\"twitter:data1\" content=\"Alisa Frincke\" \/>\n\t<meta name=\"twitter:label2\" content=\"Dur\u00e9e de lecture estim\u00e9e\" \/>\n\t<meta name=\"twitter:data2\" content=\"5 minutes\" \/>\n<script type=\"application\/ld+json\" class=\"yoast-schema-graph\">{\"@context\":\"https:\\\/\\\/schema.org\",\"@graph\":[{\"@type\":\"Article\",\"@id\":\"https:\\\/\\\/patternenergy.com\\\/fr\\\/les-gens-du-modele-adam-cernea-clark\\\/#article\",\"isPartOf\":{\"@id\":\"https:\\\/\\\/patternenergy.com\\\/fr\\\/les-gens-du-modele-adam-cernea-clark\\\/\"},\"author\":{\"name\":\"Alisa Frincke\",\"@id\":\"https:\\\/\\\/patternenergy.com\\\/fr\\\/#\\\/schema\\\/person\\\/6f7080f7c9428a32a6bbe73bf6c8e412\"},\"headline\":\"Les gens du mod\u00e8le : Adam Cernea Clark\",\"datePublished\":\"2022-09-16T16:36:11+00:00\",\"dateModified\":\"2026-01-19T18:36:02+00:00\",\"mainEntityOfPage\":{\"@id\":\"https:\\\/\\\/patternenergy.com\\\/fr\\\/les-gens-du-modele-adam-cernea-clark\\\/\"},\"wordCount\":1016,\"publisher\":{\"@id\":\"https:\\\/\\\/patternenergy.com\\\/fr\\\/#organization\"},\"image\":{\"@id\":\"https:\\\/\\\/patternenergy.com\\\/fr\\\/les-gens-du-modele-adam-cernea-clark\\\/#primaryimage\"},\"thumbnailUrl\":\"https:\\\/\\\/patternenergy.com\\\/wp-content\\\/uploads\\\/2022\\\/09\\\/Pattern_Corporate_Adam-Cernea-Clark-Feature-Image-Revised_9.20.22_DRAFT.jpg\",\"keywords\":[\"Environnement\",\"\u00c9tats-Unis\",\"Histoires de l'\u00e9nergie des patrons\",\"la durabilit\u00e9\"],\"articleSection\":[\"Carri\u00e8res\",\"Durabilit\u00e9\",\"\u00c9tats-Unis\",\"Histoires de l'\u00e9nergie des patrons\",\"Personnes \u00e0 patrons\"],\"inLanguage\":\"fr-FR\"},{\"@type\":\"WebPage\",\"@id\":\"https:\\\/\\\/patternenergy.com\\\/fr\\\/les-gens-du-modele-adam-cernea-clark\\\/\",\"url\":\"https:\\\/\\\/patternenergy.com\\\/fr\\\/les-gens-du-modele-adam-cernea-clark\\\/\",\"name\":\"Les gens du mod\u00e8le : Adam Cernea Clark - Pattern Energy\",\"isPartOf\":{\"@id\":\"https:\\\/\\\/patternenergy.com\\\/fr\\\/#website\"},\"primaryImageOfPage\":{\"@id\":\"https:\\\/\\\/patternenergy.com\\\/fr\\\/les-gens-du-modele-adam-cernea-clark\\\/#primaryimage\"},\"image\":{\"@id\":\"https:\\\/\\\/patternenergy.com\\\/fr\\\/les-gens-du-modele-adam-cernea-clark\\\/#primaryimage\"},\"thumbnailUrl\":\"https:\\\/\\\/patternenergy.com\\\/wp-content\\\/uploads\\\/2022\\\/09\\\/Pattern_Corporate_Adam-Cernea-Clark-Feature-Image-Revised_9.20.22_DRAFT.jpg\",\"datePublished\":\"2022-09-16T16:36:11+00:00\",\"dateModified\":\"2026-01-19T18:36:02+00:00\",\"description\":\"Adam Cernea Clark occupe le poste de Senior Environmental and Natural Manager pour Pattern Energy, un poste unique qui requiert des comp\u00e9tences diverses et cr\u00e9atives, comme celles qu'Adam perfectionne depuis des ann\u00e9es.\",\"breadcrumb\":{\"@id\":\"https:\\\/\\\/patternenergy.com\\\/fr\\\/les-gens-du-modele-adam-cernea-clark\\\/#breadcrumb\"},\"inLanguage\":\"fr-FR\",\"potentialAction\":[{\"@type\":\"ReadAction\",\"target\":[\"https:\\\/\\\/patternenergy.com\\\/fr\\\/les-gens-du-modele-adam-cernea-clark\\\/\"]}]},{\"@type\":\"ImageObject\",\"inLanguage\":\"fr-FR\",\"@id\":\"https:\\\/\\\/patternenergy.com\\\/fr\\\/les-gens-du-modele-adam-cernea-clark\\\/#primaryimage\",\"url\":\"https:\\\/\\\/patternenergy.com\\\/wp-content\\\/uploads\\\/2022\\\/09\\\/Pattern_Corporate_Adam-Cernea-Clark-Feature-Image-Revised_9.20.22_DRAFT.jpg\",\"contentUrl\":\"https:\\\/\\\/patternenergy.com\\\/wp-content\\\/uploads\\\/2022\\\/09\\\/Pattern_Corporate_Adam-Cernea-Clark-Feature-Image-Revised_9.20.22_DRAFT.jpg\",\"width\":1200,\"height\":1200},{\"@type\":\"BreadcrumbList\",\"@id\":\"https:\\\/\\\/patternenergy.com\\\/fr\\\/les-gens-du-modele-adam-cernea-clark\\\/#breadcrumb\",\"itemListElement\":[{\"@type\":\"ListItem\",\"position\":1,\"name\":\"Home\",\"item\":\"https:\\\/\\\/patternenergy.com\\\/fr\\\/\"},{\"@type\":\"ListItem\",\"position\":2,\"name\":\"Les gens du mod\u00e8le : Adam Cernea Clark\"}]},{\"@type\":\"WebSite\",\"@id\":\"https:\\\/\\\/patternenergy.com\\\/fr\\\/#website\",\"url\":\"https:\\\/\\\/patternenergy.com\\\/fr\\\/\",\"name\":\"Pattern Energy\",\"description\":\"Nous d\u00e9veloppons, construisons, poss\u00e9dons et exploitons des projets \u00e9oliens, solaires, de transport et de stockage d'\u00e9nergie de haute qualit\u00e9 dans le monde entier.\",\"publisher\":{\"@id\":\"https:\\\/\\\/patternenergy.com\\\/fr\\\/#organization\"},\"potentialAction\":[{\"@type\":\"SearchAction\",\"target\":{\"@type\":\"EntryPoint\",\"urlTemplate\":\"https:\\\/\\\/patternenergy.com\\\/fr\\\/?s={search_term_string}\"},\"query-input\":{\"@type\":\"PropertyValueSpecification\",\"valueRequired\":true,\"valueName\":\"search_term_string\"}}],\"inLanguage\":\"fr-FR\"},{\"@type\":\"Organization\",\"@id\":\"https:\\\/\\\/patternenergy.com\\\/fr\\\/#organization\",\"name\":\"Pattern Energy\",\"url\":\"https:\\\/\\\/patternenergy.com\\\/fr\\\/\",\"logo\":{\"@type\":\"ImageObject\",\"inLanguage\":\"fr-FR\",\"@id\":\"https:\\\/\\\/patternenergy.com\\\/fr\\\/#\\\/schema\\\/logo\\\/image\\\/\",\"url\":\"https:\\\/\\\/patternenergy.com\\\/wp-content\\\/uploads\\\/2022\\\/01\\\/Pattern-Energy-Media-thumbnail-logo.jpg\",\"contentUrl\":\"https:\\\/\\\/patternenergy.com\\\/wp-content\\\/uploads\\\/2022\\\/01\\\/Pattern-Energy-Media-thumbnail-logo.jpg\",\"width\":1200,\"height\":627,\"caption\":\"Pattern Energy\"},\"image\":{\"@id\":\"https:\\\/\\\/patternenergy.com\\\/fr\\\/#\\\/schema\\\/logo\\\/image\\\/\"},\"sameAs\":[\"https:\\\/\\\/www.facebook.com\\\/PatternEnergy\\\/\",\"https:\\\/\\\/instagram.com\\\/patternenergy?utm_medium=copy_link\",\"https:\\\/\\\/www.linkedin.com\\\/company\\\/pattern-energy\",\"https:\\\/\\\/www.youtube.com\\\/user\\\/PatternEnergy?app=desktop\",\"https:\\\/\\\/web.cauze.com\\\/company\\\/293\"]},{\"@type\":\"Person\",\"@id\":\"https:\\\/\\\/patternenergy.com\\\/fr\\\/#\\\/schema\\\/person\\\/6f7080f7c9428a32a6bbe73bf6c8e412\",\"name\":\"Alisa Frincke\",\"url\":\"https:\\\/\\\/patternenergy.com\\\/fr\\\/author\\\/alisa\\\/\"}]}<\/script>\n<!-- \/ Yoast SEO plugin. -->","yoast_head_json":{"title":"Les gens du mod\u00e8le : Adam Cernea Clark - Pattern Energy","description":"Adam Cernea Clark occupe le poste de Senior Environmental and Natural Manager pour Pattern Energy, un poste unique qui requiert des comp\u00e9tences diverses et cr\u00e9atives, comme celles qu'Adam perfectionne depuis des ann\u00e9es.","robots":{"index":"index","follow":"follow","max-snippet":"max-snippet:-1","max-image-preview":"max-image-preview:large","max-video-preview":"max-video-preview:-1"},"canonical":"https:\/\/patternenergy.com\/fr\/les-gens-du-modele-adam-cernea-clark\/","og_locale":"fr_FR","og_type":"article","og_title":"Les gens du mod\u00e8le : Adam Cernea Clark","og_description":"Adam Cernea Clark a fait des \u00e9tudes de droit... non pas pour devenir avocat, mais pour aider l'environnement. Lisez la suite pour en savoir plus.","og_url":"https:\/\/patternenergy.com\/fr\/les-gens-du-modele-adam-cernea-clark\/","og_site_name":"Pattern Energy","article_publisher":"https:\/\/www.facebook.com\/PatternEnergy\/","article_published_time":"2022-09-16T16:36:11+00:00","article_modified_time":"2026-01-19T18:36:02+00:00","og_image":[{"url":"https:\/\/patternenergy.com\/wp-content\/uploads\/2022\/09\/Pattern_Corporate_Adam-Cernea-Clark-Social-Preview-Image_09.08.22_DRAFT-1024x538.jpg","type":"","width":"","height":""}],"author":"Alisa Frincke","twitter_card":"summary_large_image","twitter_title":"Les gens du mod\u00e8le : Adam Cernea Clark","twitter_description":"Adam Cernea Clark a fait des \u00e9tudes de droit... non pas pour devenir avocat, mais pour aider l'environnement. Lisez la suite pour en savoir plus.","twitter_image":"https:\/\/patternenergy.com\/wp-content\/uploads\/2022\/09\/Pattern_Corporate_Adam-Cernea-Clark-Social-Preview-Image_09.08.22_DRAFT-1024x538.jpg","twitter_misc":{"\u00c9crit par":"Alisa Frincke","Dur\u00e9e de lecture estim\u00e9e":"5 minutes"},"schema":{"@context":"https:\/\/schema.org","@graph":[{"@type":"Article","@id":"https:\/\/patternenergy.com\/fr\/les-gens-du-modele-adam-cernea-clark\/#article","isPartOf":{"@id":"https:\/\/patternenergy.com\/fr\/les-gens-du-modele-adam-cernea-clark\/"},"author":{"name":"Alisa Frincke","@id":"https:\/\/patternenergy.com\/fr\/#\/schema\/person\/6f7080f7c9428a32a6bbe73bf6c8e412"},"headline":"Les gens du mod\u00e8le : Adam Cernea Clark","datePublished":"2022-09-16T16:36:11+00:00","dateModified":"2026-01-19T18:36:02+00:00","mainEntityOfPage":{"@id":"https:\/\/patternenergy.com\/fr\/les-gens-du-modele-adam-cernea-clark\/"},"wordCount":1016,"publisher":{"@id":"https:\/\/patternenergy.com\/fr\/#organization"},"image":{"@id":"https:\/\/patternenergy.com\/fr\/les-gens-du-modele-adam-cernea-clark\/#primaryimage"},"thumbnailUrl":"https:\/\/patternenergy.com\/wp-content\/uploads\/2022\/09\/Pattern_Corporate_Adam-Cernea-Clark-Feature-Image-Revised_9.20.22_DRAFT.jpg","keywords":["Environnement","\u00c9tats-Unis","Histoires de l'\u00e9nergie des patrons","la durabilit\u00e9"],"articleSection":["Carri\u00e8res","Durabilit\u00e9","\u00c9tats-Unis","Histoires de l'\u00e9nergie des patrons","Personnes \u00e0 patrons"],"inLanguage":"fr-FR"},{"@type":"WebPage","@id":"https:\/\/patternenergy.com\/fr\/les-gens-du-modele-adam-cernea-clark\/","url":"https:\/\/patternenergy.com\/fr\/les-gens-du-modele-adam-cernea-clark\/","name":"Les gens du mod\u00e8le : Adam Cernea Clark - Pattern Energy","isPartOf":{"@id":"https:\/\/patternenergy.com\/fr\/#website"},"primaryImageOfPage":{"@id":"https:\/\/patternenergy.com\/fr\/les-gens-du-modele-adam-cernea-clark\/#primaryimage"},"image":{"@id":"https:\/\/patternenergy.com\/fr\/les-gens-du-modele-adam-cernea-clark\/#primaryimage"},"thumbnailUrl":"https:\/\/patternenergy.com\/wp-content\/uploads\/2022\/09\/Pattern_Corporate_Adam-Cernea-Clark-Feature-Image-Revised_9.20.22_DRAFT.jpg","datePublished":"2022-09-16T16:36:11+00:00","dateModified":"2026-01-19T18:36:02+00:00","description":"Adam Cernea Clark occupe le poste de Senior Environmental and Natural Manager pour Pattern Energy, un poste unique qui requiert des comp\u00e9tences diverses et cr\u00e9atives, comme celles qu'Adam perfectionne depuis des ann\u00e9es.","breadcrumb":{"@id":"https:\/\/patternenergy.com\/fr\/les-gens-du-modele-adam-cernea-clark\/#breadcrumb"},"inLanguage":"fr-FR","potentialAction":[{"@type":"ReadAction","target":["https:\/\/patternenergy.com\/fr\/les-gens-du-modele-adam-cernea-clark\/"]}]},{"@type":"ImageObject","inLanguage":"fr-FR","@id":"https:\/\/patternenergy.com\/fr\/les-gens-du-modele-adam-cernea-clark\/#primaryimage","url":"https:\/\/patternenergy.com\/wp-content\/uploads\/2022\/09\/Pattern_Corporate_Adam-Cernea-Clark-Feature-Image-Revised_9.20.22_DRAFT.jpg","contentUrl":"https:\/\/patternenergy.com\/wp-content\/uploads\/2022\/09\/Pattern_Corporate_Adam-Cernea-Clark-Feature-Image-Revised_9.20.22_DRAFT.jpg","width":1200,"height":1200},{"@type":"BreadcrumbList","@id":"https:\/\/patternenergy.com\/fr\/les-gens-du-modele-adam-cernea-clark\/#breadcrumb","itemListElement":[{"@type":"ListItem","position":1,"name":"Home","item":"https:\/\/patternenergy.com\/fr\/"},{"@type":"ListItem","position":2,"name":"Les gens du mod\u00e8le : Adam Cernea Clark"}]},{"@type":"WebSite","@id":"https:\/\/patternenergy.com\/fr\/#website","url":"https:\/\/patternenergy.com\/fr\/","name":"Pattern Energy","description":"Nous d\u00e9veloppons, construisons, poss\u00e9dons et exploitons des projets \u00e9oliens, solaires, de transport et de stockage d'\u00e9nergie de haute qualit\u00e9 dans le monde entier.","publisher":{"@id":"https:\/\/patternenergy.com\/fr\/#organization"},"potentialAction":[{"@type":"SearchAction","target":{"@type":"EntryPoint","urlTemplate":"https:\/\/patternenergy.com\/fr\/?s={search_term_string}"},"query-input":{"@type":"PropertyValueSpecification","valueRequired":true,"valueName":"search_term_string"}}],"inLanguage":"fr-FR"},{"@type":"Organization","@id":"https:\/\/patternenergy.com\/fr\/#organization","name":"Pattern Energy","url":"https:\/\/patternenergy.com\/fr\/","logo":{"@type":"ImageObject","inLanguage":"fr-FR","@id":"https:\/\/patternenergy.com\/fr\/#\/schema\/logo\/image\/","url":"https:\/\/patternenergy.com\/wp-content\/uploads\/2022\/01\/Pattern-Energy-Media-thumbnail-logo.jpg","contentUrl":"https:\/\/patternenergy.com\/wp-content\/uploads\/2022\/01\/Pattern-Energy-Media-thumbnail-logo.jpg","width":1200,"height":627,"caption":"Pattern Energy"},"image":{"@id":"https:\/\/patternenergy.com\/fr\/#\/schema\/logo\/image\/"},"sameAs":["https:\/\/www.facebook.com\/PatternEnergy\/","https:\/\/instagram.com\/patternenergy?utm_medium=copy_link","https:\/\/www.linkedin.com\/company\/pattern-energy","https:\/\/www.youtube.com\/user\/PatternEnergy?app=desktop","https:\/\/web.cauze.com\/company\/293"]},{"@type":"Person","@id":"https:\/\/patternenergy.com\/fr\/#\/schema\/person\/6f7080f7c9428a32a6bbe73bf6c8e412","name":"Alisa Frincke","url":"https:\/\/patternenergy.com\/fr\/author\/alisa\/"}]}},"_links":{"self":[{"href":"https:\/\/patternenergy.com\/fr\/wp-json\/wp\/v2\/posts\/18321","targetHints":{"allow":["GET"]}}],"collection":[{"href":"https:\/\/patternenergy.com\/fr\/wp-json\/wp\/v2\/posts"}],"about":[{"href":"https:\/\/patternenergy.com\/fr\/wp-json\/wp\/v2\/types\/post"}],"author":[{"embeddable":true,"href":"https:\/\/patternenergy.com\/fr\/wp-json\/wp\/v2\/users\/3"}],"replies":[{"embeddable":true,"href":"https:\/\/patternenergy.com\/fr\/wp-json\/wp\/v2\/comments?post=18321"}],"version-history":[{"count":0,"href":"https:\/\/patternenergy.com\/fr\/wp-json\/wp\/v2\/posts\/18321\/revisions"}],"wp:featuredmedia":[{"embeddable":true,"href":"https:\/\/patternenergy.com\/fr\/wp-json\/wp\/v2\/media\/14561"}],"wp:attachment":[{"href":"https:\/\/patternenergy.com\/fr\/wp-json\/wp\/v2\/media?parent=18321"}],"wp:term":[{"taxonomy":"category","embeddable":true,"href":"https:\/\/patternenergy.com\/fr\/wp-json\/wp\/v2\/categories?post=18321"},{"taxonomy":"post_tag","embeddable":true,"href":"https:\/\/patternenergy.com\/fr\/wp-json\/wp\/v2\/tags?post=18321"},{"taxonomy":"sub_site","embeddable":true,"href":"https:\/\/patternenergy.com\/fr\/wp-json\/wp\/v2\/sub_site?post=18321"}],"curies":[{"name":"wp","href":"https:\/\/api.w.org\/{rel}","templated":true}]}}