{"id":18212,"date":"2022-08-30T21:44:38","date_gmt":"2022-08-31T02:44:38","guid":{"rendered":"https:\/\/patternenergy.com\/elnabeth-grau-membre-du-conseil-dadministration-de-grady-schools-celebre-une-carriere-de-service\/"},"modified":"2026-01-19T13:36:46","modified_gmt":"2026-01-19T18:36:46","slug":"elnabeth-grau-membre-du-conseil-dadministration-de-grady-schools-celebre-une-carriere-de-service","status":"publish","type":"post","link":"https:\/\/patternenergy.com\/fr\/elnabeth-grau-membre-du-conseil-dadministration-de-grady-schools-celebre-une-carriere-de-service\/","title":{"rendered":"Elnabeth Grau, membre du conseil d&rsquo;administration de Grady Schools, c\u00e9l\u00e8bre une carri\u00e8re de service"},"content":{"rendered":"<blockquote><p><span style=\"font-weight: 400;\">Lorsqu&rsquo;on lui a demand\u00e9 quels conseils elle donnait \u00e0 son rempla\u00e7ant, Mme Grau a pris le temps de r\u00e9fl\u00e9chir avant de r\u00e9pondre : \u00ab\u00a0Vous devez conna\u00eetre votre personnel. Soyez visible. Ne restez pas assis dans votre bureau toute la journ\u00e9e. \u00c9tablissez ces relations importantes avec le personnel et les \u00e9l\u00e8ves\u00a0\u00bb.<\/span><\/p><\/blockquote>\n<div id=\"attachment_6266\" style=\"width: 1210px\" class=\"wp-caption alignnone\"><a href=\"https:\/\/patternenergy.com\/wp-content\/uploads\/2022\/08\/IMG_8773.jpeg\"><img loading=\"lazy\" decoding=\"async\" aria-describedby=\"caption-attachment-6266\" class=\"size-full wp-image-6266\" src=\"https:\/\/patternenergy.com\/wp-content\/uploads\/2022\/08\/IMG_8773.jpeg\" alt=\"\" width=\"1200\" height=\"900\" srcset=\"https:\/\/patternenergy.com\/wp-content\/uploads\/2022\/08\/IMG_8773.jpeg 1200w, https:\/\/patternenergy.com\/wp-content\/uploads\/2022\/08\/IMG_8773-300x225.jpeg 300w, https:\/\/patternenergy.com\/wp-content\/uploads\/2022\/08\/IMG_8773-1024x768.jpeg 1024w, https:\/\/patternenergy.com\/wp-content\/uploads\/2022\/08\/IMG_8773-768x576.jpeg 768w\" sizes=\"auto, (max-width: 1200px) 100vw, 1200px\" \/><\/a><p id=\"caption-attachment-6266\" class=\"wp-caption-text\">Elnabeth Grau<\/p><\/div>\n<p><span style=\"font-weight: 400;\">Elnabeth Grau est la directrice sortante de l&rsquo;\u00e9cole municipale de <\/span><a href=\"https:\/\/www.gradyschool.com\/?fbclid=IwAR0X3LiPnwChQr6DewmjzLUWOK0Wa1d98tAkp6PFvxo-xBfAouYUOO8t0ew\"><br \/>\n  <span style=\"font-weight: 400;\">\u00e9coles municipales de Grady<\/span><br \/>\n<\/a><span style=\"font-weight: 400;\"> \u00e0 Grady, au Nouveau-Mexique, apr\u00e8s 30 ans de carri\u00e8re au service d&rsquo;\u00e9l\u00e8ves d&rsquo;\u00e2ges et d&rsquo;\u00e9coles vari\u00e9s. <\/span> <span style=\"font-weight: 400;\"><br \/>\n<\/span><span style=\"font-weight: 400;\"><br \/>\n<\/span><span style=\"font-weight: 400;\">Mme Grau est titulaire d&rsquo;une licence en \u00e9ducation physique et d&rsquo;une ma\u00eetrise en psychologie de l&rsquo;\u00e9ducation, toutes deux obtenues \u00e0 l&rsquo;Eastern New Mexico State University. S&rsquo;en est suivie une carri\u00e8re dans l&rsquo;\u00e9ducation qui s&rsquo;est \u00e9tal\u00e9e sur 30 ans, avec diverses fonctions \u00e0 Clovis, Logan, Texico et enfin Grady.<\/span><\/p>\n<p><iframe title=\"Elnabeth_Grau_Thank_You_720p_AdobeExpress\" src=\"https:\/\/player.vimeo.com\/video\/861625129?h=d021068df2&amp;dnt=1&amp;app_id=122963\" width=\"500\" height=\"281\" frameborder=\"0\" allow=\"autoplay; fullscreen; picture-in-picture; clipboard-write\"><\/iframe><\/p>\n<h3>Du conseiller au directeur d&rsquo;\u00e9cole<\/h3>\n<p><span style=\"font-weight: 400;\">Apr\u00e8s avoir \u00e9t\u00e9 conseiller d&rsquo;orientation au Clovis Community College, Grau a fait de m\u00eame dans les \u00e9coles de San Jon. Enfin, elle a pass\u00e9 17 ans dans les \u00e9coles de Logan. \u00ab\u00a0En tant que conseill\u00e8re, j&rsquo;avais plus d&rsquo;interaction avec les \u00e9l\u00e8ves, ce qui me plaisait\u00a0\u00bb, a-t-elle d\u00e9clar\u00e9.  <\/span><span style=\"font-weight: 400;\"><br \/>\n<\/span><span style=\"font-weight: 400;\"><br \/>\n<\/span><span style=\"font-weight: 400;\">Elle a continu\u00e9 \u00e0 travailler comme conseill\u00e8re d&rsquo;orientation au lyc\u00e9e de Texico avant de devenir directrice en 2012. Apr\u00e8s plusieurs ann\u00e9es en tant que directrice, elle a tent\u00e9 de prendre sa retraite en 2016 &#8211; \u00ab\u00a0tent\u00e9\u00a0\u00bb \u00e9tant le mot cl\u00e9.<\/span><\/p>\n<p><a href=\"https:\/\/patternenergy.com\/wp-content\/uploads\/2022\/08\/IMG_8778-scaled-e1661894586465.jpeg\"><img loading=\"lazy\" decoding=\"async\" class=\"alignnone size-full wp-image-6273\" src=\"https:\/\/patternenergy.com\/wp-content\/uploads\/2022\/08\/IMG_8778-scaled-e1661894586465.jpeg\" alt=\"\" width=\"1200\" height=\"900\" srcset=\"https:\/\/patternenergy.com\/wp-content\/uploads\/2022\/08\/IMG_8778-scaled-e1661894586465.jpeg 1200w, https:\/\/patternenergy.com\/wp-content\/uploads\/2022\/08\/IMG_8778-scaled-e1661894586465-300x225.jpeg 300w, https:\/\/patternenergy.com\/wp-content\/uploads\/2022\/08\/IMG_8778-scaled-e1661894586465-1024x768.jpeg 1024w, https:\/\/patternenergy.com\/wp-content\/uploads\/2022\/08\/IMG_8778-scaled-e1661894586465-768x576.jpeg 768w\" sizes=\"auto, (max-width: 1200px) 100vw, 1200px\" \/><\/a><\/p>\n<p><span style=\"font-weight: 400;\">Elle a expliqu\u00e9 en riant que lorsqu&rsquo;elle avait pris sa retraite apr\u00e8s une carri\u00e8re dans l&rsquo;enseignement, elle avait rapidement d\u00e9velopp\u00e9 un zona.  <\/span><\/p>\n<p><span style=\"font-weight: 400;\">\u00ab\u00a0Un m\u00e9decin m&rsquo;a dit que c&rsquo;est l&rsquo;une des choses les plus courantes qui arrivent aux gens lorsqu&rsquo;ils prennent leur retraite\u00a0\u00bb, a d\u00e9clar\u00e9 M. Grau. \u00ab\u00a0J&rsquo;ai \u00e9t\u00e9 tr\u00e8s surpris !<\/span><\/p>\n<p><a href=\"https:\/\/patternenergy.com\/wp-content\/uploads\/2022\/08\/IMG_8811-scaled-e1661894558967.jpeg\"><img loading=\"lazy\" decoding=\"async\" class=\"alignnone size-full wp-image-6271\" src=\"https:\/\/patternenergy.com\/wp-content\/uploads\/2022\/08\/IMG_8811-scaled-e1661894558967.jpeg\" alt=\"\" width=\"1200\" height=\"900\" srcset=\"https:\/\/patternenergy.com\/wp-content\/uploads\/2022\/08\/IMG_8811-scaled-e1661894558967.jpeg 1200w, https:\/\/patternenergy.com\/wp-content\/uploads\/2022\/08\/IMG_8811-scaled-e1661894558967-300x225.jpeg 300w, https:\/\/patternenergy.com\/wp-content\/uploads\/2022\/08\/IMG_8811-scaled-e1661894558967-1024x768.jpeg 1024w, https:\/\/patternenergy.com\/wp-content\/uploads\/2022\/08\/IMG_8811-scaled-e1661894558967-768x576.jpeg 768w\" sizes=\"auto, (max-width: 1200px) 100vw, 1200px\" \/><\/a><\/p>\n<p><span style=\"font-weight: 400;\">Peu apr\u00e8s, Mme Grau s&rsquo;est remise d&rsquo;un zona et, peu apr\u00e8s, un ami lui a recommand\u00e9 de poser sa candidature au poste de surintendant des \u00e9coles municipales de Grady.<\/span><\/p>\n<p><span style=\"font-weight: 400;\">\u00ab\u00a0Je n&rsquo;\u00e9tais pas s\u00fbr d&rsquo;\u00eatre int\u00e9ress\u00e9, car je prenais ma retraite\u00a0\u00bb, a d\u00e9clar\u00e9 M. Grau.<\/span><\/p>\n<p><span style=\"font-weight: 400;\">Elle a d\u00e9cid\u00e9 de se lancer dans l&rsquo;aventure et a \u00e9t\u00e9 embauch\u00e9e peu de temps apr\u00e8s. \u00ab\u00a0Le fait d&rsquo;avoir \u00e9t\u00e9 surintendant au cours des cinq derni\u00e8res ann\u00e9es a \u00e9t\u00e9 ma fa\u00e7on de rendre \u00e0 la communaut\u00e9 ce qu&rsquo;elle m&rsquo;a donn\u00e9. Je peux voir l&rsquo;impact de notre travail sur la vie de nos \u00e9l\u00e8ves et de leurs familles. J&rsquo;ai vraiment appr\u00e9ci\u00e9 le temps que j&rsquo;ai pass\u00e9 ici.<\/span><\/p>\n<p><iframe title=\"Elnabeth_Grau_on_future_720p_AdobeExpress\" src=\"https:\/\/player.vimeo.com\/video\/861069500?h=3853b67892&amp;dnt=1&amp;app_id=122963\" width=\"500\" height=\"281\" frameborder=\"0\" allow=\"autoplay; fullscreen; picture-in-picture; clipboard-write\"><\/iframe><\/p>\n<h3>Avantages d&rsquo;une \u00e9cole plus petite<\/h3>\n<p><span style=\"font-weight: 400;\">\u00ab\u00a0Nous avons eu la chance de pouvoir compter sur le soutien d&rsquo;entreprises telles que Pattern Energy et d&rsquo;autres\u00a0\u00bb, a d\u00e9clar\u00e9 M. Grau. \u00ab\u00a0Nous avons pu apporter des am\u00e9liorations \u00e0 l&rsquo;\u00e9cole, comme une nouvelle moquette, de la peinture fra\u00eeche, un nouveau sol de gymnase et une piste d&rsquo;entra\u00eenement flambant neuve. Elle s&rsquo;est \u00e9galement av\u00e9r\u00e9e tr\u00e8s populaire aupr\u00e8s des personnes \u00e2g\u00e9es de la r\u00e9gion, qui l&rsquo;utilisent volontiers comme piste de marche. C&rsquo;est un avantage appr\u00e9ciable pour la communaut\u00e9.<\/span><\/p>\n<p><a href=\"https:\/\/patternenergy.com\/wp-content\/uploads\/2022\/08\/IMG_8786-scaled-e1661894574515.jpeg\"><img loading=\"lazy\" decoding=\"async\" class=\"alignnone size-full wp-image-6272\" src=\"https:\/\/patternenergy.com\/wp-content\/uploads\/2022\/08\/IMG_8786-scaled-e1661894574515.jpeg\" alt=\"\" width=\"900\" height=\"1200\" srcset=\"https:\/\/patternenergy.com\/wp-content\/uploads\/2022\/08\/IMG_8786-scaled-e1661894574515.jpeg 900w, https:\/\/patternenergy.com\/wp-content\/uploads\/2022\/08\/IMG_8786-scaled-e1661894574515-225x300.jpeg 225w, https:\/\/patternenergy.com\/wp-content\/uploads\/2022\/08\/IMG_8786-scaled-e1661894574515-768x1024.jpeg 768w\" sizes=\"auto, (max-width: 900px) 100vw, 900px\" \/><\/a><\/p>\n<p><span style=\"font-weight: 400;\">M. Grau a fait remarquer que les \u00e9coles Grady s&rsquo;adressent \u00e0 la r\u00e9gion \u00e9largie de l&rsquo;est du Nouveau-Mexique et que les classes sont plus petites.  <\/span><\/p>\n<p><span style=\"font-weight: 400;\">\u00ab\u00a0La taille r\u00e9duite des classes signifie que nos enseignants sont intuitifs\u00a0\u00bb, m&rsquo;a-t-elle dit. \u00ab\u00a0Ils connaissent chaque \u00e9l\u00e8ve, ce qui signifie qu&rsquo;ils savent qui a des difficult\u00e9s scolaires ou qui peut souffrir d&rsquo;un probl\u00e8me \u00e9motionnel comme l&rsquo;estime de soi, etc.<\/span><\/p>\n<p><span style=\"font-weight: 400;\">Elle a ajout\u00e9 que les enseignants intuitifs permettent aux enfants d&rsquo;obtenir l&rsquo;aide dont ils ont besoin, et Mme Grau en est fi\u00e8re. En ce qui concerne l&rsquo;harmonisation des \u00e9tudiants, Grau d\u00e9clare : \u00ab\u00a0J&rsquo;ai jou\u00e9 un r\u00f4le dans ce domaine. Je voulais m&rsquo;assurer que les enseignants ici s&rsquo;int\u00e8grent bien et comprennent notre culture\u00a0\u00bb.<\/span><\/p>\n<p><a href=\"https:\/\/patternenergy.com\/wp-content\/uploads\/2022\/08\/IMG_8780-scaled-e1661894542490.jpeg\"><img loading=\"lazy\" decoding=\"async\" class=\"alignnone size-full wp-image-6270\" src=\"https:\/\/patternenergy.com\/wp-content\/uploads\/2022\/08\/IMG_8780-scaled-e1661894542490.jpeg\" alt=\"\" width=\"1200\" height=\"900\" srcset=\"https:\/\/patternenergy.com\/wp-content\/uploads\/2022\/08\/IMG_8780-scaled-e1661894542490.jpeg 1200w, https:\/\/patternenergy.com\/wp-content\/uploads\/2022\/08\/IMG_8780-scaled-e1661894542490-300x225.jpeg 300w, https:\/\/patternenergy.com\/wp-content\/uploads\/2022\/08\/IMG_8780-scaled-e1661894542490-1024x768.jpeg 1024w, https:\/\/patternenergy.com\/wp-content\/uploads\/2022\/08\/IMG_8780-scaled-e1661894542490-768x576.jpeg 768w\" sizes=\"auto, (max-width: 1200px) 100vw, 1200px\" \/><\/a><\/p>\n<h3>L&rsquo;avenir<\/h3>\n<p><span style=\"font-weight: 400;\">Mme Grau se r\u00e9jouit de l&rsquo;avenir et esp\u00e8re voir davantage d&rsquo;\u00e9tudiants. Les \u00e9coles de Grady appr\u00e9cient la taille r\u00e9duite des classes &#8211; leur prochaine classe de terminale ne compte que cinq \u00e9l\u00e8ves.<\/span><\/p>\n<p><span style=\"font-weight: 400;\">\u00ab\u00a0La taille de nos classes varie entre 16 et 18 \u00e9l\u00e8ves\u00a0\u00bb, a d\u00e9clar\u00e9 M. Grau, \u00ab\u00a0mais en m\u00eame temps, il y a beaucoup de place pour la croissance\u00a0\u00bb.<\/span><\/p>\n<p><span style=\"font-weight: 400;\">Keith Durham est le rempla\u00e7ant de Grau. Il a \u00e9t\u00e9 enseignant, entra\u00eeneur et patron de Grau lorsque celui-ci \u00e9tait directeur du lyc\u00e9e de Texico.  <\/span><\/p>\n<p><span style=\"font-weight: 400;\">\u00ab\u00a0Nous nous connaissons depuis longtemps\u00a0\u00bb, a d\u00e9clar\u00e9 M. Grau en souriant. \u00ab\u00a0Je suis tellement heureuse que Keith soit l\u00e0\u00a0\u00bb, a-t-elle poursuivi, provoquant un autre rire. \u00ab\u00a0Keith a l&rsquo;\u00e9nergie n\u00e9cessaire pour cela, et je ne suis pas s\u00fbr de l&rsquo;avoir encore.<\/span><span style=\"font-weight: 400;\"><br \/>\n<\/span><span style=\"font-weight: 400;\"><br \/>\n<\/span><span style=\"font-weight: 400;\">Graus est modeste lorsqu&rsquo;elle parle d&rsquo;avoir assez d&rsquo;\u00e9nergie ; ce n&rsquo;est pas comme si elle avait beaucoup de temps libre pendant sa retraite. Elle et son mari \u00e9l\u00e8vent des bovins charolais, une race fran\u00e7aise sp\u00e9cialis\u00e9e, ce qui les occupe beaucoup.<\/span><\/p>\n<p><a href=\"https:\/\/patternenergy.com\/wp-content\/uploads\/2022\/08\/IMG_8794-scaled-e1661894520539.jpeg\"><img loading=\"lazy\" decoding=\"async\" class=\"alignnone size-full wp-image-6269\" src=\"https:\/\/patternenergy.com\/wp-content\/uploads\/2022\/08\/IMG_8794-scaled-e1661894520539.jpeg\" alt=\"\" width=\"1200\" height=\"900\" srcset=\"https:\/\/patternenergy.com\/wp-content\/uploads\/2022\/08\/IMG_8794-scaled-e1661894520539.jpeg 1200w, https:\/\/patternenergy.com\/wp-content\/uploads\/2022\/08\/IMG_8794-scaled-e1661894520539-300x225.jpeg 300w, https:\/\/patternenergy.com\/wp-content\/uploads\/2022\/08\/IMG_8794-scaled-e1661894520539-1024x768.jpeg 1024w, https:\/\/patternenergy.com\/wp-content\/uploads\/2022\/08\/IMG_8794-scaled-e1661894520539-768x576.jpeg 768w\" sizes=\"auto, (max-width: 1200px) 100vw, 1200px\" \/><\/a><\/p>\n<p><span style=\"font-weight: 400;\">Lorsqu&rsquo;on lui a demand\u00e9 quel conseil elle donnait \u00e0 son rempla\u00e7ant, Mme Grau a pris un moment de r\u00e9flexion avant de r\u00e9pondre : \u00ab\u00a0Vous devez conna\u00eetre votre personnel. Soyez visible. Ne restez pas assis dans votre bureau toute la journ\u00e9e. \u00c9tablissez ces relations importantes avec le personnel et les \u00e9l\u00e8ves\u00a0\u00bb.<\/span><\/p>\n<p><a href=\"https:\/\/patternenergy.com\/wp-content\/uploads\/2022\/08\/IMG_8781-scaled-e1661894505561.jpeg\"><img loading=\"lazy\" decoding=\"async\" class=\"alignnone size-full wp-image-6268\" src=\"https:\/\/patternenergy.com\/wp-content\/uploads\/2022\/08\/IMG_8781-scaled-e1661894505561.jpeg\" alt=\"\" width=\"1200\" height=\"900\" srcset=\"https:\/\/patternenergy.com\/wp-content\/uploads\/2022\/08\/IMG_8781-scaled-e1661894505561.jpeg 1200w, https:\/\/patternenergy.com\/wp-content\/uploads\/2022\/08\/IMG_8781-scaled-e1661894505561-300x225.jpeg 300w, https:\/\/patternenergy.com\/wp-content\/uploads\/2022\/08\/IMG_8781-scaled-e1661894505561-1024x768.jpeg 1024w, https:\/\/patternenergy.com\/wp-content\/uploads\/2022\/08\/IMG_8781-scaled-e1661894505561-768x576.jpeg 768w\" sizes=\"auto, (max-width: 1200px) 100vw, 1200px\" \/><\/a><\/p>\n<p><span style=\"font-weight: 400;\">Lorsque Grua se promenait dans les couloirs, on pouvait sentir la fiert\u00e9 qu&rsquo;elle et le personnel \u00e9prouvaient \u00e0 entretenir un si beau b\u00e2timent.  <\/span><\/p>\n<p><span style=\"font-weight: 400;\">Pour les \u00e9coles Grady, l&rsquo;avenir est prometteur.<\/span><\/p>\n<p><a href=\"https:\/\/patternenergy.com\/wp-content\/uploads\/2022\/08\/IMG_8777-scaled-e1661894489957.jpeg\"><img loading=\"lazy\" decoding=\"async\" class=\"alignnone size-full wp-image-6267\" src=\"https:\/\/patternenergy.com\/wp-content\/uploads\/2022\/08\/IMG_8777-scaled-e1661894489957.jpeg\" alt=\"\" width=\"1200\" height=\"900\" srcset=\"https:\/\/patternenergy.com\/wp-content\/uploads\/2022\/08\/IMG_8777-scaled-e1661894489957.jpeg 1200w, https:\/\/patternenergy.com\/wp-content\/uploads\/2022\/08\/IMG_8777-scaled-e1661894489957-300x225.jpeg 300w, https:\/\/patternenergy.com\/wp-content\/uploads\/2022\/08\/IMG_8777-scaled-e1661894489957-1024x768.jpeg 1024w, https:\/\/patternenergy.com\/wp-content\/uploads\/2022\/08\/IMG_8777-scaled-e1661894489957-768x576.jpeg 768w\" sizes=\"auto, (max-width: 1200px) 100vw, 1200px\" \/><\/a><\/p>\n","protected":false},"excerpt":{"rendered":"<p>Lorsqu&rsquo;on lui a demand\u00e9 quels conseils elle donnait \u00e0 son rempla\u00e7ant, Mme Grau a pris le temps de r\u00e9fl\u00e9chir avant de r\u00e9pondre : \u00ab\u00a0Vous devez conna\u00eetre votre personnel. Soyez visible. Ne restez pas assis dans votre bureau toute la journ\u00e9e. \u00c9tablissez ces relations importantes avec le personnel et les \u00e9l\u00e8ves\u00a0\u00bb. Elnabeth Grau est la directrice [&hellip;]<\/p>\n","protected":false},"author":3,"featured_media":13373,"comment_status":"closed","ping_status":"closed","sticky":false,"template":"","format":"standard","meta":{"_acf_changed":false,"footnotes":""},"categories":[523,657,448],"tags":[1021,1020,1018,590,963,574],"sub_site":[482],"class_list":["post-18212","post","type-post","status-publish","format-standard","has-post-thumbnail","hentry","category-etats-unis","category-histoires-de-lenergie-des-patrons","category-non-classifiee","tag-ecoles-municipales-de-grady","tag-est-du-nouveau-mexique","tag-grady-nouveau-mexique","tag-grady-wind-fr","tag-leducation","tag-nouveau-mexique"],"acf":[],"yoast_head":"<!-- This site is optimized with the Yoast SEO plugin v27.5 - https:\/\/yoast.com\/product\/yoast-seo-wordpress\/ -->\n<title>Elnabeth Grau, membre du conseil d&#039;administration de Grady Schools, c\u00e9l\u00e8bre une carri\u00e8re de service - Pattern Energy<\/title>\n<meta name=\"description\" content=\"Elnabeth Grau est la surintendante sortante des \u00e9coles de Grady, au Nouveau-Mexique, apr\u00e8s 30 ans de carri\u00e8re au service d&#039;\u00e9l\u00e8ves d&#039;\u00e2ges et de lieux diff\u00e9rents.\" \/>\n<meta name=\"robots\" content=\"index, follow, max-snippet:-1, max-image-preview:large, max-video-preview:-1\" \/>\n<link rel=\"canonical\" href=\"https:\/\/patternenergy.com\/fr\/elnabeth-grau-membre-du-conseil-dadministration-de-grady-schools-celebre-une-carriere-de-service\/\" \/>\n<meta property=\"og:locale\" content=\"fr_FR\" \/>\n<meta property=\"og:type\" content=\"article\" \/>\n<meta property=\"og:title\" content=\"Elnabeth Grau, membre du conseil d&#039;administration de Grady Schools, c\u00e9l\u00e8bre une carri\u00e8re de service\" \/>\n<meta property=\"og:description\" content=\"Le surintendant des \u00e9coles municipales de Grady revient sur une carri\u00e8re r\u00e9ussie\" \/>\n<meta property=\"og:url\" content=\"https:\/\/patternenergy.com\/fr\/elnabeth-grau-membre-du-conseil-dadministration-de-grady-schools-celebre-une-carriere-de-service\/\" \/>\n<meta property=\"og:site_name\" content=\"Pattern Energy\" \/>\n<meta property=\"article:publisher\" content=\"https:\/\/www.facebook.com\/PatternEnergy\/\" \/>\n<meta property=\"article:published_time\" content=\"2022-08-31T02:44:38+00:00\" \/>\n<meta property=\"article:modified_time\" content=\"2026-01-19T18:36:46+00:00\" \/>\n<meta property=\"og:image\" content=\"https:\/\/patternenergy.com\/wp-content\/uploads\/2022\/08\/Pattern_Corporate_Elnabeth-Grau-Socail-Preview-Image_08.26.22_DRAFT-1024x538.jpg\" \/>\n<meta name=\"author\" content=\"Alisa Frincke\" \/>\n<meta name=\"twitter:card\" content=\"summary_large_image\" \/>\n<meta name=\"twitter:title\" content=\"Elnabeth Grau, membre du conseil d&#039;administration de Grady Schools, c\u00e9l\u00e8bre une carri\u00e8re de service\" \/>\n<meta name=\"twitter:description\" content=\"Le surintendant des \u00e9coles municipales de Grady revient sur une carri\u00e8re r\u00e9ussie\" \/>\n<meta name=\"twitter:image\" content=\"https:\/\/patternenergy.com\/wp-content\/uploads\/2022\/08\/Pattern_Corporate_Elnabeth-Grau-Socail-Preview-Image_08.26.22_DRAFT-1024x538.jpg\" \/>\n<meta name=\"twitter:label1\" content=\"\u00c9crit par\" \/>\n\t<meta name=\"twitter:data1\" content=\"Alisa Frincke\" \/>\n\t<meta name=\"twitter:label2\" content=\"Dur\u00e9e de lecture estim\u00e9e\" \/>\n\t<meta name=\"twitter:data2\" content=\"5 minutes\" \/>\n<script type=\"application\/ld+json\" class=\"yoast-schema-graph\">{\"@context\":\"https:\\\/\\\/schema.org\",\"@graph\":[{\"@type\":\"Article\",\"@id\":\"https:\\\/\\\/patternenergy.com\\\/fr\\\/elnabeth-grau-membre-du-conseil-dadministration-de-grady-schools-celebre-une-carriere-de-service\\\/#article\",\"isPartOf\":{\"@id\":\"https:\\\/\\\/patternenergy.com\\\/fr\\\/elnabeth-grau-membre-du-conseil-dadministration-de-grady-schools-celebre-une-carriere-de-service\\\/\"},\"author\":{\"name\":\"Alisa Frincke\",\"@id\":\"https:\\\/\\\/patternenergy.com\\\/fr\\\/#\\\/schema\\\/person\\\/6f7080f7c9428a32a6bbe73bf6c8e412\"},\"headline\":\"Elnabeth Grau, membre du conseil d&rsquo;administration de Grady Schools, c\u00e9l\u00e8bre une carri\u00e8re de service\",\"datePublished\":\"2022-08-31T02:44:38+00:00\",\"dateModified\":\"2026-01-19T18:36:46+00:00\",\"mainEntityOfPage\":{\"@id\":\"https:\\\/\\\/patternenergy.com\\\/fr\\\/elnabeth-grau-membre-du-conseil-dadministration-de-grady-schools-celebre-une-carriere-de-service\\\/\"},\"wordCount\":991,\"publisher\":{\"@id\":\"https:\\\/\\\/patternenergy.com\\\/fr\\\/#organization\"},\"image\":{\"@id\":\"https:\\\/\\\/patternenergy.com\\\/fr\\\/elnabeth-grau-membre-du-conseil-dadministration-de-grady-schools-celebre-une-carriere-de-service\\\/#primaryimage\"},\"thumbnailUrl\":\"https:\\\/\\\/patternenergy.com\\\/wp-content\\\/uploads\\\/2022\\\/08\\\/Pattern_Corporate_Feature-Image-Elnabeth-Grau_08.26.22_DRAFT-scaled-e1661985478743.jpg\",\"keywords\":[\"\u00c9coles municipales de Grady\",\"Est du Nouveau Mexique\",\"Grady Nouveau Mexique\",\"Grady Wind\",\"L'\u00e9ducation\",\"Nouveau Mexique\"],\"articleSection\":[\"\u00c9tats-Unis\",\"Histoires de l'\u00e9nergie des patrons\",\"Non classifi\u00e9(e)\"],\"inLanguage\":\"fr-FR\"},{\"@type\":\"WebPage\",\"@id\":\"https:\\\/\\\/patternenergy.com\\\/fr\\\/elnabeth-grau-membre-du-conseil-dadministration-de-grady-schools-celebre-une-carriere-de-service\\\/\",\"url\":\"https:\\\/\\\/patternenergy.com\\\/fr\\\/elnabeth-grau-membre-du-conseil-dadministration-de-grady-schools-celebre-une-carriere-de-service\\\/\",\"name\":\"Elnabeth Grau, membre du conseil d'administration de Grady Schools, c\u00e9l\u00e8bre une carri\u00e8re de service - Pattern Energy\",\"isPartOf\":{\"@id\":\"https:\\\/\\\/patternenergy.com\\\/fr\\\/#website\"},\"primaryImageOfPage\":{\"@id\":\"https:\\\/\\\/patternenergy.com\\\/fr\\\/elnabeth-grau-membre-du-conseil-dadministration-de-grady-schools-celebre-une-carriere-de-service\\\/#primaryimage\"},\"image\":{\"@id\":\"https:\\\/\\\/patternenergy.com\\\/fr\\\/elnabeth-grau-membre-du-conseil-dadministration-de-grady-schools-celebre-une-carriere-de-service\\\/#primaryimage\"},\"thumbnailUrl\":\"https:\\\/\\\/patternenergy.com\\\/wp-content\\\/uploads\\\/2022\\\/08\\\/Pattern_Corporate_Feature-Image-Elnabeth-Grau_08.26.22_DRAFT-scaled-e1661985478743.jpg\",\"datePublished\":\"2022-08-31T02:44:38+00:00\",\"dateModified\":\"2026-01-19T18:36:46+00:00\",\"description\":\"Elnabeth Grau est la surintendante sortante des \u00e9coles de Grady, au Nouveau-Mexique, apr\u00e8s 30 ans de carri\u00e8re au service d'\u00e9l\u00e8ves d'\u00e2ges et de lieux diff\u00e9rents.\",\"breadcrumb\":{\"@id\":\"https:\\\/\\\/patternenergy.com\\\/fr\\\/elnabeth-grau-membre-du-conseil-dadministration-de-grady-schools-celebre-une-carriere-de-service\\\/#breadcrumb\"},\"inLanguage\":\"fr-FR\",\"potentialAction\":[{\"@type\":\"ReadAction\",\"target\":[\"https:\\\/\\\/patternenergy.com\\\/fr\\\/elnabeth-grau-membre-du-conseil-dadministration-de-grady-schools-celebre-une-carriere-de-service\\\/\"]}]},{\"@type\":\"ImageObject\",\"inLanguage\":\"fr-FR\",\"@id\":\"https:\\\/\\\/patternenergy.com\\\/fr\\\/elnabeth-grau-membre-du-conseil-dadministration-de-grady-schools-celebre-une-carriere-de-service\\\/#primaryimage\",\"url\":\"https:\\\/\\\/patternenergy.com\\\/wp-content\\\/uploads\\\/2022\\\/08\\\/Pattern_Corporate_Feature-Image-Elnabeth-Grau_08.26.22_DRAFT-scaled-e1661985478743.jpg\",\"contentUrl\":\"https:\\\/\\\/patternenergy.com\\\/wp-content\\\/uploads\\\/2022\\\/08\\\/Pattern_Corporate_Feature-Image-Elnabeth-Grau_08.26.22_DRAFT-scaled-e1661985478743.jpg\",\"width\":1200,\"height\":1200},{\"@type\":\"BreadcrumbList\",\"@id\":\"https:\\\/\\\/patternenergy.com\\\/fr\\\/elnabeth-grau-membre-du-conseil-dadministration-de-grady-schools-celebre-une-carriere-de-service\\\/#breadcrumb\",\"itemListElement\":[{\"@type\":\"ListItem\",\"position\":1,\"name\":\"Home\",\"item\":\"https:\\\/\\\/patternenergy.com\\\/fr\\\/\"},{\"@type\":\"ListItem\",\"position\":2,\"name\":\"Elnabeth Grau, membre du conseil d&#8217;administration de Grady Schools, c\u00e9l\u00e8bre une carri\u00e8re de service\"}]},{\"@type\":\"WebSite\",\"@id\":\"https:\\\/\\\/patternenergy.com\\\/fr\\\/#website\",\"url\":\"https:\\\/\\\/patternenergy.com\\\/fr\\\/\",\"name\":\"Pattern Energy\",\"description\":\"Nous d\u00e9veloppons, construisons, poss\u00e9dons et exploitons des projets \u00e9oliens, solaires, de transport et de stockage d'\u00e9nergie de haute qualit\u00e9 dans le monde entier.\",\"publisher\":{\"@id\":\"https:\\\/\\\/patternenergy.com\\\/fr\\\/#organization\"},\"potentialAction\":[{\"@type\":\"SearchAction\",\"target\":{\"@type\":\"EntryPoint\",\"urlTemplate\":\"https:\\\/\\\/patternenergy.com\\\/fr\\\/?s={search_term_string}\"},\"query-input\":{\"@type\":\"PropertyValueSpecification\",\"valueRequired\":true,\"valueName\":\"search_term_string\"}}],\"inLanguage\":\"fr-FR\"},{\"@type\":\"Organization\",\"@id\":\"https:\\\/\\\/patternenergy.com\\\/fr\\\/#organization\",\"name\":\"Pattern Energy\",\"url\":\"https:\\\/\\\/patternenergy.com\\\/fr\\\/\",\"logo\":{\"@type\":\"ImageObject\",\"inLanguage\":\"fr-FR\",\"@id\":\"https:\\\/\\\/patternenergy.com\\\/fr\\\/#\\\/schema\\\/logo\\\/image\\\/\",\"url\":\"https:\\\/\\\/patternenergy.com\\\/wp-content\\\/uploads\\\/2022\\\/01\\\/Pattern-Energy-Media-thumbnail-logo.jpg\",\"contentUrl\":\"https:\\\/\\\/patternenergy.com\\\/wp-content\\\/uploads\\\/2022\\\/01\\\/Pattern-Energy-Media-thumbnail-logo.jpg\",\"width\":1200,\"height\":627,\"caption\":\"Pattern Energy\"},\"image\":{\"@id\":\"https:\\\/\\\/patternenergy.com\\\/fr\\\/#\\\/schema\\\/logo\\\/image\\\/\"},\"sameAs\":[\"https:\\\/\\\/www.facebook.com\\\/PatternEnergy\\\/\",\"https:\\\/\\\/instagram.com\\\/patternenergy?utm_medium=copy_link\",\"https:\\\/\\\/www.linkedin.com\\\/company\\\/pattern-energy\",\"https:\\\/\\\/www.youtube.com\\\/user\\\/PatternEnergy?app=desktop\",\"https:\\\/\\\/web.cauze.com\\\/company\\\/293\"]},{\"@type\":\"Person\",\"@id\":\"https:\\\/\\\/patternenergy.com\\\/fr\\\/#\\\/schema\\\/person\\\/6f7080f7c9428a32a6bbe73bf6c8e412\",\"name\":\"Alisa Frincke\",\"url\":\"https:\\\/\\\/patternenergy.com\\\/fr\\\/author\\\/alisa\\\/\"}]}<\/script>\n<!-- \/ Yoast SEO plugin. -->","yoast_head_json":{"title":"Elnabeth Grau, membre du conseil d'administration de Grady Schools, c\u00e9l\u00e8bre une carri\u00e8re de service - Pattern Energy","description":"Elnabeth Grau est la surintendante sortante des \u00e9coles de Grady, au Nouveau-Mexique, apr\u00e8s 30 ans de carri\u00e8re au service d'\u00e9l\u00e8ves d'\u00e2ges et de lieux diff\u00e9rents.","robots":{"index":"index","follow":"follow","max-snippet":"max-snippet:-1","max-image-preview":"max-image-preview:large","max-video-preview":"max-video-preview:-1"},"canonical":"https:\/\/patternenergy.com\/fr\/elnabeth-grau-membre-du-conseil-dadministration-de-grady-schools-celebre-une-carriere-de-service\/","og_locale":"fr_FR","og_type":"article","og_title":"Elnabeth Grau, membre du conseil d'administration de Grady Schools, c\u00e9l\u00e8bre une carri\u00e8re de service","og_description":"Le surintendant des \u00e9coles municipales de Grady revient sur une carri\u00e8re r\u00e9ussie","og_url":"https:\/\/patternenergy.com\/fr\/elnabeth-grau-membre-du-conseil-dadministration-de-grady-schools-celebre-une-carriere-de-service\/","og_site_name":"Pattern Energy","article_publisher":"https:\/\/www.facebook.com\/PatternEnergy\/","article_published_time":"2022-08-31T02:44:38+00:00","article_modified_time":"2026-01-19T18:36:46+00:00","og_image":[{"url":"https:\/\/patternenergy.com\/wp-content\/uploads\/2022\/08\/Pattern_Corporate_Elnabeth-Grau-Socail-Preview-Image_08.26.22_DRAFT-1024x538.jpg","type":"","width":"","height":""}],"author":"Alisa Frincke","twitter_card":"summary_large_image","twitter_title":"Elnabeth Grau, membre du conseil d'administration de Grady Schools, c\u00e9l\u00e8bre une carri\u00e8re de service","twitter_description":"Le surintendant des \u00e9coles municipales de Grady revient sur une carri\u00e8re r\u00e9ussie","twitter_image":"https:\/\/patternenergy.com\/wp-content\/uploads\/2022\/08\/Pattern_Corporate_Elnabeth-Grau-Socail-Preview-Image_08.26.22_DRAFT-1024x538.jpg","twitter_misc":{"\u00c9crit par":"Alisa Frincke","Dur\u00e9e de lecture estim\u00e9e":"5 minutes"},"schema":{"@context":"https:\/\/schema.org","@graph":[{"@type":"Article","@id":"https:\/\/patternenergy.com\/fr\/elnabeth-grau-membre-du-conseil-dadministration-de-grady-schools-celebre-une-carriere-de-service\/#article","isPartOf":{"@id":"https:\/\/patternenergy.com\/fr\/elnabeth-grau-membre-du-conseil-dadministration-de-grady-schools-celebre-une-carriere-de-service\/"},"author":{"name":"Alisa Frincke","@id":"https:\/\/patternenergy.com\/fr\/#\/schema\/person\/6f7080f7c9428a32a6bbe73bf6c8e412"},"headline":"Elnabeth Grau, membre du conseil d&rsquo;administration de Grady Schools, c\u00e9l\u00e8bre une carri\u00e8re de service","datePublished":"2022-08-31T02:44:38+00:00","dateModified":"2026-01-19T18:36:46+00:00","mainEntityOfPage":{"@id":"https:\/\/patternenergy.com\/fr\/elnabeth-grau-membre-du-conseil-dadministration-de-grady-schools-celebre-une-carriere-de-service\/"},"wordCount":991,"publisher":{"@id":"https:\/\/patternenergy.com\/fr\/#organization"},"image":{"@id":"https:\/\/patternenergy.com\/fr\/elnabeth-grau-membre-du-conseil-dadministration-de-grady-schools-celebre-une-carriere-de-service\/#primaryimage"},"thumbnailUrl":"https:\/\/patternenergy.com\/wp-content\/uploads\/2022\/08\/Pattern_Corporate_Feature-Image-Elnabeth-Grau_08.26.22_DRAFT-scaled-e1661985478743.jpg","keywords":["\u00c9coles municipales de Grady","Est du Nouveau Mexique","Grady Nouveau Mexique","Grady Wind","L'\u00e9ducation","Nouveau Mexique"],"articleSection":["\u00c9tats-Unis","Histoires de l'\u00e9nergie des patrons","Non classifi\u00e9(e)"],"inLanguage":"fr-FR"},{"@type":"WebPage","@id":"https:\/\/patternenergy.com\/fr\/elnabeth-grau-membre-du-conseil-dadministration-de-grady-schools-celebre-une-carriere-de-service\/","url":"https:\/\/patternenergy.com\/fr\/elnabeth-grau-membre-du-conseil-dadministration-de-grady-schools-celebre-une-carriere-de-service\/","name":"Elnabeth Grau, membre du conseil d'administration de Grady Schools, c\u00e9l\u00e8bre une carri\u00e8re de service - Pattern Energy","isPartOf":{"@id":"https:\/\/patternenergy.com\/fr\/#website"},"primaryImageOfPage":{"@id":"https:\/\/patternenergy.com\/fr\/elnabeth-grau-membre-du-conseil-dadministration-de-grady-schools-celebre-une-carriere-de-service\/#primaryimage"},"image":{"@id":"https:\/\/patternenergy.com\/fr\/elnabeth-grau-membre-du-conseil-dadministration-de-grady-schools-celebre-une-carriere-de-service\/#primaryimage"},"thumbnailUrl":"https:\/\/patternenergy.com\/wp-content\/uploads\/2022\/08\/Pattern_Corporate_Feature-Image-Elnabeth-Grau_08.26.22_DRAFT-scaled-e1661985478743.jpg","datePublished":"2022-08-31T02:44:38+00:00","dateModified":"2026-01-19T18:36:46+00:00","description":"Elnabeth Grau est la surintendante sortante des \u00e9coles de Grady, au Nouveau-Mexique, apr\u00e8s 30 ans de carri\u00e8re au service d'\u00e9l\u00e8ves d'\u00e2ges et de lieux diff\u00e9rents.","breadcrumb":{"@id":"https:\/\/patternenergy.com\/fr\/elnabeth-grau-membre-du-conseil-dadministration-de-grady-schools-celebre-une-carriere-de-service\/#breadcrumb"},"inLanguage":"fr-FR","potentialAction":[{"@type":"ReadAction","target":["https:\/\/patternenergy.com\/fr\/elnabeth-grau-membre-du-conseil-dadministration-de-grady-schools-celebre-une-carriere-de-service\/"]}]},{"@type":"ImageObject","inLanguage":"fr-FR","@id":"https:\/\/patternenergy.com\/fr\/elnabeth-grau-membre-du-conseil-dadministration-de-grady-schools-celebre-une-carriere-de-service\/#primaryimage","url":"https:\/\/patternenergy.com\/wp-content\/uploads\/2022\/08\/Pattern_Corporate_Feature-Image-Elnabeth-Grau_08.26.22_DRAFT-scaled-e1661985478743.jpg","contentUrl":"https:\/\/patternenergy.com\/wp-content\/uploads\/2022\/08\/Pattern_Corporate_Feature-Image-Elnabeth-Grau_08.26.22_DRAFT-scaled-e1661985478743.jpg","width":1200,"height":1200},{"@type":"BreadcrumbList","@id":"https:\/\/patternenergy.com\/fr\/elnabeth-grau-membre-du-conseil-dadministration-de-grady-schools-celebre-une-carriere-de-service\/#breadcrumb","itemListElement":[{"@type":"ListItem","position":1,"name":"Home","item":"https:\/\/patternenergy.com\/fr\/"},{"@type":"ListItem","position":2,"name":"Elnabeth Grau, membre du conseil d&#8217;administration de Grady Schools, c\u00e9l\u00e8bre une carri\u00e8re de service"}]},{"@type":"WebSite","@id":"https:\/\/patternenergy.com\/fr\/#website","url":"https:\/\/patternenergy.com\/fr\/","name":"Pattern Energy","description":"Nous d\u00e9veloppons, construisons, poss\u00e9dons et exploitons des projets \u00e9oliens, solaires, de transport et de stockage d'\u00e9nergie de haute qualit\u00e9 dans le monde entier.","publisher":{"@id":"https:\/\/patternenergy.com\/fr\/#organization"},"potentialAction":[{"@type":"SearchAction","target":{"@type":"EntryPoint","urlTemplate":"https:\/\/patternenergy.com\/fr\/?s={search_term_string}"},"query-input":{"@type":"PropertyValueSpecification","valueRequired":true,"valueName":"search_term_string"}}],"inLanguage":"fr-FR"},{"@type":"Organization","@id":"https:\/\/patternenergy.com\/fr\/#organization","name":"Pattern Energy","url":"https:\/\/patternenergy.com\/fr\/","logo":{"@type":"ImageObject","inLanguage":"fr-FR","@id":"https:\/\/patternenergy.com\/fr\/#\/schema\/logo\/image\/","url":"https:\/\/patternenergy.com\/wp-content\/uploads\/2022\/01\/Pattern-Energy-Media-thumbnail-logo.jpg","contentUrl":"https:\/\/patternenergy.com\/wp-content\/uploads\/2022\/01\/Pattern-Energy-Media-thumbnail-logo.jpg","width":1200,"height":627,"caption":"Pattern Energy"},"image":{"@id":"https:\/\/patternenergy.com\/fr\/#\/schema\/logo\/image\/"},"sameAs":["https:\/\/www.facebook.com\/PatternEnergy\/","https:\/\/instagram.com\/patternenergy?utm_medium=copy_link","https:\/\/www.linkedin.com\/company\/pattern-energy","https:\/\/www.youtube.com\/user\/PatternEnergy?app=desktop","https:\/\/web.cauze.com\/company\/293"]},{"@type":"Person","@id":"https:\/\/patternenergy.com\/fr\/#\/schema\/person\/6f7080f7c9428a32a6bbe73bf6c8e412","name":"Alisa Frincke","url":"https:\/\/patternenergy.com\/fr\/author\/alisa\/"}]}},"_links":{"self":[{"href":"https:\/\/patternenergy.com\/fr\/wp-json\/wp\/v2\/posts\/18212","targetHints":{"allow":["GET"]}}],"collection":[{"href":"https:\/\/patternenergy.com\/fr\/wp-json\/wp\/v2\/posts"}],"about":[{"href":"https:\/\/patternenergy.com\/fr\/wp-json\/wp\/v2\/types\/post"}],"author":[{"embeddable":true,"href":"https:\/\/patternenergy.com\/fr\/wp-json\/wp\/v2\/users\/3"}],"replies":[{"embeddable":true,"href":"https:\/\/patternenergy.com\/fr\/wp-json\/wp\/v2\/comments?post=18212"}],"version-history":[{"count":0,"href":"https:\/\/patternenergy.com\/fr\/wp-json\/wp\/v2\/posts\/18212\/revisions"}],"wp:featuredmedia":[{"embeddable":true,"href":"https:\/\/patternenergy.com\/fr\/wp-json\/wp\/v2\/media\/13373"}],"wp:attachment":[{"href":"https:\/\/patternenergy.com\/fr\/wp-json\/wp\/v2\/media?parent=18212"}],"wp:term":[{"taxonomy":"category","embeddable":true,"href":"https:\/\/patternenergy.com\/fr\/wp-json\/wp\/v2\/categories?post=18212"},{"taxonomy":"post_tag","embeddable":true,"href":"https:\/\/patternenergy.com\/fr\/wp-json\/wp\/v2\/tags?post=18212"},{"taxonomy":"sub_site","embeddable":true,"href":"https:\/\/patternenergy.com\/fr\/wp-json\/wp\/v2\/sub_site?post=18212"}],"curies":[{"name":"wp","href":"https:\/\/api.w.org\/{rel}","templated":true}]}}