{"id":18154,"date":"2022-05-24T17:28:11","date_gmt":"2022-05-24T22:28:11","guid":{"rendered":"https:\/\/patternenergy.com\/le-symbole-de-lamitie-entre-le-canada-et-les-pays-bas\/"},"modified":"2026-02-19T04:05:37","modified_gmt":"2026-02-19T09:05:37","slug":"le-symbole-de-lamitie-entre-le-canada-et-les-pays-bas","status":"publish","type":"post","link":"https:\/\/patternenergy.com\/fr\/le-symbole-de-lamitie-entre-le-canada-et-les-pays-bas\/","title":{"rendered":"Le symbole de l&rsquo;amiti\u00e9 entre le Canada et les Pays-Bas"},"content":{"rendered":"<blockquote><p>Lorsqu&rsquo;on a appris que la princesse Juliana des Pays-Bas \u00e9tait en train d&rsquo;accoucher pendant son s\u00e9jour au Canada, \u00ab\u00a0le gouvernement canadien a d\u00e9clar\u00e9 en d\u00e9cembre que sa chambre d&rsquo;h\u00f4pital \u00e9tait \u00ab\u00a0extraterritoriale\u00a0\u00bb afin de s&rsquo;assurer que l&rsquo;enfant ne na\u00eetrait pas citoyen canadien et sujet britannique ; une consid\u00e9ration importante pour que l&rsquo;enfant puisse conserver son droit d&rsquo;h\u00e9ritier du tr\u00f4ne n\u00e9erlandais\u00a0\u00bb.<\/p><\/blockquote>\n<p><span style=\"font-weight: 400;\">La floraison des tulipes est un signe r\u00e9v\u00e9lateur de l&rsquo;arriv\u00e9e du printemps, et c&rsquo;est ce qui se passe dans tout le Canada, en particulier dans la capitale nationale.<\/span><\/p>\n<p><span style=\"font-weight: 400;\">Du 13 au 23 mai, le <\/span><a href=\"https:\/\/tulipfestival.ca\/about-the-festival\/\"><br \/>\n  <span style=\"font-weight: 400;\">Festival canadien des tulipes<\/span><br \/>\n<\/a><span style=\"font-weight: 400;\"> est revenu \u00e0 Ottawa pour c\u00e9l\u00e9brer le \u00ab\u00a0don royal historique de tulipes des N\u00e9erlandais aux Canadiens imm\u00e9diatement apr\u00e8s la Seconde Guerre mondiale, en tant que symbole de l&rsquo;amiti\u00e9 internationale\u00a0\u00bb.<\/span><\/p>\n<div id=\"attachment_5686\" style=\"width: 591px\" class=\"wp-caption alignnone\"><img loading=\"lazy\" decoding=\"async\" aria-describedby=\"caption-attachment-5686\" class=\" wp-image-5686\" src=\"https:\/\/patternenergy.com\/wp-content\/uploads\/2022\/05\/Tulip_festival_in_Ottawa_-_2019_47925742658-300x200.jpg\" alt=\"\" width=\"581\" height=\"387\" srcset=\"https:\/\/patternenergy.com\/wp-content\/uploads\/2022\/05\/Tulip_festival_in_Ottawa_-_2019_47925742658-300x200.jpg 300w, https:\/\/patternenergy.com\/wp-content\/uploads\/2022\/05\/Tulip_festival_in_Ottawa_-_2019_47925742658-1024x682.jpg 1024w, https:\/\/patternenergy.com\/wp-content\/uploads\/2022\/05\/Tulip_festival_in_Ottawa_-_2019_47925742658-768x512.jpg 768w, https:\/\/patternenergy.com\/wp-content\/uploads\/2022\/05\/Tulip_festival_in_Ottawa_-_2019_47925742658-1536x1023.jpg 1536w, https:\/\/patternenergy.com\/wp-content\/uploads\/2022\/05\/Tulip_festival_in_Ottawa_-_2019_47925742658.jpg 1627w\" sizes=\"auto, (max-width: 581px) 100vw, 581px\" \/><p id=\"caption-attachment-5686\" class=\"wp-caption-text\">Les tulipes en pleine floraison sur la Colline du Parlement<\/p><\/div>\n<h3><b>Une princesse est n\u00e9e<\/b><\/h3>\n<p><span style=\"font-weight: 400;\">Si l&rsquo;on se souvient que le Canada a contribu\u00e9 \u00e0 la lib\u00e9ration des Pays-Bas et de l&rsquo;Europe pendant la Seconde Guerre mondiale, le festival comm\u00e9more \u00e9galement la naissance d&rsquo;une princesse n\u00e9erlandaise. Le 19 janvier 1943, la princesse Margriet est n\u00e9e \u00e0 l&rsquo;h\u00f4pital Civic d&rsquo;Ottawa de la princesse Juliana.<\/span><\/p>\n<p><span style=\"font-weight: 400;\">Trois ans avant sa naissance, la famille de la princesse Juliana s&rsquo;est install\u00e9e en Grande-Bretagne juste avant l&rsquo;invasion de l&rsquo;arm\u00e9e allemande, puis au Canada pour \u00e9chapper \u00e0 la guerre.<\/span><\/p>\n<p><span style=\"font-weight: 400;\">Lorsqu&rsquo;on a appris que la princesse Juliana des Pays-Bas avait accouch\u00e9 pendant son s\u00e9jour au Canada, le gouvernement canadien a d\u00e9clar\u00e9 sa chambre d&rsquo;h\u00f4pital \u00ab\u00a0extraterritoriale\u00a0\u00bb, <\/span><span style=\"font-weight: 400;\">le gouvernement canadien a d\u00e9clar\u00e9 que sa chambre d&rsquo;h\u00f4pital \u00e9tait \u00ab\u00a0extraterritoriale\u00a0\u00bb afin de s&rsquo;assurer que l&rsquo;enfant ne na\u00eetrait pas citoyen canadien et sujet britannique &#8211; une consid\u00e9ration importante pour que l&rsquo;enfant conserve son droit d&rsquo;h\u00e9ritier du tr\u00f4ne n\u00e9erlandais. <\/span> <\/p>\n<p><span style=\"font-weight: 400;\">Plus tard dans l&rsquo;ann\u00e9e, la princesse Margriet a \u00e9t\u00e9 baptis\u00e9e \u00e0 l&rsquo;\u00e9glise Saint-Andr\u00e9 d&rsquo;Ottawa. Elle a pass\u00e9 les deux premi\u00e8res ann\u00e9es au Canada, mais ce n&rsquo;est que le 2 ao\u00fbt 1945, lorsque les Pays-Bas ont \u00e9t\u00e9 lib\u00e9r\u00e9s, que la princesse Margriet et sa famille sont retourn\u00e9es aux Pays-Bas et se sont install\u00e9es dans le pays.  <\/span><a href=\"https:\/\/www.royal-house.nl\/members-royal-house\/princess-margriet\"><br \/>\n  <span style=\"font-weight: 400;\">pied sur le sol n\u00e9erlandais<\/span><br \/>\n<\/a><span style=\"font-weight: 400;\">.<\/span><\/p>\n<p><span style=\"font-weight: 400;\">Aujourd&rsquo;hui \u00e2g\u00e9e de 79 ans, la princesse Margriet est un membre actif de la maison royale n\u00e9erlandaise et s&rsquo;int\u00e9resse de pr\u00e8s aux soins de sant\u00e9 et \u00e0 la diversit\u00e9 culturelle.<\/span><\/p>\n<h3>Tant de tulipes<\/h3>\n<p><span style=\"font-weight: 400;\">En 1945, la famille royale n\u00e9erlandaise a envoy\u00e9 \u00e0 Ottawa 100 000 bulbes de tulipes pour le remercier d&rsquo;avoir h\u00e9berg\u00e9 la princesse Juliana et ses enfants pendant la guerre.  <\/span><\/p>\n<p><span style=\"font-weight: 400;\">Ce n&rsquo;\u00e9tait que le d\u00e9but du Festival canadien des tulipes &#8211; Ottawa est rapidement devenue c\u00e9l\u00e8bre pour ses tulipes. En 1953, le festival a \u00e9t\u00e9 cr\u00e9\u00e9 par la Chambre de commerce d&rsquo;Ottawa et le photographe Malak Karsh.<\/span><\/p>\n<p><span style=\"font-weight: 400;\">Les tulipes sont expos\u00e9es dans le parc des Commissaires et le long du canal Rideau. Chaque ann\u00e9e, plus de 650 000 personnes assistent \u00e0 cette f\u00eate. La tulipe est aujourd&rsquo;hui un symbole de l&rsquo;amiti\u00e9 entre le Canada et les Pays-Bas.  <\/span><\/p>\n<h3>Les festivit\u00e9s de cette ann\u00e9e<\/h3>\n<p><span style=\"font-weight: 400;\">Cette ann\u00e9e, \u00e0 l&rsquo;occasion de son 70e anniversaire et de son jubil\u00e9 de platine, le festival proposera des visites p\u00e9destres des tulipes, un bingo des tulipes, des promenades nocturnes \u00e0 travers les tulipes, des films, des visites p\u00e9destres des fant\u00f4mes et des feux d&rsquo;artifice.<\/span><\/p>\n<p><span style=\"font-weight: 400;\">Avec plus de 300 000 tulipes en fleurs, le festival est l&rsquo;un des \u00e9v\u00e9nements les plus importants au monde, et les Pays-Bas continuent d&rsquo;envoyer 20 000 bulbes chaque ann\u00e9e.<\/span><\/p>\n<p><span style=\"font-weight: 400;\">Pour en savoir plus sur le festival, consultez son site web <a href=\"https:\/\/tulipfestival.ca\/\">ICI<\/a>.<\/span><\/p>\n","protected":false},"excerpt":{"rendered":"<p>Lorsqu&rsquo;on a appris que la princesse Juliana des Pays-Bas \u00e9tait en train d&rsquo;accoucher pendant son s\u00e9jour au Canada, \u00ab\u00a0le gouvernement canadien a d\u00e9clar\u00e9 en d\u00e9cembre que sa chambre d&rsquo;h\u00f4pital \u00e9tait \u00ab\u00a0extraterritoriale\u00a0\u00bb afin de s&rsquo;assurer que l&rsquo;enfant ne na\u00eetrait pas citoyen canadien et sujet britannique ; une consid\u00e9ration importante pour que l&rsquo;enfant puisse conserver son droit [&hellip;]<\/p>\n","protected":false},"author":3,"featured_media":12741,"comment_status":"closed","ping_status":"closed","sticky":false,"template":"","format":"standard","meta":{"_acf_changed":false,"footnotes":""},"categories":[511,644,448],"tags":[918,917,920,919],"sub_site":[1347],"class_list":["post-18154","post","type-post","status-publish","format-standard","has-post-thumbnail","hentry","category-canada-fr","category-histoires-de-pattern-canada","category-non-classifiee","tag-famille-royale-neerlandaise","tag-fete-des-tulipes","tag-ottawa-fr","tag-princesse-margriet"],"acf":[],"yoast_head":"<!-- This site is optimized with the Yoast SEO plugin v27.4 - https:\/\/yoast.com\/product\/yoast-seo-wordpress\/ -->\n<title>Le symbole de l&#039;amiti\u00e9 entre le Canada et les Pays-Bas - Pattern Energy<\/title>\n<meta name=\"description\" content=\"Les tulipes qui sortent de terre sont l&#039;un des premiers signes de l&#039;arriv\u00e9e du printemps, et c&#039;est exactement ce qui se passe dans tout le Canada, en particulier dans la capitale nationale.\" \/>\n<meta name=\"robots\" content=\"index, follow, max-snippet:-1, max-image-preview:large, max-video-preview:-1\" \/>\n<link rel=\"canonical\" href=\"https:\/\/patternenergy.com\/fr\/le-symbole-de-lamitie-entre-le-canada-et-les-pays-bas\/\" \/>\n<meta property=\"og:locale\" content=\"fr_FR\" \/>\n<meta property=\"og:type\" content=\"article\" \/>\n<meta property=\"og:title\" content=\"Le symbole de l&#039;amiti\u00e9 entre le Canada et les Pays-Bas - Pattern Energy\" \/>\n<meta property=\"og:description\" content=\"Les tulipes qui sortent de terre sont l&#039;un des premiers signes de l&#039;arriv\u00e9e du printemps, et c&#039;est exactement ce qui se passe dans tout le Canada, en particulier dans la capitale nationale.\" \/>\n<meta property=\"og:url\" content=\"https:\/\/patternenergy.com\/fr\/le-symbole-de-lamitie-entre-le-canada-et-les-pays-bas\/\" \/>\n<meta property=\"og:site_name\" content=\"Pattern Energy\" \/>\n<meta property=\"article:publisher\" content=\"https:\/\/www.facebook.com\/PatternEnergy\/\" \/>\n<meta property=\"article:published_time\" content=\"2022-05-24T22:28:11+00:00\" \/>\n<meta property=\"article:modified_time\" content=\"2026-02-19T09:05:37+00:00\" \/>\n<meta property=\"og:image\" content=\"https:\/\/patternenergy.com\/wp-content\/uploads\/2022\/05\/Social-Media-Preview-image-1024x577.png\" \/>\n<meta name=\"author\" content=\"Alisa Frincke\" \/>\n<meta name=\"twitter:card\" content=\"summary_large_image\" \/>\n<meta name=\"twitter:image\" content=\"https:\/\/patternenergy.com\/wp-content\/uploads\/2022\/05\/Social-Media-Preview-image-1024x577.png\" \/>\n<meta name=\"twitter:label1\" content=\"\u00c9crit par\" \/>\n\t<meta name=\"twitter:data1\" content=\"Alisa Frincke\" \/>\n\t<meta name=\"twitter:label2\" content=\"Dur\u00e9e de lecture estim\u00e9e\" \/>\n\t<meta name=\"twitter:data2\" content=\"3 minutes\" \/>\n<script type=\"application\/ld+json\" class=\"yoast-schema-graph\">{\"@context\":\"https:\\\/\\\/schema.org\",\"@graph\":[{\"@type\":\"Article\",\"@id\":\"https:\\\/\\\/patternenergy.com\\\/fr\\\/le-symbole-de-lamitie-entre-le-canada-et-les-pays-bas\\\/#article\",\"isPartOf\":{\"@id\":\"https:\\\/\\\/patternenergy.com\\\/fr\\\/le-symbole-de-lamitie-entre-le-canada-et-les-pays-bas\\\/\"},\"author\":{\"name\":\"Alisa Frincke\",\"@id\":\"https:\\\/\\\/patternenergy.com\\\/fr\\\/#\\\/schema\\\/person\\\/6f7080f7c9428a32a6bbe73bf6c8e412\"},\"headline\":\"Le symbole de l&rsquo;amiti\u00e9 entre le Canada et les Pays-Bas\",\"datePublished\":\"2022-05-24T22:28:11+00:00\",\"dateModified\":\"2026-02-19T09:05:37+00:00\",\"mainEntityOfPage\":{\"@id\":\"https:\\\/\\\/patternenergy.com\\\/fr\\\/le-symbole-de-lamitie-entre-le-canada-et-les-pays-bas\\\/\"},\"wordCount\":664,\"publisher\":{\"@id\":\"https:\\\/\\\/patternenergy.com\\\/fr\\\/#organization\"},\"image\":{\"@id\":\"https:\\\/\\\/patternenergy.com\\\/fr\\\/le-symbole-de-lamitie-entre-le-canada-et-les-pays-bas\\\/#primaryimage\"},\"thumbnailUrl\":\"https:\\\/\\\/patternenergy.com\\\/wp-content\\\/uploads\\\/2022\\\/05\\\/Featured-Image-Tulips.png\",\"keywords\":[\"Famille royale n\u00e9erlandaise\",\"F\u00eate des tulipes\",\"Ottawa\",\"Princesse Margriet\"],\"articleSection\":[\"Canada\",\"Histoires de Pattern Canada\",\"Non classifi\u00e9(e)\"],\"inLanguage\":\"fr-FR\"},{\"@type\":\"WebPage\",\"@id\":\"https:\\\/\\\/patternenergy.com\\\/fr\\\/le-symbole-de-lamitie-entre-le-canada-et-les-pays-bas\\\/\",\"url\":\"https:\\\/\\\/patternenergy.com\\\/fr\\\/le-symbole-de-lamitie-entre-le-canada-et-les-pays-bas\\\/\",\"name\":\"Le symbole de l'amiti\u00e9 entre le Canada et les Pays-Bas - Pattern Energy\",\"isPartOf\":{\"@id\":\"https:\\\/\\\/patternenergy.com\\\/fr\\\/#website\"},\"primaryImageOfPage\":{\"@id\":\"https:\\\/\\\/patternenergy.com\\\/fr\\\/le-symbole-de-lamitie-entre-le-canada-et-les-pays-bas\\\/#primaryimage\"},\"image\":{\"@id\":\"https:\\\/\\\/patternenergy.com\\\/fr\\\/le-symbole-de-lamitie-entre-le-canada-et-les-pays-bas\\\/#primaryimage\"},\"thumbnailUrl\":\"https:\\\/\\\/patternenergy.com\\\/wp-content\\\/uploads\\\/2022\\\/05\\\/Featured-Image-Tulips.png\",\"datePublished\":\"2022-05-24T22:28:11+00:00\",\"dateModified\":\"2026-02-19T09:05:37+00:00\",\"description\":\"Les tulipes qui sortent de terre sont l'un des premiers signes de l'arriv\u00e9e du printemps, et c'est exactement ce qui se passe dans tout le Canada, en particulier dans la capitale nationale.\",\"breadcrumb\":{\"@id\":\"https:\\\/\\\/patternenergy.com\\\/fr\\\/le-symbole-de-lamitie-entre-le-canada-et-les-pays-bas\\\/#breadcrumb\"},\"inLanguage\":\"fr-FR\",\"potentialAction\":[{\"@type\":\"ReadAction\",\"target\":[\"https:\\\/\\\/patternenergy.com\\\/fr\\\/le-symbole-de-lamitie-entre-le-canada-et-les-pays-bas\\\/\"]}]},{\"@type\":\"ImageObject\",\"inLanguage\":\"fr-FR\",\"@id\":\"https:\\\/\\\/patternenergy.com\\\/fr\\\/le-symbole-de-lamitie-entre-le-canada-et-les-pays-bas\\\/#primaryimage\",\"url\":\"https:\\\/\\\/patternenergy.com\\\/wp-content\\\/uploads\\\/2022\\\/05\\\/Featured-Image-Tulips.png\",\"contentUrl\":\"https:\\\/\\\/patternenergy.com\\\/wp-content\\\/uploads\\\/2022\\\/05\\\/Featured-Image-Tulips.png\",\"width\":1080,\"height\":706},{\"@type\":\"BreadcrumbList\",\"@id\":\"https:\\\/\\\/patternenergy.com\\\/fr\\\/le-symbole-de-lamitie-entre-le-canada-et-les-pays-bas\\\/#breadcrumb\",\"itemListElement\":[{\"@type\":\"ListItem\",\"position\":1,\"name\":\"Home\",\"item\":\"https:\\\/\\\/patternenergy.com\\\/fr\\\/\"},{\"@type\":\"ListItem\",\"position\":2,\"name\":\"Le symbole de l&#8217;amiti\u00e9 entre le Canada et les Pays-Bas\"}]},{\"@type\":\"WebSite\",\"@id\":\"https:\\\/\\\/patternenergy.com\\\/fr\\\/#website\",\"url\":\"https:\\\/\\\/patternenergy.com\\\/fr\\\/\",\"name\":\"Pattern Energy\",\"description\":\"Nous d\u00e9veloppons, construisons, poss\u00e9dons et exploitons des projets \u00e9oliens, solaires, de transport et de stockage d'\u00e9nergie de haute qualit\u00e9 dans le monde entier.\",\"publisher\":{\"@id\":\"https:\\\/\\\/patternenergy.com\\\/fr\\\/#organization\"},\"potentialAction\":[{\"@type\":\"SearchAction\",\"target\":{\"@type\":\"EntryPoint\",\"urlTemplate\":\"https:\\\/\\\/patternenergy.com\\\/fr\\\/?s={search_term_string}\"},\"query-input\":{\"@type\":\"PropertyValueSpecification\",\"valueRequired\":true,\"valueName\":\"search_term_string\"}}],\"inLanguage\":\"fr-FR\"},{\"@type\":\"Organization\",\"@id\":\"https:\\\/\\\/patternenergy.com\\\/fr\\\/#organization\",\"name\":\"Pattern Energy\",\"url\":\"https:\\\/\\\/patternenergy.com\\\/fr\\\/\",\"logo\":{\"@type\":\"ImageObject\",\"inLanguage\":\"fr-FR\",\"@id\":\"https:\\\/\\\/patternenergy.com\\\/fr\\\/#\\\/schema\\\/logo\\\/image\\\/\",\"url\":\"https:\\\/\\\/patternenergy.com\\\/wp-content\\\/uploads\\\/2022\\\/01\\\/Pattern-Energy-Media-thumbnail-logo.jpg\",\"contentUrl\":\"https:\\\/\\\/patternenergy.com\\\/wp-content\\\/uploads\\\/2022\\\/01\\\/Pattern-Energy-Media-thumbnail-logo.jpg\",\"width\":1200,\"height\":627,\"caption\":\"Pattern Energy\"},\"image\":{\"@id\":\"https:\\\/\\\/patternenergy.com\\\/fr\\\/#\\\/schema\\\/logo\\\/image\\\/\"},\"sameAs\":[\"https:\\\/\\\/www.facebook.com\\\/PatternEnergy\\\/\",\"https:\\\/\\\/instagram.com\\\/patternenergy?utm_medium=copy_link\",\"https:\\\/\\\/www.linkedin.com\\\/company\\\/pattern-energy\",\"https:\\\/\\\/www.youtube.com\\\/user\\\/PatternEnergy?app=desktop\",\"https:\\\/\\\/web.cauze.com\\\/company\\\/293\"]},{\"@type\":\"Person\",\"@id\":\"https:\\\/\\\/patternenergy.com\\\/fr\\\/#\\\/schema\\\/person\\\/6f7080f7c9428a32a6bbe73bf6c8e412\",\"name\":\"Alisa Frincke\",\"url\":\"https:\\\/\\\/patternenergy.com\\\/fr\\\/author\\\/alisa\\\/\"}]}<\/script>\n<!-- \/ Yoast SEO plugin. -->","yoast_head_json":{"title":"Le symbole de l'amiti\u00e9 entre le Canada et les Pays-Bas - Pattern Energy","description":"Les tulipes qui sortent de terre sont l'un des premiers signes de l'arriv\u00e9e du printemps, et c'est exactement ce qui se passe dans tout le Canada, en particulier dans la capitale nationale.","robots":{"index":"index","follow":"follow","max-snippet":"max-snippet:-1","max-image-preview":"max-image-preview:large","max-video-preview":"max-video-preview:-1"},"canonical":"https:\/\/patternenergy.com\/fr\/le-symbole-de-lamitie-entre-le-canada-et-les-pays-bas\/","og_locale":"fr_FR","og_type":"article","og_title":"Le symbole de l'amiti\u00e9 entre le Canada et les Pays-Bas - Pattern Energy","og_description":"Les tulipes qui sortent de terre sont l'un des premiers signes de l'arriv\u00e9e du printemps, et c'est exactement ce qui se passe dans tout le Canada, en particulier dans la capitale nationale.","og_url":"https:\/\/patternenergy.com\/fr\/le-symbole-de-lamitie-entre-le-canada-et-les-pays-bas\/","og_site_name":"Pattern Energy","article_publisher":"https:\/\/www.facebook.com\/PatternEnergy\/","article_published_time":"2022-05-24T22:28:11+00:00","article_modified_time":"2026-02-19T09:05:37+00:00","og_image":[{"url":"https:\/\/patternenergy.com\/wp-content\/uploads\/2022\/05\/Social-Media-Preview-image-1024x577.png","type":"","width":"","height":""}],"author":"Alisa Frincke","twitter_card":"summary_large_image","twitter_image":"https:\/\/patternenergy.com\/wp-content\/uploads\/2022\/05\/Social-Media-Preview-image-1024x577.png","twitter_misc":{"\u00c9crit par":"Alisa Frincke","Dur\u00e9e de lecture estim\u00e9e":"3 minutes"},"schema":{"@context":"https:\/\/schema.org","@graph":[{"@type":"Article","@id":"https:\/\/patternenergy.com\/fr\/le-symbole-de-lamitie-entre-le-canada-et-les-pays-bas\/#article","isPartOf":{"@id":"https:\/\/patternenergy.com\/fr\/le-symbole-de-lamitie-entre-le-canada-et-les-pays-bas\/"},"author":{"name":"Alisa Frincke","@id":"https:\/\/patternenergy.com\/fr\/#\/schema\/person\/6f7080f7c9428a32a6bbe73bf6c8e412"},"headline":"Le symbole de l&rsquo;amiti\u00e9 entre le Canada et les Pays-Bas","datePublished":"2022-05-24T22:28:11+00:00","dateModified":"2026-02-19T09:05:37+00:00","mainEntityOfPage":{"@id":"https:\/\/patternenergy.com\/fr\/le-symbole-de-lamitie-entre-le-canada-et-les-pays-bas\/"},"wordCount":664,"publisher":{"@id":"https:\/\/patternenergy.com\/fr\/#organization"},"image":{"@id":"https:\/\/patternenergy.com\/fr\/le-symbole-de-lamitie-entre-le-canada-et-les-pays-bas\/#primaryimage"},"thumbnailUrl":"https:\/\/patternenergy.com\/wp-content\/uploads\/2022\/05\/Featured-Image-Tulips.png","keywords":["Famille royale n\u00e9erlandaise","F\u00eate des tulipes","Ottawa","Princesse Margriet"],"articleSection":["Canada","Histoires de Pattern Canada","Non classifi\u00e9(e)"],"inLanguage":"fr-FR"},{"@type":"WebPage","@id":"https:\/\/patternenergy.com\/fr\/le-symbole-de-lamitie-entre-le-canada-et-les-pays-bas\/","url":"https:\/\/patternenergy.com\/fr\/le-symbole-de-lamitie-entre-le-canada-et-les-pays-bas\/","name":"Le symbole de l'amiti\u00e9 entre le Canada et les Pays-Bas - Pattern Energy","isPartOf":{"@id":"https:\/\/patternenergy.com\/fr\/#website"},"primaryImageOfPage":{"@id":"https:\/\/patternenergy.com\/fr\/le-symbole-de-lamitie-entre-le-canada-et-les-pays-bas\/#primaryimage"},"image":{"@id":"https:\/\/patternenergy.com\/fr\/le-symbole-de-lamitie-entre-le-canada-et-les-pays-bas\/#primaryimage"},"thumbnailUrl":"https:\/\/patternenergy.com\/wp-content\/uploads\/2022\/05\/Featured-Image-Tulips.png","datePublished":"2022-05-24T22:28:11+00:00","dateModified":"2026-02-19T09:05:37+00:00","description":"Les tulipes qui sortent de terre sont l'un des premiers signes de l'arriv\u00e9e du printemps, et c'est exactement ce qui se passe dans tout le Canada, en particulier dans la capitale nationale.","breadcrumb":{"@id":"https:\/\/patternenergy.com\/fr\/le-symbole-de-lamitie-entre-le-canada-et-les-pays-bas\/#breadcrumb"},"inLanguage":"fr-FR","potentialAction":[{"@type":"ReadAction","target":["https:\/\/patternenergy.com\/fr\/le-symbole-de-lamitie-entre-le-canada-et-les-pays-bas\/"]}]},{"@type":"ImageObject","inLanguage":"fr-FR","@id":"https:\/\/patternenergy.com\/fr\/le-symbole-de-lamitie-entre-le-canada-et-les-pays-bas\/#primaryimage","url":"https:\/\/patternenergy.com\/wp-content\/uploads\/2022\/05\/Featured-Image-Tulips.png","contentUrl":"https:\/\/patternenergy.com\/wp-content\/uploads\/2022\/05\/Featured-Image-Tulips.png","width":1080,"height":706},{"@type":"BreadcrumbList","@id":"https:\/\/patternenergy.com\/fr\/le-symbole-de-lamitie-entre-le-canada-et-les-pays-bas\/#breadcrumb","itemListElement":[{"@type":"ListItem","position":1,"name":"Home","item":"https:\/\/patternenergy.com\/fr\/"},{"@type":"ListItem","position":2,"name":"Le symbole de l&#8217;amiti\u00e9 entre le Canada et les Pays-Bas"}]},{"@type":"WebSite","@id":"https:\/\/patternenergy.com\/fr\/#website","url":"https:\/\/patternenergy.com\/fr\/","name":"Pattern Energy","description":"Nous d\u00e9veloppons, construisons, poss\u00e9dons et exploitons des projets \u00e9oliens, solaires, de transport et de stockage d'\u00e9nergie de haute qualit\u00e9 dans le monde entier.","publisher":{"@id":"https:\/\/patternenergy.com\/fr\/#organization"},"potentialAction":[{"@type":"SearchAction","target":{"@type":"EntryPoint","urlTemplate":"https:\/\/patternenergy.com\/fr\/?s={search_term_string}"},"query-input":{"@type":"PropertyValueSpecification","valueRequired":true,"valueName":"search_term_string"}}],"inLanguage":"fr-FR"},{"@type":"Organization","@id":"https:\/\/patternenergy.com\/fr\/#organization","name":"Pattern Energy","url":"https:\/\/patternenergy.com\/fr\/","logo":{"@type":"ImageObject","inLanguage":"fr-FR","@id":"https:\/\/patternenergy.com\/fr\/#\/schema\/logo\/image\/","url":"https:\/\/patternenergy.com\/wp-content\/uploads\/2022\/01\/Pattern-Energy-Media-thumbnail-logo.jpg","contentUrl":"https:\/\/patternenergy.com\/wp-content\/uploads\/2022\/01\/Pattern-Energy-Media-thumbnail-logo.jpg","width":1200,"height":627,"caption":"Pattern Energy"},"image":{"@id":"https:\/\/patternenergy.com\/fr\/#\/schema\/logo\/image\/"},"sameAs":["https:\/\/www.facebook.com\/PatternEnergy\/","https:\/\/instagram.com\/patternenergy?utm_medium=copy_link","https:\/\/www.linkedin.com\/company\/pattern-energy","https:\/\/www.youtube.com\/user\/PatternEnergy?app=desktop","https:\/\/web.cauze.com\/company\/293"]},{"@type":"Person","@id":"https:\/\/patternenergy.com\/fr\/#\/schema\/person\/6f7080f7c9428a32a6bbe73bf6c8e412","name":"Alisa Frincke","url":"https:\/\/patternenergy.com\/fr\/author\/alisa\/"}]}},"_links":{"self":[{"href":"https:\/\/patternenergy.com\/fr\/wp-json\/wp\/v2\/posts\/18154","targetHints":{"allow":["GET"]}}],"collection":[{"href":"https:\/\/patternenergy.com\/fr\/wp-json\/wp\/v2\/posts"}],"about":[{"href":"https:\/\/patternenergy.com\/fr\/wp-json\/wp\/v2\/types\/post"}],"author":[{"embeddable":true,"href":"https:\/\/patternenergy.com\/fr\/wp-json\/wp\/v2\/users\/3"}],"replies":[{"embeddable":true,"href":"https:\/\/patternenergy.com\/fr\/wp-json\/wp\/v2\/comments?post=18154"}],"version-history":[{"count":0,"href":"https:\/\/patternenergy.com\/fr\/wp-json\/wp\/v2\/posts\/18154\/revisions"}],"wp:featuredmedia":[{"embeddable":true,"href":"https:\/\/patternenergy.com\/fr\/wp-json\/wp\/v2\/media\/12741"}],"wp:attachment":[{"href":"https:\/\/patternenergy.com\/fr\/wp-json\/wp\/v2\/media?parent=18154"}],"wp:term":[{"taxonomy":"category","embeddable":true,"href":"https:\/\/patternenergy.com\/fr\/wp-json\/wp\/v2\/categories?post=18154"},{"taxonomy":"post_tag","embeddable":true,"href":"https:\/\/patternenergy.com\/fr\/wp-json\/wp\/v2\/tags?post=18154"},{"taxonomy":"sub_site","embeddable":true,"href":"https:\/\/patternenergy.com\/fr\/wp-json\/wp\/v2\/sub_site?post=18154"}],"curies":[{"name":"wp","href":"https:\/\/api.w.org\/{rel}","templated":true}]}}