{"id":17524,"date":"2021-06-29T18:35:00","date_gmt":"2021-06-29T23:35:00","guid":{"rendered":"https:\/\/patternenergy.com\/lauren-haller-de-pattern-energy-parle-de-lenergie-verte-de-linclusion-et-du-poids-de-lhistoire\/"},"modified":"2026-02-19T03:58:28","modified_gmt":"2026-02-19T08:58:28","slug":"lauren-haller-de-pattern-energy-parle-de-lenergie-verte-de-linclusion-et-du-poids-de-lhistoire","status":"publish","type":"post","link":"https:\/\/patternenergy.com\/fr\/lauren-haller-de-pattern-energy-parle-de-lenergie-verte-de-linclusion-et-du-poids-de-lhistoire\/","title":{"rendered":"Lauren Haller, de Pattern Energy, parle de l&rsquo;\u00e9nergie verte, de l&rsquo;inclusion et du poids de l&rsquo;histoire"},"content":{"rendered":"&#13;\n<p>Lauren Haller a grandi dans une famille tr\u00e8s exigeante.<\/p>&#13;\n&#13;\n<p>L&rsquo;arri\u00e8re-arri\u00e8re-grand-p\u00e8re de M. Haller \u00e9tait un esclave \u00e9mancip\u00e9 qui devint commissaire du comt\u00e9 de Walker et, en 1893, l&rsquo;un des premiers Afro-Am\u00e9ricains \u00e9lus \u00e0 la l\u00e9gislature du Texas.<\/p>&#13;\n&#13;\n<p>Sa m\u00e8re est juge \u00e0 Houston et son p\u00e8re \u00e9tait cadre dans une compagnie internationale d&rsquo;assurance multirisque qui s&rsquo;occupait de propri\u00e9t\u00e9s \u00e9nerg\u00e9tiques en aval.<\/p>&#13;\n&#13;\n<p>L&rsquo;album photo de M. Haller dans sa jeunesse comprend des photos du d\u00eener avec le pr\u00e9sident George H.W. Bush, des poign\u00e9es de main avec les pr\u00e9sidents George W. Bush et Bill Clinton, des accolades avec la gouverneure du Texas Ann Richards et des poses avec l&rsquo;ic\u00f4ne des droits civiques et membre du Congr\u00e8s John Lewis.<\/p>&#13;\n&#13;\n<p><a href=\"https:\/\/www.houstonchronicle.com\/business\/texas-inc\/article\/Pattern-Energy-s-Lauren-Haller-on-green-power-16268524.php\">Lire la suite.<\/a><\/p>&#13;\n&#13;\n<figure class=\"wp-block-image size-full\"><\/figure>&#13;\n<p><img loading=\"lazy\" decoding=\"async\" class=\"alignnone size-full wp-image-589\" src=\"https:\/\/patternenergy.com\/wp-content\/uploads\/2021\/09\/news-img-3.jpeg\" alt=\"\" width=\"800\" height=\"533\" srcset=\"https:\/\/patternenergy.com\/wp-content\/uploads\/2021\/09\/news-img-3.jpeg 800w, https:\/\/patternenergy.com\/wp-content\/uploads\/2021\/09\/news-img-3-300x200.jpeg 300w, https:\/\/patternenergy.com\/wp-content\/uploads\/2021\/09\/news-img-3-768x512.jpeg 768w\" sizes=\"auto, (max-width: 800px) 100vw, 800px\" \/><\/p>&#13;\n","protected":false},"excerpt":{"rendered":"<p>&#13; Lauren Haller a grandi dans une famille tr\u00e8s exigeante. &#13; &#13; L&rsquo;arri\u00e8re-arri\u00e8re-grand-p\u00e8re de M. Haller \u00e9tait un esclave \u00e9mancip\u00e9 qui devint commissaire du comt\u00e9 de Walker et, en 1893, l&rsquo;un des premiers Afro-Am\u00e9ricains \u00e9lus \u00e0 la l\u00e9gislature du Texas. &#13; &#13; Sa m\u00e8re est juge \u00e0 Houston et son p\u00e8re \u00e9tait cadre dans une [&hellip;]<\/p>\n","protected":false},"author":1,"featured_media":9573,"comment_status":"closed","ping_status":"closed","sticky":false,"template":"","format":"standard","meta":{"_acf_changed":false,"footnotes":""},"categories":[537,548,515,523,547,536],"tags":[552,553,551,550,543],"sub_site":[],"class_list":["post-17524","post","type-post","status-publish","format-standard","has-post-thumbnail","hentry","category-carrieres","category-dei-fr","category-durabilite","category-etats-unis","category-nouvelles-de-pattern-energy","category-personnes-a-patrons","tag-gse","tag-houston-fr","tag-la-durabilite","tag-personnes-a-patrons","tag-texas-fr"],"acf":[],"yoast_head":"<!-- This site is optimized with the Yoast SEO plugin v27.5 - https:\/\/yoast.com\/product\/yoast-seo-wordpress\/ -->\n<title>Lauren Haller, de Pattern Energy, parle de l&#039;\u00e9nergie verte, de l&#039;inclusion et du poids de l&#039;histoire - Pattern Energy<\/title>\n<meta name=\"robots\" content=\"index, follow, max-snippet:-1, max-image-preview:large, max-video-preview:-1\" \/>\n<link rel=\"canonical\" href=\"https:\/\/patternenergy.com\/fr\/lauren-haller-de-pattern-energy-parle-de-lenergie-verte-de-linclusion-et-du-poids-de-lhistoire\/\" \/>\n<meta property=\"og:locale\" content=\"fr_FR\" \/>\n<meta property=\"og:type\" content=\"article\" \/>\n<meta property=\"og:title\" content=\"Lauren Haller, de Pattern Energy, parle de l&#039;\u00e9nergie verte, de l&#039;inclusion et du poids de l&#039;histoire - Pattern Energy\" \/>\n<meta property=\"og:description\" content=\"&#013; Lauren Haller a grandi dans une famille tr\u00e8s exigeante. &#013; &#013; L&rsquo;arri\u00e8re-arri\u00e8re-grand-p\u00e8re de M. Haller \u00e9tait un esclave \u00e9mancip\u00e9 qui devint commissaire du comt\u00e9 de Walker et, en 1893, l&rsquo;un des premiers Afro-Am\u00e9ricains \u00e9lus \u00e0 la l\u00e9gislature du Texas. &#013; &#013; Sa m\u00e8re est juge \u00e0 Houston et son p\u00e8re \u00e9tait cadre dans une [&hellip;]\" \/>\n<meta property=\"og:url\" content=\"https:\/\/patternenergy.com\/fr\/lauren-haller-de-pattern-energy-parle-de-lenergie-verte-de-linclusion-et-du-poids-de-lhistoire\/\" \/>\n<meta property=\"og:site_name\" content=\"Pattern Energy\" \/>\n<meta property=\"article:publisher\" content=\"https:\/\/www.facebook.com\/PatternEnergy\/\" \/>\n<meta property=\"article:published_time\" content=\"2021-06-29T23:35:00+00:00\" \/>\n<meta property=\"article:modified_time\" content=\"2026-02-19T08:58:28+00:00\" \/>\n<meta property=\"og:image\" content=\"https:\/\/patternenergy.com\/wp-content\/uploads\/2021\/09\/news-img-3.jpeg\" \/>\n\t<meta property=\"og:image:width\" content=\"800\" \/>\n\t<meta property=\"og:image:height\" content=\"533\" \/>\n\t<meta property=\"og:image:type\" content=\"image\/jpeg\" \/>\n<meta name=\"author\" content=\"ptrndmn\" \/>\n<meta name=\"twitter:card\" content=\"summary_large_image\" \/>\n<meta name=\"twitter:label1\" content=\"\u00c9crit par\" \/>\n\t<meta name=\"twitter:data1\" content=\"ptrndmn\" \/>\n\t<meta name=\"twitter:label2\" content=\"Dur\u00e9e de lecture estim\u00e9e\" \/>\n\t<meta name=\"twitter:data2\" content=\"1 minute\" \/>\n<script type=\"application\/ld+json\" class=\"yoast-schema-graph\">{\"@context\":\"https:\\\/\\\/schema.org\",\"@graph\":[{\"@type\":\"Article\",\"@id\":\"https:\\\/\\\/patternenergy.com\\\/fr\\\/lauren-haller-de-pattern-energy-parle-de-lenergie-verte-de-linclusion-et-du-poids-de-lhistoire\\\/#article\",\"isPartOf\":{\"@id\":\"https:\\\/\\\/patternenergy.com\\\/fr\\\/lauren-haller-de-pattern-energy-parle-de-lenergie-verte-de-linclusion-et-du-poids-de-lhistoire\\\/\"},\"author\":{\"name\":\"ptrndmn\",\"@id\":\"https:\\\/\\\/patternenergy.com\\\/fr\\\/#\\\/schema\\\/person\\\/33965a118f27fded0be086c056aa2706\"},\"headline\":\"Lauren Haller, de Pattern Energy, parle de l&rsquo;\u00e9nergie verte, de l&rsquo;inclusion et du poids de l&rsquo;histoire\",\"datePublished\":\"2021-06-29T23:35:00+00:00\",\"dateModified\":\"2026-02-19T08:58:28+00:00\",\"mainEntityOfPage\":{\"@id\":\"https:\\\/\\\/patternenergy.com\\\/fr\\\/lauren-haller-de-pattern-energy-parle-de-lenergie-verte-de-linclusion-et-du-poids-de-lhistoire\\\/\"},\"wordCount\":159,\"publisher\":{\"@id\":\"https:\\\/\\\/patternenergy.com\\\/fr\\\/#organization\"},\"image\":{\"@id\":\"https:\\\/\\\/patternenergy.com\\\/fr\\\/lauren-haller-de-pattern-energy-parle-de-lenergie-verte-de-linclusion-et-du-poids-de-lhistoire\\\/#primaryimage\"},\"thumbnailUrl\":\"https:\\\/\\\/patternenergy.com\\\/wp-content\\\/uploads\\\/2021\\\/09\\\/news-img-3.jpeg\",\"keywords\":[\"GSE\",\"Houston\",\"la durabilit\u00e9\",\"Personnes \u00e0 patrons\",\"Texas\"],\"articleSection\":[\"Carri\u00e8res\",\"DEI\",\"Durabilit\u00e9\",\"\u00c9tats-Unis\",\"Nouvelles de Pattern Energy\",\"Personnes \u00e0 patrons\"],\"inLanguage\":\"fr-FR\"},{\"@type\":\"WebPage\",\"@id\":\"https:\\\/\\\/patternenergy.com\\\/fr\\\/lauren-haller-de-pattern-energy-parle-de-lenergie-verte-de-linclusion-et-du-poids-de-lhistoire\\\/\",\"url\":\"https:\\\/\\\/patternenergy.com\\\/fr\\\/lauren-haller-de-pattern-energy-parle-de-lenergie-verte-de-linclusion-et-du-poids-de-lhistoire\\\/\",\"name\":\"Lauren Haller, de Pattern Energy, parle de l'\u00e9nergie verte, de l'inclusion et du poids de l'histoire - Pattern Energy\",\"isPartOf\":{\"@id\":\"https:\\\/\\\/patternenergy.com\\\/fr\\\/#website\"},\"primaryImageOfPage\":{\"@id\":\"https:\\\/\\\/patternenergy.com\\\/fr\\\/lauren-haller-de-pattern-energy-parle-de-lenergie-verte-de-linclusion-et-du-poids-de-lhistoire\\\/#primaryimage\"},\"image\":{\"@id\":\"https:\\\/\\\/patternenergy.com\\\/fr\\\/lauren-haller-de-pattern-energy-parle-de-lenergie-verte-de-linclusion-et-du-poids-de-lhistoire\\\/#primaryimage\"},\"thumbnailUrl\":\"https:\\\/\\\/patternenergy.com\\\/wp-content\\\/uploads\\\/2021\\\/09\\\/news-img-3.jpeg\",\"datePublished\":\"2021-06-29T23:35:00+00:00\",\"dateModified\":\"2026-02-19T08:58:28+00:00\",\"breadcrumb\":{\"@id\":\"https:\\\/\\\/patternenergy.com\\\/fr\\\/lauren-haller-de-pattern-energy-parle-de-lenergie-verte-de-linclusion-et-du-poids-de-lhistoire\\\/#breadcrumb\"},\"inLanguage\":\"fr-FR\",\"potentialAction\":[{\"@type\":\"ReadAction\",\"target\":[\"https:\\\/\\\/patternenergy.com\\\/fr\\\/lauren-haller-de-pattern-energy-parle-de-lenergie-verte-de-linclusion-et-du-poids-de-lhistoire\\\/\"]}]},{\"@type\":\"ImageObject\",\"inLanguage\":\"fr-FR\",\"@id\":\"https:\\\/\\\/patternenergy.com\\\/fr\\\/lauren-haller-de-pattern-energy-parle-de-lenergie-verte-de-linclusion-et-du-poids-de-lhistoire\\\/#primaryimage\",\"url\":\"https:\\\/\\\/patternenergy.com\\\/wp-content\\\/uploads\\\/2021\\\/09\\\/news-img-3.jpeg\",\"contentUrl\":\"https:\\\/\\\/patternenergy.com\\\/wp-content\\\/uploads\\\/2021\\\/09\\\/news-img-3.jpeg\",\"width\":800,\"height\":533},{\"@type\":\"BreadcrumbList\",\"@id\":\"https:\\\/\\\/patternenergy.com\\\/fr\\\/lauren-haller-de-pattern-energy-parle-de-lenergie-verte-de-linclusion-et-du-poids-de-lhistoire\\\/#breadcrumb\",\"itemListElement\":[{\"@type\":\"ListItem\",\"position\":1,\"name\":\"Home\",\"item\":\"https:\\\/\\\/patternenergy.com\\\/fr\\\/\"},{\"@type\":\"ListItem\",\"position\":2,\"name\":\"Lauren Haller, de Pattern Energy, parle de l&#8217;\u00e9nergie verte, de l&#8217;inclusion et du poids de l&#8217;histoire\"}]},{\"@type\":\"WebSite\",\"@id\":\"https:\\\/\\\/patternenergy.com\\\/fr\\\/#website\",\"url\":\"https:\\\/\\\/patternenergy.com\\\/fr\\\/\",\"name\":\"Pattern Energy\",\"description\":\"Nous d\u00e9veloppons, construisons, poss\u00e9dons et exploitons des projets \u00e9oliens, solaires, de transport et de stockage d'\u00e9nergie de haute qualit\u00e9 dans le monde entier.\",\"publisher\":{\"@id\":\"https:\\\/\\\/patternenergy.com\\\/fr\\\/#organization\"},\"potentialAction\":[{\"@type\":\"SearchAction\",\"target\":{\"@type\":\"EntryPoint\",\"urlTemplate\":\"https:\\\/\\\/patternenergy.com\\\/fr\\\/?s={search_term_string}\"},\"query-input\":{\"@type\":\"PropertyValueSpecification\",\"valueRequired\":true,\"valueName\":\"search_term_string\"}}],\"inLanguage\":\"fr-FR\"},{\"@type\":\"Organization\",\"@id\":\"https:\\\/\\\/patternenergy.com\\\/fr\\\/#organization\",\"name\":\"Pattern Energy\",\"url\":\"https:\\\/\\\/patternenergy.com\\\/fr\\\/\",\"logo\":{\"@type\":\"ImageObject\",\"inLanguage\":\"fr-FR\",\"@id\":\"https:\\\/\\\/patternenergy.com\\\/fr\\\/#\\\/schema\\\/logo\\\/image\\\/\",\"url\":\"https:\\\/\\\/patternenergy.com\\\/wp-content\\\/uploads\\\/2022\\\/01\\\/Pattern-Energy-Media-thumbnail-logo.jpg\",\"contentUrl\":\"https:\\\/\\\/patternenergy.com\\\/wp-content\\\/uploads\\\/2022\\\/01\\\/Pattern-Energy-Media-thumbnail-logo.jpg\",\"width\":1200,\"height\":627,\"caption\":\"Pattern Energy\"},\"image\":{\"@id\":\"https:\\\/\\\/patternenergy.com\\\/fr\\\/#\\\/schema\\\/logo\\\/image\\\/\"},\"sameAs\":[\"https:\\\/\\\/www.facebook.com\\\/PatternEnergy\\\/\",\"https:\\\/\\\/instagram.com\\\/patternenergy?utm_medium=copy_link\",\"https:\\\/\\\/www.linkedin.com\\\/company\\\/pattern-energy\",\"https:\\\/\\\/www.youtube.com\\\/user\\\/PatternEnergy?app=desktop\",\"https:\\\/\\\/web.cauze.com\\\/company\\\/293\"]},{\"@type\":\"Person\",\"@id\":\"https:\\\/\\\/patternenergy.com\\\/fr\\\/#\\\/schema\\\/person\\\/33965a118f27fded0be086c056aa2706\",\"name\":\"ptrndmn\",\"sameAs\":[\"https:\\\/\\\/patternenergy.com\"],\"url\":\"https:\\\/\\\/patternenergy.com\\\/fr\\\/author\\\/ptrndmn\\\/\"}]}<\/script>\n<!-- \/ Yoast SEO plugin. -->","yoast_head_json":{"title":"Lauren Haller, de Pattern Energy, parle de l'\u00e9nergie verte, de l'inclusion et du poids de l'histoire - Pattern Energy","robots":{"index":"index","follow":"follow","max-snippet":"max-snippet:-1","max-image-preview":"max-image-preview:large","max-video-preview":"max-video-preview:-1"},"canonical":"https:\/\/patternenergy.com\/fr\/lauren-haller-de-pattern-energy-parle-de-lenergie-verte-de-linclusion-et-du-poids-de-lhistoire\/","og_locale":"fr_FR","og_type":"article","og_title":"Lauren Haller, de Pattern Energy, parle de l'\u00e9nergie verte, de l'inclusion et du poids de l'histoire - Pattern Energy","og_description":"&#13; Lauren Haller a grandi dans une famille tr\u00e8s exigeante. &#13; &#13; L&rsquo;arri\u00e8re-arri\u00e8re-grand-p\u00e8re de M. Haller \u00e9tait un esclave \u00e9mancip\u00e9 qui devint commissaire du comt\u00e9 de Walker et, en 1893, l&rsquo;un des premiers Afro-Am\u00e9ricains \u00e9lus \u00e0 la l\u00e9gislature du Texas. &#13; &#13; Sa m\u00e8re est juge \u00e0 Houston et son p\u00e8re \u00e9tait cadre dans une [&hellip;]","og_url":"https:\/\/patternenergy.com\/fr\/lauren-haller-de-pattern-energy-parle-de-lenergie-verte-de-linclusion-et-du-poids-de-lhistoire\/","og_site_name":"Pattern Energy","article_publisher":"https:\/\/www.facebook.com\/PatternEnergy\/","article_published_time":"2021-06-29T23:35:00+00:00","article_modified_time":"2026-02-19T08:58:28+00:00","og_image":[{"width":800,"height":533,"url":"https:\/\/patternenergy.com\/wp-content\/uploads\/2021\/09\/news-img-3.jpeg","type":"image\/jpeg"}],"author":"ptrndmn","twitter_card":"summary_large_image","twitter_misc":{"\u00c9crit par":"ptrndmn","Dur\u00e9e de lecture estim\u00e9e":"1 minute"},"schema":{"@context":"https:\/\/schema.org","@graph":[{"@type":"Article","@id":"https:\/\/patternenergy.com\/fr\/lauren-haller-de-pattern-energy-parle-de-lenergie-verte-de-linclusion-et-du-poids-de-lhistoire\/#article","isPartOf":{"@id":"https:\/\/patternenergy.com\/fr\/lauren-haller-de-pattern-energy-parle-de-lenergie-verte-de-linclusion-et-du-poids-de-lhistoire\/"},"author":{"name":"ptrndmn","@id":"https:\/\/patternenergy.com\/fr\/#\/schema\/person\/33965a118f27fded0be086c056aa2706"},"headline":"Lauren Haller, de Pattern Energy, parle de l&rsquo;\u00e9nergie verte, de l&rsquo;inclusion et du poids de l&rsquo;histoire","datePublished":"2021-06-29T23:35:00+00:00","dateModified":"2026-02-19T08:58:28+00:00","mainEntityOfPage":{"@id":"https:\/\/patternenergy.com\/fr\/lauren-haller-de-pattern-energy-parle-de-lenergie-verte-de-linclusion-et-du-poids-de-lhistoire\/"},"wordCount":159,"publisher":{"@id":"https:\/\/patternenergy.com\/fr\/#organization"},"image":{"@id":"https:\/\/patternenergy.com\/fr\/lauren-haller-de-pattern-energy-parle-de-lenergie-verte-de-linclusion-et-du-poids-de-lhistoire\/#primaryimage"},"thumbnailUrl":"https:\/\/patternenergy.com\/wp-content\/uploads\/2021\/09\/news-img-3.jpeg","keywords":["GSE","Houston","la durabilit\u00e9","Personnes \u00e0 patrons","Texas"],"articleSection":["Carri\u00e8res","DEI","Durabilit\u00e9","\u00c9tats-Unis","Nouvelles de Pattern Energy","Personnes \u00e0 patrons"],"inLanguage":"fr-FR"},{"@type":"WebPage","@id":"https:\/\/patternenergy.com\/fr\/lauren-haller-de-pattern-energy-parle-de-lenergie-verte-de-linclusion-et-du-poids-de-lhistoire\/","url":"https:\/\/patternenergy.com\/fr\/lauren-haller-de-pattern-energy-parle-de-lenergie-verte-de-linclusion-et-du-poids-de-lhistoire\/","name":"Lauren Haller, de Pattern Energy, parle de l'\u00e9nergie verte, de l'inclusion et du poids de l'histoire - Pattern Energy","isPartOf":{"@id":"https:\/\/patternenergy.com\/fr\/#website"},"primaryImageOfPage":{"@id":"https:\/\/patternenergy.com\/fr\/lauren-haller-de-pattern-energy-parle-de-lenergie-verte-de-linclusion-et-du-poids-de-lhistoire\/#primaryimage"},"image":{"@id":"https:\/\/patternenergy.com\/fr\/lauren-haller-de-pattern-energy-parle-de-lenergie-verte-de-linclusion-et-du-poids-de-lhistoire\/#primaryimage"},"thumbnailUrl":"https:\/\/patternenergy.com\/wp-content\/uploads\/2021\/09\/news-img-3.jpeg","datePublished":"2021-06-29T23:35:00+00:00","dateModified":"2026-02-19T08:58:28+00:00","breadcrumb":{"@id":"https:\/\/patternenergy.com\/fr\/lauren-haller-de-pattern-energy-parle-de-lenergie-verte-de-linclusion-et-du-poids-de-lhistoire\/#breadcrumb"},"inLanguage":"fr-FR","potentialAction":[{"@type":"ReadAction","target":["https:\/\/patternenergy.com\/fr\/lauren-haller-de-pattern-energy-parle-de-lenergie-verte-de-linclusion-et-du-poids-de-lhistoire\/"]}]},{"@type":"ImageObject","inLanguage":"fr-FR","@id":"https:\/\/patternenergy.com\/fr\/lauren-haller-de-pattern-energy-parle-de-lenergie-verte-de-linclusion-et-du-poids-de-lhistoire\/#primaryimage","url":"https:\/\/patternenergy.com\/wp-content\/uploads\/2021\/09\/news-img-3.jpeg","contentUrl":"https:\/\/patternenergy.com\/wp-content\/uploads\/2021\/09\/news-img-3.jpeg","width":800,"height":533},{"@type":"BreadcrumbList","@id":"https:\/\/patternenergy.com\/fr\/lauren-haller-de-pattern-energy-parle-de-lenergie-verte-de-linclusion-et-du-poids-de-lhistoire\/#breadcrumb","itemListElement":[{"@type":"ListItem","position":1,"name":"Home","item":"https:\/\/patternenergy.com\/fr\/"},{"@type":"ListItem","position":2,"name":"Lauren Haller, de Pattern Energy, parle de l&#8217;\u00e9nergie verte, de l&#8217;inclusion et du poids de l&#8217;histoire"}]},{"@type":"WebSite","@id":"https:\/\/patternenergy.com\/fr\/#website","url":"https:\/\/patternenergy.com\/fr\/","name":"Pattern Energy","description":"Nous d\u00e9veloppons, construisons, poss\u00e9dons et exploitons des projets \u00e9oliens, solaires, de transport et de stockage d'\u00e9nergie de haute qualit\u00e9 dans le monde entier.","publisher":{"@id":"https:\/\/patternenergy.com\/fr\/#organization"},"potentialAction":[{"@type":"SearchAction","target":{"@type":"EntryPoint","urlTemplate":"https:\/\/patternenergy.com\/fr\/?s={search_term_string}"},"query-input":{"@type":"PropertyValueSpecification","valueRequired":true,"valueName":"search_term_string"}}],"inLanguage":"fr-FR"},{"@type":"Organization","@id":"https:\/\/patternenergy.com\/fr\/#organization","name":"Pattern Energy","url":"https:\/\/patternenergy.com\/fr\/","logo":{"@type":"ImageObject","inLanguage":"fr-FR","@id":"https:\/\/patternenergy.com\/fr\/#\/schema\/logo\/image\/","url":"https:\/\/patternenergy.com\/wp-content\/uploads\/2022\/01\/Pattern-Energy-Media-thumbnail-logo.jpg","contentUrl":"https:\/\/patternenergy.com\/wp-content\/uploads\/2022\/01\/Pattern-Energy-Media-thumbnail-logo.jpg","width":1200,"height":627,"caption":"Pattern Energy"},"image":{"@id":"https:\/\/patternenergy.com\/fr\/#\/schema\/logo\/image\/"},"sameAs":["https:\/\/www.facebook.com\/PatternEnergy\/","https:\/\/instagram.com\/patternenergy?utm_medium=copy_link","https:\/\/www.linkedin.com\/company\/pattern-energy","https:\/\/www.youtube.com\/user\/PatternEnergy?app=desktop","https:\/\/web.cauze.com\/company\/293"]},{"@type":"Person","@id":"https:\/\/patternenergy.com\/fr\/#\/schema\/person\/33965a118f27fded0be086c056aa2706","name":"ptrndmn","sameAs":["https:\/\/patternenergy.com"],"url":"https:\/\/patternenergy.com\/fr\/author\/ptrndmn\/"}]}},"_links":{"self":[{"href":"https:\/\/patternenergy.com\/fr\/wp-json\/wp\/v2\/posts\/17524","targetHints":{"allow":["GET"]}}],"collection":[{"href":"https:\/\/patternenergy.com\/fr\/wp-json\/wp\/v2\/posts"}],"about":[{"href":"https:\/\/patternenergy.com\/fr\/wp-json\/wp\/v2\/types\/post"}],"author":[{"embeddable":true,"href":"https:\/\/patternenergy.com\/fr\/wp-json\/wp\/v2\/users\/1"}],"replies":[{"embeddable":true,"href":"https:\/\/patternenergy.com\/fr\/wp-json\/wp\/v2\/comments?post=17524"}],"version-history":[{"count":0,"href":"https:\/\/patternenergy.com\/fr\/wp-json\/wp\/v2\/posts\/17524\/revisions"}],"wp:featuredmedia":[{"embeddable":true,"href":"https:\/\/patternenergy.com\/fr\/wp-json\/wp\/v2\/media\/9573"}],"wp:attachment":[{"href":"https:\/\/patternenergy.com\/fr\/wp-json\/wp\/v2\/media?parent=17524"}],"wp:term":[{"taxonomy":"category","embeddable":true,"href":"https:\/\/patternenergy.com\/fr\/wp-json\/wp\/v2\/categories?post=17524"},{"taxonomy":"post_tag","embeddable":true,"href":"https:\/\/patternenergy.com\/fr\/wp-json\/wp\/v2\/tags?post=17524"},{"taxonomy":"sub_site","embeddable":true,"href":"https:\/\/patternenergy.com\/fr\/wp-json\/wp\/v2\/sub_site?post=17524"}],"curies":[{"name":"wp","href":"https:\/\/api.w.org\/{rel}","templated":true}]}}