{"id":29467,"date":"2026-09-04T06:00:36","date_gmt":"2026-09-04T11:00:36","guid":{"rendered":"https:\/\/patternenergy.com\/?p=29467"},"modified":"2026-09-04T08:47:18","modified_gmt":"2026-09-04T13:47:18","slug":"se-presenta-el-proyecto-eolico-de-osgood-a-las-comunidades-locales","status":"publish","type":"post","link":"https:\/\/patternenergy.com\/es\/se-presenta-el-proyecto-eolico-de-osgood-a-las-comunidades-locales\/","title":{"rendered":"Se presenta el proyecto e\u00f3lico de Osgood a las comunidades locales"},"content":{"rendered":"<p><strong>Montreal, 4 de septiembre de 2026<\/strong> \u2013 Pattern Canada, junto con el Connectif des Sommets y la Naci\u00f3n W8banaki, recibi\u00f3 el jueves por la tarde a m\u00e1s de 100 vecinos, representantes municipales y propietarios de terrenos de las regiones de Centre-du-Qu\u00e9bec y Chaudi\u00e8re-Appalaches para presentar el proyecto e\u00f3lico Osgood, que ahora mismo est\u00e1 en su fase preliminar de desarrollo.<\/p>\n<p>La jornada de puertas abiertas, organizada para informar al p\u00fablico sobre el proyecto, se celebr\u00f3 en Saint-Jacques-de-Leeds, un municipio que albergar\u00eda parte de la infraestructura del proyecto si Hydro-Qu\u00e9bec lo seleccionara en el marco del proceso de licitaci\u00f3n de energ\u00eda e\u00f3lica A\/O 2026-01.<\/p>\n<p>Los equipos de Pattern y Connectif des Sommets, junto con sus socios municipales, aprovecharon la ocasi\u00f3n para recabar opiniones del p\u00fablico y responder a sus preguntas. El equipo de desarrollo presentar\u00e1 una versi\u00f3n mejorada del proyecto durante una segunda consulta p\u00fablica prevista para finales de oto\u00f1o. <\/p>\n<p>Desde hace m\u00e1s de 15 a\u00f1os, Pattern desarrolla y gestiona proyectos de infraestructura energ\u00e9tica por todo Canad\u00e1. En Quebec, la empresa opera en las regiones de Centre-du-Qu\u00e9bec y Chaudi\u00e8re-Appalaches a trav\u00e9s del Proyecto Broughton (actualmente en fase de desarrollo) y del parque e\u00f3lico de Mont Sainte-Marguerite (en funcionamiento desde 2018), al tiempo que mantiene una presencia local gracias a sus equipos con sede en Montreal y Saint-S\u00e9verin. <\/p>\n<h2><strong>Citas<\/strong><\/h2>\n<blockquote><p><em>\u00abEsta primera reuni\u00f3n le dio a Pattern la oportunidad de presentar el Proyecto Osgood, escuchar a los vecinos de la zona y recabar opiniones que ayuden a dise\u00f1ar un parque e\u00f3lico que genere electricidad limpia, impulse la econom\u00eda regional y contribuya a los esfuerzos de descarbonizaci\u00f3n de Quebec\u00bb.  <\/em><\/p>\n<p>William Shemie,<br \/>\n, director de desarrollo de Pattern Canada<\/p>\n<p>&nbsp;<\/p>\n<p><em>\u00abEl Proyecto Osgood es un ejemplo excelente de iniciativa que encaja con los objetivos de Connectif. Apoyamos el proyecto porque tiene el potencial de generar beneficios importantes para la comunidad. Nos gustar\u00eda dar las gracias a todos los que se tomaron la molestia de venir, compartir sus preocupaciones y aportar sus ideas. Connectif seguir\u00e1 desempe\u00f1ando su papel y manteni\u00e9ndose muy cerca de las necesidades de las comunidades locales\u00bb.<\/em><\/p>\n<p>Gervais Pellerin,<br \/>\n, presidente de Connectif des Sommets y presidente del Consejo Regional de L&#8217;\u00c9rable<\/p><\/blockquote>\n<h2><strong>Destacados<\/strong><\/h2>\n<ul>\n<li>El proyecto incluye unas 25 turbinas e\u00f3licas con una capacidad de generaci\u00f3n total de hasta 200 megavatios, suficiente para cubrir las necesidades anuales de electricidad de unos 30 000 hogares de Quebec.<\/li>\n<li>El proyecto se encuentra principalmente en los municipios de Saint-Jacques-de-Leeds e Inverness, y se extiende, en menor medida, a zonas de Sainte-Agathe-de-Lotbini\u00e8re, Saint-Pierre-de-Broughton (al norte) y Saint-Sylvestre.<\/li>\n<li>Se espera que el proyecto genere m\u00e1s de 200 puestos de trabajo durante la construcci\u00f3n y entre 7 y 10 puestos fijos una vez que empiece a funcionar, lo que se prev\u00e9 que ocurra alrededor de 2032.<\/li>\n<\/ul>\n<p>&nbsp;<\/p>\n<p><strong>Acerca de Pattern Canada<\/strong><\/p>\n<p>Pattern Canada es l\u00edder en el desarrollo y la explotaci\u00f3n de infraestructuras de generaci\u00f3n y transmisi\u00f3n de energ\u00eda renovable. Con el Canada Pension Plan Investment Board (CPP Investments) como accionista mayoritario, la empresa gestiona uno de los parques e\u00f3licos m\u00e1s grandes de Canad\u00e1. Orgullosa de contribuir a la seguridad de los ingresos de jubilaci\u00f3n de los canadienses al tiempo que construye la infraestructura energ\u00e9tica del futuro, Pattern satisface la creciente demanda energ\u00e9tica mediante un desarrollo responsable y s\u00f3lidas colaboraciones con la comunidad. Para m\u00e1s informaci\u00f3n, visita patterncanada.com.   <\/p>\n<p><strong>Sobre Connectif des Sommets<\/strong><\/p>\n<p>Connectif des Sommets es una autoridad energ\u00e9tica intermunicipal dedicada a representar a las comunidades locales y a conseguir beneficios tangibles de posibles proyectos de energ\u00eda e\u00f3lica y otros proyectos de generaci\u00f3n de electricidad renovable en los territorios de las municipalidades regionales de Les Appalaches, L&#8217;\u00c9rable y Lotbini\u00e8re (RCM).<\/p>\n<p>Connectif colabora estrechamente con el equipo del Proyecto E\u00f3lico de Osgood para supervisar el proceso de consulta, garantizar el respeto hacia las comunidades situadas en la zona del proyecto y maximizar los beneficios econ\u00f3micos locales y regionales.<\/p>\n<p>&nbsp;<\/p>\n<p><strong>Para m\u00e1s informaci\u00f3n<\/strong><\/p>\n<p>P\u00e1gina web del Proyecto Osgood: https:\/\/parceolienosgood.ca<br \/>\nP\u00e1gina web de Connectif des Sommets: www.connectifdessommets.ca<br \/>\nRelaciones con los medios de Pattern Canada: <a href=\"mailto:media@patterncanada.ca\">media@patterncanada.ca<\/a><\/p>\n<p><strong>Connectif des Sommets<\/strong><\/p>\n<p><strong>\u00c9z\u00e9chiel Simoneau<\/strong><br \/>\nCoordinador de Desarrollo Sostenible<br \/>\nRCM de L&#8217;\u00c9rable<br \/>\nesimoneau@erable.ca<br \/>\n819-362-2333, ext. 1226<\/p>\n<p><strong>Gina Turgeon<\/strong><br \/>\nDirectora de Planificaci\u00f3n y Desarrollo Regional<br \/>\nMCR de Les Appalaches<br \/>\ngturgeon@mrcdesappalaches.ca<br \/>\n418-332-2757, ext. 232<\/p>\n<div><\/div>\n<div><\/div>\n<p>&nbsp;<\/p>\n","protected":false},"excerpt":{"rendered":"<p>Montreal, 4 de septiembre de 2026 \u2013 Pattern Canada, junto con el Connectif des Sommets y la Naci\u00f3n W8banaki, recibi\u00f3 el jueves por la tarde a m\u00e1s de 100 vecinos, representantes municipales y propietarios de terrenos de las regiones de Centre-du-Qu\u00e9bec y Chaudi\u00e8re-Appalaches para presentar el proyecto e\u00f3lico Osgood, que ahora mismo est\u00e1 en su [&hellip;]<\/p>\n","protected":false},"author":3,"featured_media":11788,"comment_status":"closed","ping_status":"closed","sticky":false,"template":"","format":"standard","meta":{"_acf_changed":false,"footnotes":""},"categories":[513,581],"tags":[],"sub_site":[1348],"class_list":["post-29467","post","type-post","status-publish","format-standard","has-post-thumbnail","hentry","category-canada-es","category-comunicado-de-prensa"],"acf":[],"yoast_head":"<!-- This site is optimized with the Yoast SEO plugin v28.4 - https:\/\/yoast.com\/product\/yoast-seo-wordpress\/ -->\n<title>Se presenta el proyecto e\u00f3lico de Osgood a las comunidades locales - Pattern Energy<\/title>\n<meta name=\"robots\" content=\"index, follow, max-snippet:-1, max-image-preview:large, max-video-preview:-1\" \/>\n<link rel=\"canonical\" href=\"https:\/\/patternenergy.com\/es\/se-presenta-el-proyecto-eolico-de-osgood-a-las-comunidades-locales\/\" \/>\n<meta property=\"og:locale\" content=\"es_ES\" \/>\n<meta property=\"og:type\" content=\"article\" \/>\n<meta property=\"og:title\" content=\"Se presenta el proyecto e\u00f3lico de Osgood a las comunidades locales - Pattern Energy\" \/>\n<meta property=\"og:description\" content=\"Montreal, 4 de septiembre de 2026 \u2013 Pattern Canada, junto con el Connectif des Sommets y la Naci\u00f3n W8banaki, recibi\u00f3 el jueves por la tarde a m\u00e1s de 100 vecinos, representantes municipales y propietarios de terrenos de las regiones de Centre-du-Qu\u00e9bec y Chaudi\u00e8re-Appalaches para presentar el proyecto e\u00f3lico Osgood, que ahora mismo est\u00e1 en su [&hellip;]\" \/>\n<meta property=\"og:url\" content=\"https:\/\/patternenergy.com\/es\/se-presenta-el-proyecto-eolico-de-osgood-a-las-comunidades-locales\/\" \/>\n<meta property=\"og:site_name\" content=\"Pattern Energy\" \/>\n<meta property=\"article:publisher\" content=\"https:\/\/www.facebook.com\/PatternEnergy\/\" \/>\n<meta property=\"article:published_time\" content=\"2026-09-04T11:00:36+00:00\" \/>\n<meta property=\"article:modified_time\" content=\"2026-09-04T13:47:18+00:00\" \/>\n<meta property=\"og:image\" content=\"https:\/\/patternenergy.com\/wp-content\/uploads\/2021\/11\/Mont-Sainte-MargueriteSponsorship.jpg\" \/>\n\t<meta property=\"og:image:width\" content=\"800\" \/>\n\t<meta property=\"og:image:height\" content=\"800\" \/>\n\t<meta property=\"og:image:type\" content=\"image\/jpeg\" \/>\n<meta name=\"author\" content=\"Alisa Frincke\" \/>\n<meta name=\"twitter:card\" content=\"summary_large_image\" \/>\n<meta name=\"twitter:label1\" content=\"Escrito por\" \/>\n\t<meta name=\"twitter:data1\" content=\"Alisa Frincke\" \/>\n\t<meta name=\"twitter:label2\" content=\"Tiempo de lectura\" \/>\n\t<meta name=\"twitter:data2\" content=\"4 minutos\" \/>\n<script type=\"application\/ld+json\" class=\"yoast-schema-graph\">{\"@context\":\"https:\\\/\\\/schema.org\",\"@graph\":[{\"@type\":\"Article\",\"@id\":\"https:\\\/\\\/patternenergy.com\\\/es\\\/se-presenta-el-proyecto-eolico-de-osgood-a-las-comunidades-locales\\\/#article\",\"isPartOf\":{\"@id\":\"https:\\\/\\\/patternenergy.com\\\/es\\\/se-presenta-el-proyecto-eolico-de-osgood-a-las-comunidades-locales\\\/\"},\"author\":{\"name\":\"Alisa Frincke\",\"@id\":\"https:\\\/\\\/patternenergy.com\\\/es\\\/#\\\/schema\\\/person\\\/6f7080f7c9428a32a6bbe73bf6c8e412\"},\"headline\":\"Se presenta el proyecto e\u00f3lico de Osgood a las comunidades locales\",\"datePublished\":\"2026-09-04T11:00:36+00:00\",\"dateModified\":\"2026-09-04T13:47:18+00:00\",\"mainEntityOfPage\":{\"@id\":\"https:\\\/\\\/patternenergy.com\\\/es\\\/se-presenta-el-proyecto-eolico-de-osgood-a-las-comunidades-locales\\\/\"},\"wordCount\":768,\"publisher\":{\"@id\":\"https:\\\/\\\/patternenergy.com\\\/es\\\/#organization\"},\"image\":{\"@id\":\"https:\\\/\\\/patternenergy.com\\\/es\\\/se-presenta-el-proyecto-eolico-de-osgood-a-las-comunidades-locales\\\/#primaryimage\"},\"thumbnailUrl\":\"https:\\\/\\\/patternenergy.com\\\/wp-content\\\/uploads\\\/2021\\\/11\\\/Mont-Sainte-MargueriteSponsorship.jpg\",\"articleSection\":[\"Canad\u00e1\",\"Comunicado de prensa\"],\"inLanguage\":\"es\"},{\"@type\":\"WebPage\",\"@id\":\"https:\\\/\\\/patternenergy.com\\\/es\\\/se-presenta-el-proyecto-eolico-de-osgood-a-las-comunidades-locales\\\/\",\"url\":\"https:\\\/\\\/patternenergy.com\\\/es\\\/se-presenta-el-proyecto-eolico-de-osgood-a-las-comunidades-locales\\\/\",\"name\":\"Se presenta el proyecto e\u00f3lico de Osgood a las comunidades locales - Pattern Energy\",\"isPartOf\":{\"@id\":\"https:\\\/\\\/patternenergy.com\\\/es\\\/#website\"},\"primaryImageOfPage\":{\"@id\":\"https:\\\/\\\/patternenergy.com\\\/es\\\/se-presenta-el-proyecto-eolico-de-osgood-a-las-comunidades-locales\\\/#primaryimage\"},\"image\":{\"@id\":\"https:\\\/\\\/patternenergy.com\\\/es\\\/se-presenta-el-proyecto-eolico-de-osgood-a-las-comunidades-locales\\\/#primaryimage\"},\"thumbnailUrl\":\"https:\\\/\\\/patternenergy.com\\\/wp-content\\\/uploads\\\/2021\\\/11\\\/Mont-Sainte-MargueriteSponsorship.jpg\",\"datePublished\":\"2026-09-04T11:00:36+00:00\",\"dateModified\":\"2026-09-04T13:47:18+00:00\",\"breadcrumb\":{\"@id\":\"https:\\\/\\\/patternenergy.com\\\/es\\\/se-presenta-el-proyecto-eolico-de-osgood-a-las-comunidades-locales\\\/#breadcrumb\"},\"inLanguage\":\"es\",\"potentialAction\":[{\"@type\":\"ReadAction\",\"target\":[\"https:\\\/\\\/patternenergy.com\\\/es\\\/se-presenta-el-proyecto-eolico-de-osgood-a-las-comunidades-locales\\\/\"]}]},{\"@type\":\"ImageObject\",\"inLanguage\":\"es\",\"@id\":\"https:\\\/\\\/patternenergy.com\\\/es\\\/se-presenta-el-proyecto-eolico-de-osgood-a-las-comunidades-locales\\\/#primaryimage\",\"url\":\"https:\\\/\\\/patternenergy.com\\\/wp-content\\\/uploads\\\/2021\\\/11\\\/Mont-Sainte-MargueriteSponsorship.jpg\",\"contentUrl\":\"https:\\\/\\\/patternenergy.com\\\/wp-content\\\/uploads\\\/2021\\\/11\\\/Mont-Sainte-MargueriteSponsorship.jpg\",\"width\":800,\"height\":800},{\"@type\":\"BreadcrumbList\",\"@id\":\"https:\\\/\\\/patternenergy.com\\\/es\\\/se-presenta-el-proyecto-eolico-de-osgood-a-las-comunidades-locales\\\/#breadcrumb\",\"itemListElement\":[{\"@type\":\"ListItem\",\"position\":1,\"name\":\"Home\",\"item\":\"https:\\\/\\\/patternenergy.com\\\/es\\\/\"},{\"@type\":\"ListItem\",\"position\":2,\"name\":\"Se presenta el proyecto e\u00f3lico de Osgood a las comunidades locales\"}]},{\"@type\":\"WebSite\",\"@id\":\"https:\\\/\\\/patternenergy.com\\\/es\\\/#website\",\"url\":\"https:\\\/\\\/patternenergy.com\\\/es\\\/\",\"name\":\"Pattern Energy\",\"description\":\"Desarrollamos, construimos, poseemos y explotamos proyectos e\u00f3licos, solares, de transmisi\u00f3n y de almacenamiento de energ\u00eda de alta calidad en todo el mundo.\",\"publisher\":{\"@id\":\"https:\\\/\\\/patternenergy.com\\\/es\\\/#organization\"},\"potentialAction\":[{\"@type\":\"SearchAction\",\"target\":{\"@type\":\"EntryPoint\",\"urlTemplate\":\"https:\\\/\\\/patternenergy.com\\\/es\\\/?s={search_term_string}\"},\"query-input\":{\"@type\":\"PropertyValueSpecification\",\"valueRequired\":true,\"valueName\":\"search_term_string\"}}],\"inLanguage\":\"es\"},{\"@type\":\"Organization\",\"@id\":\"https:\\\/\\\/patternenergy.com\\\/es\\\/#organization\",\"name\":\"Pattern Energy\",\"url\":\"https:\\\/\\\/patternenergy.com\\\/es\\\/\",\"logo\":{\"@type\":\"ImageObject\",\"inLanguage\":\"es\",\"@id\":\"https:\\\/\\\/patternenergy.com\\\/es\\\/#\\\/schema\\\/logo\\\/image\\\/\",\"url\":\"https:\\\/\\\/patternenergy.com\\\/wp-content\\\/uploads\\\/2022\\\/01\\\/Pattern-Energy-Media-thumbnail-logo.jpg\",\"contentUrl\":\"https:\\\/\\\/patternenergy.com\\\/wp-content\\\/uploads\\\/2022\\\/01\\\/Pattern-Energy-Media-thumbnail-logo.jpg\",\"width\":1200,\"height\":627,\"caption\":\"Pattern Energy\"},\"image\":{\"@id\":\"https:\\\/\\\/patternenergy.com\\\/es\\\/#\\\/schema\\\/logo\\\/image\\\/\"},\"sameAs\":[\"https:\\\/\\\/www.facebook.com\\\/PatternEnergy\\\/\",\"https:\\\/\\\/instagram.com\\\/patternenergy?utm_medium=copy_link\",\"https:\\\/\\\/www.linkedin.com\\\/company\\\/pattern-energy\",\"https:\\\/\\\/www.youtube.com\\\/user\\\/PatternEnergy?app=desktop\",\"https:\\\/\\\/web.cauze.com\\\/company\\\/293\"]},{\"@type\":\"Person\",\"@id\":\"https:\\\/\\\/patternenergy.com\\\/es\\\/#\\\/schema\\\/person\\\/6f7080f7c9428a32a6bbe73bf6c8e412\",\"name\":\"Alisa Frincke\",\"url\":\"https:\\\/\\\/patternenergy.com\\\/es\\\/author\\\/alisa\\\/\"}]}<\/script>\n<!-- \/ Yoast SEO plugin. -->","yoast_head_json":{"title":"Se presenta el proyecto e\u00f3lico de Osgood a las comunidades locales - Pattern Energy","robots":{"index":"index","follow":"follow","max-snippet":"max-snippet:-1","max-image-preview":"max-image-preview:large","max-video-preview":"max-video-preview:-1"},"canonical":"https:\/\/patternenergy.com\/es\/se-presenta-el-proyecto-eolico-de-osgood-a-las-comunidades-locales\/","og_locale":"es_ES","og_type":"article","og_title":"Se presenta el proyecto e\u00f3lico de Osgood a las comunidades locales - Pattern Energy","og_description":"Montreal, 4 de septiembre de 2026 \u2013 Pattern Canada, junto con el Connectif des Sommets y la Naci\u00f3n W8banaki, recibi\u00f3 el jueves por la tarde a m\u00e1s de 100 vecinos, representantes municipales y propietarios de terrenos de las regiones de Centre-du-Qu\u00e9bec y Chaudi\u00e8re-Appalaches para presentar el proyecto e\u00f3lico Osgood, que ahora mismo est\u00e1 en su [&hellip;]","og_url":"https:\/\/patternenergy.com\/es\/se-presenta-el-proyecto-eolico-de-osgood-a-las-comunidades-locales\/","og_site_name":"Pattern Energy","article_publisher":"https:\/\/www.facebook.com\/PatternEnergy\/","article_published_time":"2026-09-04T11:00:36+00:00","article_modified_time":"2026-09-04T13:47:18+00:00","og_image":[{"width":800,"height":800,"url":"https:\/\/patternenergy.com\/wp-content\/uploads\/2021\/11\/Mont-Sainte-MargueriteSponsorship.jpg","type":"image\/jpeg"}],"author":"Alisa Frincke","twitter_card":"summary_large_image","twitter_misc":{"Escrito por":"Alisa Frincke","Tiempo de lectura":"4 minutos"},"schema":{"@context":"https:\/\/schema.org","@graph":[{"@type":"Article","@id":"https:\/\/patternenergy.com\/es\/se-presenta-el-proyecto-eolico-de-osgood-a-las-comunidades-locales\/#article","isPartOf":{"@id":"https:\/\/patternenergy.com\/es\/se-presenta-el-proyecto-eolico-de-osgood-a-las-comunidades-locales\/"},"author":{"name":"Alisa Frincke","@id":"https:\/\/patternenergy.com\/es\/#\/schema\/person\/6f7080f7c9428a32a6bbe73bf6c8e412"},"headline":"Se presenta el proyecto e\u00f3lico de Osgood a las comunidades locales","datePublished":"2026-09-04T11:00:36+00:00","dateModified":"2026-09-04T13:47:18+00:00","mainEntityOfPage":{"@id":"https:\/\/patternenergy.com\/es\/se-presenta-el-proyecto-eolico-de-osgood-a-las-comunidades-locales\/"},"wordCount":768,"publisher":{"@id":"https:\/\/patternenergy.com\/es\/#organization"},"image":{"@id":"https:\/\/patternenergy.com\/es\/se-presenta-el-proyecto-eolico-de-osgood-a-las-comunidades-locales\/#primaryimage"},"thumbnailUrl":"https:\/\/patternenergy.com\/wp-content\/uploads\/2021\/11\/Mont-Sainte-MargueriteSponsorship.jpg","articleSection":["Canad\u00e1","Comunicado de prensa"],"inLanguage":"es"},{"@type":"WebPage","@id":"https:\/\/patternenergy.com\/es\/se-presenta-el-proyecto-eolico-de-osgood-a-las-comunidades-locales\/","url":"https:\/\/patternenergy.com\/es\/se-presenta-el-proyecto-eolico-de-osgood-a-las-comunidades-locales\/","name":"Se presenta el proyecto e\u00f3lico de Osgood a las comunidades locales - Pattern Energy","isPartOf":{"@id":"https:\/\/patternenergy.com\/es\/#website"},"primaryImageOfPage":{"@id":"https:\/\/patternenergy.com\/es\/se-presenta-el-proyecto-eolico-de-osgood-a-las-comunidades-locales\/#primaryimage"},"image":{"@id":"https:\/\/patternenergy.com\/es\/se-presenta-el-proyecto-eolico-de-osgood-a-las-comunidades-locales\/#primaryimage"},"thumbnailUrl":"https:\/\/patternenergy.com\/wp-content\/uploads\/2021\/11\/Mont-Sainte-MargueriteSponsorship.jpg","datePublished":"2026-09-04T11:00:36+00:00","dateModified":"2026-09-04T13:47:18+00:00","breadcrumb":{"@id":"https:\/\/patternenergy.com\/es\/se-presenta-el-proyecto-eolico-de-osgood-a-las-comunidades-locales\/#breadcrumb"},"inLanguage":"es","potentialAction":[{"@type":"ReadAction","target":["https:\/\/patternenergy.com\/es\/se-presenta-el-proyecto-eolico-de-osgood-a-las-comunidades-locales\/"]}]},{"@type":"ImageObject","inLanguage":"es","@id":"https:\/\/patternenergy.com\/es\/se-presenta-el-proyecto-eolico-de-osgood-a-las-comunidades-locales\/#primaryimage","url":"https:\/\/patternenergy.com\/wp-content\/uploads\/2021\/11\/Mont-Sainte-MargueriteSponsorship.jpg","contentUrl":"https:\/\/patternenergy.com\/wp-content\/uploads\/2021\/11\/Mont-Sainte-MargueriteSponsorship.jpg","width":800,"height":800},{"@type":"BreadcrumbList","@id":"https:\/\/patternenergy.com\/es\/se-presenta-el-proyecto-eolico-de-osgood-a-las-comunidades-locales\/#breadcrumb","itemListElement":[{"@type":"ListItem","position":1,"name":"Home","item":"https:\/\/patternenergy.com\/es\/"},{"@type":"ListItem","position":2,"name":"Se presenta el proyecto e\u00f3lico de Osgood a las comunidades locales"}]},{"@type":"WebSite","@id":"https:\/\/patternenergy.com\/es\/#website","url":"https:\/\/patternenergy.com\/es\/","name":"Pattern Energy","description":"Desarrollamos, construimos, poseemos y explotamos proyectos e\u00f3licos, solares, de transmisi\u00f3n y de almacenamiento de energ\u00eda de alta calidad en todo el mundo.","publisher":{"@id":"https:\/\/patternenergy.com\/es\/#organization"},"potentialAction":[{"@type":"SearchAction","target":{"@type":"EntryPoint","urlTemplate":"https:\/\/patternenergy.com\/es\/?s={search_term_string}"},"query-input":{"@type":"PropertyValueSpecification","valueRequired":true,"valueName":"search_term_string"}}],"inLanguage":"es"},{"@type":"Organization","@id":"https:\/\/patternenergy.com\/es\/#organization","name":"Pattern Energy","url":"https:\/\/patternenergy.com\/es\/","logo":{"@type":"ImageObject","inLanguage":"es","@id":"https:\/\/patternenergy.com\/es\/#\/schema\/logo\/image\/","url":"https:\/\/patternenergy.com\/wp-content\/uploads\/2022\/01\/Pattern-Energy-Media-thumbnail-logo.jpg","contentUrl":"https:\/\/patternenergy.com\/wp-content\/uploads\/2022\/01\/Pattern-Energy-Media-thumbnail-logo.jpg","width":1200,"height":627,"caption":"Pattern Energy"},"image":{"@id":"https:\/\/patternenergy.com\/es\/#\/schema\/logo\/image\/"},"sameAs":["https:\/\/www.facebook.com\/PatternEnergy\/","https:\/\/instagram.com\/patternenergy?utm_medium=copy_link","https:\/\/www.linkedin.com\/company\/pattern-energy","https:\/\/www.youtube.com\/user\/PatternEnergy?app=desktop","https:\/\/web.cauze.com\/company\/293"]},{"@type":"Person","@id":"https:\/\/patternenergy.com\/es\/#\/schema\/person\/6f7080f7c9428a32a6bbe73bf6c8e412","name":"Alisa Frincke","url":"https:\/\/patternenergy.com\/es\/author\/alisa\/"}]}},"_links":{"self":[{"href":"https:\/\/patternenergy.com\/es\/wp-json\/wp\/v2\/posts\/29467","targetHints":{"allow":["GET"]}}],"collection":[{"href":"https:\/\/patternenergy.com\/es\/wp-json\/wp\/v2\/posts"}],"about":[{"href":"https:\/\/patternenergy.com\/es\/wp-json\/wp\/v2\/types\/post"}],"author":[{"embeddable":true,"href":"https:\/\/patternenergy.com\/es\/wp-json\/wp\/v2\/users\/3"}],"replies":[{"embeddable":true,"href":"https:\/\/patternenergy.com\/es\/wp-json\/wp\/v2\/comments?post=29467"}],"version-history":[{"count":2,"href":"https:\/\/patternenergy.com\/es\/wp-json\/wp\/v2\/posts\/29467\/revisions"}],"predecessor-version":[{"id":29484,"href":"https:\/\/patternenergy.com\/es\/wp-json\/wp\/v2\/posts\/29467\/revisions\/29484"}],"wp:featuredmedia":[{"embeddable":true,"href":"https:\/\/patternenergy.com\/es\/wp-json\/wp\/v2\/media\/11788"}],"wp:attachment":[{"href":"https:\/\/patternenergy.com\/es\/wp-json\/wp\/v2\/media?parent=29467"}],"wp:term":[{"taxonomy":"category","embeddable":true,"href":"https:\/\/patternenergy.com\/es\/wp-json\/wp\/v2\/categories?post=29467"},{"taxonomy":"post_tag","embeddable":true,"href":"https:\/\/patternenergy.com\/es\/wp-json\/wp\/v2\/tags?post=29467"},{"taxonomy":"sub_site","embeddable":true,"href":"https:\/\/patternenergy.com\/es\/wp-json\/wp\/v2\/sub_site?post=29467"}],"curies":[{"name":"wp","href":"https:\/\/api.w.org\/{rel}","templated":true}]}}