{"id":18302,"date":"2022-02-08T21:05:26","date_gmt":"2022-02-09T02:05:26","guid":{"rendered":"https:\/\/patternenergy.com\/de-ecuador-a-europa-y-a-abq-el-artista-y-musico-marceliano-peralta\/"},"modified":"2026-02-19T04:04:06","modified_gmt":"2026-02-19T09:04:06","slug":"de-ecuador-a-europa-y-a-abq-el-artista-y-musico-marceliano-peralta","status":"publish","type":"post","link":"https:\/\/patternenergy.com\/es\/de-ecuador-a-europa-y-a-abq-el-artista-y-musico-marceliano-peralta\/","title":{"rendered":"De Ecuador a Europa y a ABQ: el artista y m\u00fasico Marceliano Peralta"},"content":{"rendered":"<div id=\"attachment_6668\" style=\"width: 1210px\" class=\"wp-caption aligncenter\"><img loading=\"lazy\" decoding=\"async\" aria-describedby=\"caption-attachment-6668\" class=\"size-full wp-image-6668\" src=\"https:\/\/patternenergy.com\/wp-content\/uploads\/2022\/09\/MP1-Marceliano-good-light.jpg\" alt=\"\" width=\"1200\" height=\"900\" srcset=\"https:\/\/patternenergy.com\/wp-content\/uploads\/2022\/09\/MP1-Marceliano-good-light.jpg 1200w, https:\/\/patternenergy.com\/wp-content\/uploads\/2022\/09\/MP1-Marceliano-good-light-300x225.jpg 300w, https:\/\/patternenergy.com\/wp-content\/uploads\/2022\/09\/MP1-Marceliano-good-light-1024x768.jpg 1024w, https:\/\/patternenergy.com\/wp-content\/uploads\/2022\/09\/MP1-Marceliano-good-light-768x576.jpg 768w\" sizes=\"auto, (max-width: 1200px) 100vw, 1200px\" \/><p id=\"caption-attachment-6668\" class=\"wp-caption-text\"><strong>El artista y m\u00fasico internacional Marceliano Peralta<\/strong><\/p><\/div>\n<p>&nbsp;<\/p>\n<blockquote><p><strong>\u00abEn Nuevo M\u00e9xico puedes hacer cosas como \u00e9sta, trabajar un d\u00eda en la granja de un amigo. Puedes ser creativo sobre c\u00f3mo vives la vida, no necesitas el dinero que en otros lugares\u00bb.<\/strong><\/p><\/blockquote>\n<p>&nbsp;<\/p>\n<p>Un d\u00eda del verano pasado, me encontraba por casualidad en el casco antiguo de Albuquerque y me detuve a escuchar a un m\u00fasico.<\/p>\n<p>Cuando termin\u00f3, nos pusimos a hablar y mantuvimos una charla amistosa. Dijimos que quedar\u00edamos alguna vez, pero los dos est\u00e1bamos ocupados con otras cosas y perdimos el contacto.<\/p>\n<p>&nbsp;<\/p>\n<p><iframe title=\"Marceliano on ABQ- 4K.mov\" src=\"https:\/\/player.vimeo.com\/video\/675013563?dnt=1&amp;app_id=122963\" width=\"500\" height=\"281\" frameborder=\"0\" allow=\"autoplay; fullscreen; picture-in-picture; clipboard-write\"><\/iframe><\/p>\n<p>&nbsp;<\/p>\n<p>Tras reencontrarnos hace un par de semanas, quedamos en vernos en el Sawmill Market de Albuquerque. Nos sentamos, intercambiamos saludos y las siguientes palabras que pronunci\u00f3 despertaron mi inter\u00e9s:<\/p>\n<p>\u00abMe encanta Nuevo M\u00e9xico. Despu\u00e9s de vivir en distintas ciudades de distintos pa\u00edses, Albuquerque y Nuevo M\u00e9xico son mis favoritas.\u00bb<\/p>\n<p>&nbsp;<\/p>\n<p><iframe title=\"Marceliano Short Old Town ABQ - 4K.mov\" src=\"https:\/\/player.vimeo.com\/video\/675014573?dnt=1&amp;app_id=122963\" width=\"500\" height=\"281\" frameborder=\"0\" allow=\"autoplay; fullscreen; picture-in-picture; clipboard-write\"><\/iframe><\/p>\n<p>&nbsp;<\/p>\n<p><strong>Ecuador al mundo<\/strong><\/p>\n<p>Marceliano es ecuatoriano de nacimiento y se march\u00f3 a Europa en 2000. Es licenciado en ingenier\u00eda de sonido y tiene un m\u00e1ster en ingenier\u00eda audiovisual.<\/p>\n<p>\u00abEmpec\u00e9 a tocar m\u00fasica a los 15 a\u00f1os y luego trabaj\u00e9 como m\u00fasico. A medida que me desarrollaba como artista, descubr\u00ed que me gustaba trabajar el cuero y otros materiales, y mi trabajo artesanal es ahora tan importante para m\u00ed como mi m\u00fasica.\u00bb<\/p>\n<p>Ha vivido y trabajado en Par\u00eds, \u00c1msterdam, Madrid, y finalmente se traslad\u00f3 a Albuquerque en 2013. Lleva aqu\u00ed desde entonces.<\/p>\n<p>&nbsp;<\/p>\n<div id=\"attachment_6669\" style=\"width: 810px\" class=\"wp-caption aligncenter\"><img loading=\"lazy\" decoding=\"async\" aria-describedby=\"caption-attachment-6669\" class=\"size-full wp-image-6669\" src=\"https:\/\/patternenergy.com\/wp-content\/uploads\/2022\/09\/image18.jpg\" alt=\"\" width=\"800\" height=\"800\" srcset=\"https:\/\/patternenergy.com\/wp-content\/uploads\/2022\/09\/image18.jpg 800w, https:\/\/patternenergy.com\/wp-content\/uploads\/2022\/09\/image18-300x300.jpg 300w, https:\/\/patternenergy.com\/wp-content\/uploads\/2022\/09\/image18-150x150.jpg 150w, https:\/\/patternenergy.com\/wp-content\/uploads\/2022\/09\/image18-768x768.jpg 768w, https:\/\/patternenergy.com\/wp-content\/uploads\/2022\/09\/image18-450x450.jpg 450w\" sizes=\"auto, (max-width: 800px) 100vw, 800px\" \/><p id=\"caption-attachment-6669\" class=\"wp-caption-text\"><strong>Puede obtener m\u00e1s informaci\u00f3n sobre Marceliano en su <a href=\"https:\/\/www.facebook.com\/kichwasnativemusic\">p\u00e1gina de Facebook<\/a><\/strong><\/p><\/div>\n<p>&nbsp;<\/p>\n<p>\u00abDe todas esas ciudades\u00bb, pregunt\u00e9, m\u00e1s curioso, \u00ab\u00bfla que m\u00e1s te gusta es Albuquerque?\u00bb.<\/p>\n<p>\u00abS\u00ed\u00bb, dijo con rotundidad. \u00abEuropa era genial. La gente apoyaba mi arte, pero puede ser un lugar caro para vivir\u00bb, continu\u00f3, \u00aby fr\u00edo. En Europa hace fr\u00edo\u00bb, se ri\u00f3. \u00abNuevo M\u00e9xico no se parece a ning\u00fan otro sitio en el que haya estado. La gente aqu\u00ed es amable, la comida es incre\u00edble&#8230;\u00bb aqu\u00ed hizo una pausa, \u00ab&#8230;y la naturaleza. Nuevo M\u00e9xico es hermoso m\u00e1s all\u00e1 de las palabras. Me encanta estar aqu\u00ed\u00bb, y volvi\u00f3 a re\u00edrse. \u00ab\u00a1El invierno tambi\u00e9n es mejor aqu\u00ed!\u00bb<\/p>\n<p>&nbsp;<\/p>\n<p><img loading=\"lazy\" decoding=\"async\" class=\"aligncenter size-full wp-image-6670\" src=\"https:\/\/patternenergy.com\/wp-content\/uploads\/2022\/09\/image7.jpg\" alt=\"\" width=\"900\" height=\"1043\" srcset=\"https:\/\/patternenergy.com\/wp-content\/uploads\/2022\/09\/image7.jpg 900w, https:\/\/patternenergy.com\/wp-content\/uploads\/2022\/09\/image7-259x300.jpg 259w, https:\/\/patternenergy.com\/wp-content\/uploads\/2022\/09\/image7-884x1024.jpg 884w, https:\/\/patternenergy.com\/wp-content\/uploads\/2022\/09\/image7-768x890.jpg 768w\" sizes=\"auto, (max-width: 900px) 100vw, 900px\" \/><\/p>\n<p>&nbsp;<\/p>\n<p><strong>Artista y m\u00fasico de Burque<\/strong><\/p>\n<p>Ya hab\u00eda escuchado la m\u00fasica de Marceliano, pero a\u00fan no hab\u00eda visto su arte. \u00abTrabajo el cuero y otros materiales naturales\u00bb, me dijo, y luego me ense\u00f1\u00f3 su Instagram,<a href=\"https:\/\/www.instagram.com\/kichwasarts\/?hl=en\" target=\"_blank\" rel=\"noopener\"> kichwasarts<\/a>. (Para su m\u00fasica, Marceliano tiene una p\u00e1gina en Facebook, <a href=\"https:\/\/www.facebook.com\/kichwasnativemusic\" target=\"_blank\" rel=\"noopener\">Kichwas Native Music<\/a>)<\/p>\n<p>\u00abOtra de las grandes ventajas de Nuevo M\u00e9xico es su apoyo al arte\u00bb, me dijo Marceliano con una sonrisa. \u00abVivir en Albuquerque me sit\u00faa en el centro; participo en exposiciones en Taos, Red River, Santa Fe y el mercado Railyard de Albuquerque\u00bb.<\/p>\n<p>&nbsp;<\/p>\n<p><img loading=\"lazy\" decoding=\"async\" class=\"aligncenter size-full wp-image-6671\" src=\"https:\/\/patternenergy.com\/wp-content\/uploads\/2022\/09\/image4.jpg\" alt=\"\" width=\"900\" height=\"602\" srcset=\"https:\/\/patternenergy.com\/wp-content\/uploads\/2022\/09\/image4.jpg 900w, https:\/\/patternenergy.com\/wp-content\/uploads\/2022\/09\/image4-300x201.jpg 300w, https:\/\/patternenergy.com\/wp-content\/uploads\/2022\/09\/image4-768x514.jpg 768w\" sizes=\"auto, (max-width: 900px) 100vw, 900px\" \/><\/p>\n<p>&nbsp;<\/p>\n<p>Por si todo esto fuera poco, Maceliano tambi\u00e9n expone su obra en exposiciones en Arizona, Colorado y todo el Suroeste y el Oeste.<\/p>\n<p>\u00abAlbuquerque es una ciudad peque\u00f1a, r\u00e1pida de recorrer&#8230; es lo suficientemente grande sin serlo demasiado. Es realmente genial\u00bb.<\/p>\n<p>&nbsp;<\/p>\n<p><img loading=\"lazy\" decoding=\"async\" class=\"aligncenter size-full wp-image-6672\" src=\"https:\/\/patternenergy.com\/wp-content\/uploads\/2022\/09\/MP51.jpg\" alt=\"\" width=\"900\" height=\"675\" srcset=\"https:\/\/patternenergy.com\/wp-content\/uploads\/2022\/09\/MP51.jpg 900w, https:\/\/patternenergy.com\/wp-content\/uploads\/2022\/09\/MP51-300x225.jpg 300w, https:\/\/patternenergy.com\/wp-content\/uploads\/2022\/09\/MP51-768x576.jpg 768w\" sizes=\"auto, (max-width: 900px) 100vw, 900px\" \/><\/p>\n<p>&nbsp;<\/p>\n<p>\u00abLa gente me dice todo el tiempo que le encanta mi arte, mi m\u00fasica y mis joyas\u00bb, dice Marceliano. \u00abA mucha gente le gusta visitar Nuevo M\u00e9xico, \u00a1y a esa gente le gusta comprar arte!\u00bb.<\/p>\n<p>Marceliano dijo que el plan original era volver a Amsterdam despu\u00e9s de alg\u00fan tiempo aqu\u00ed, pero el Pa\u00eds de los Encanto ejerci\u00f3 sus encantos, y Marceliano dijo que est\u00e1 feliz de haberse quedado.<\/p>\n<p>&nbsp;<\/p>\n<div id=\"attachment_6673\" style=\"width: 810px\" class=\"wp-caption aligncenter\"><img loading=\"lazy\" decoding=\"async\" aria-describedby=\"caption-attachment-6673\" class=\"size-full wp-image-6673\" src=\"https:\/\/patternenergy.com\/wp-content\/uploads\/2022\/09\/image17.jpg\" alt=\"\" width=\"800\" height=\"1319\" srcset=\"https:\/\/patternenergy.com\/wp-content\/uploads\/2022\/09\/image17.jpg 800w, https:\/\/patternenergy.com\/wp-content\/uploads\/2022\/09\/image17-182x300.jpg 182w, https:\/\/patternenergy.com\/wp-content\/uploads\/2022\/09\/image17-621x1024.jpg 621w, https:\/\/patternenergy.com\/wp-content\/uploads\/2022\/09\/image17-768x1266.jpg 768w\" sizes=\"auto, (max-width: 800px) 100vw, 800px\" \/><p id=\"caption-attachment-6673\" class=\"wp-caption-text\"><strong>M\u00e1s artesan\u00eda de Marceliano<\/strong><\/p><\/div>\n<p>&nbsp;<\/p>\n<p>\u00abTengo una gran calidad de vida. Han pasado m\u00e1s de ocho a\u00f1os y sigo aqu\u00ed. Tengo amigos, una novia y una vida. Nuevo M\u00e9xico es ahora mi hogar\u00bb.<\/p>\n<p>Fuera del trabajo, a Marceliano le gusta pasar tiempo con su novia y la hija de \u00e9sta. Le gusta el aire libre, las aguas termales, la monta\u00f1a y&#8230; tambi\u00e9n trabajar para productos ecol\u00f3gicos.<\/p>\n<p>\u00abTengo un amigo que tiene una granja y me gusta ir a ayudarle y trabajar all\u00ed dos d\u00edas a la semana. A cambio, recibo productos frescos de su granja, y todos son ecol\u00f3gicos. Los alimentos que cultivan son incre\u00edbles, y es una forma divertida de conseguir los mejores productos ecol\u00f3gicos, frescos. Yo ayud\u00e9 a cultivarlos\u00bb. Se qued\u00f3 pensativo y continu\u00f3. \u00abEn Nuevo M\u00e9xico puedes hacer cosas como \u00e9sta, trabajar un d\u00eda en la granja de un amigo. Puedes ser creativo sobre c\u00f3mo vives la vida, no necesitas el dinero que en otros lugares\u00bb.<\/p>\n<p>Sonri\u00f3.<\/p>\n<p>\u00abNuevo M\u00e9xico es nuestro hogar\u00bb.<\/p>\n<p>&nbsp;<\/p>\n<p><img loading=\"lazy\" decoding=\"async\" class=\"aligncenter size-full wp-image-6674\" src=\"https:\/\/patternenergy.com\/wp-content\/uploads\/2022\/09\/image20.jpg\" alt=\"\" width=\"900\" height=\"686\" srcset=\"https:\/\/patternenergy.com\/wp-content\/uploads\/2022\/09\/image20.jpg 900w, https:\/\/patternenergy.com\/wp-content\/uploads\/2022\/09\/image20-300x229.jpg 300w, https:\/\/patternenergy.com\/wp-content\/uploads\/2022\/09\/image20-768x585.jpg 768w\" sizes=\"auto, (max-width: 900px) 100vw, 900px\" \/><\/p>\n<p>&nbsp;<\/p>\n<p>&nbsp;<\/p>\n<p>&nbsp;<\/p>\n","protected":false},"excerpt":{"rendered":"<p>\u00abEn Nuevo M\u00e9xico puedes hacer cosas como \u00e9sta, trabajar un d\u00eda en la granja de un amigo. Puedes ser creativo sobre c\u00f3mo vives la vida, no necesitas el dinero que en otros lugares\u00bb.<\/p>\n","protected":false},"author":1,"featured_media":13922,"comment_status":"closed","ping_status":"closed","sticky":false,"template":"","format":"standard","meta":{"_acf_changed":false,"footnotes":""},"categories":[447],"tags":[960],"sub_site":[480],"class_list":["post-18302","post","type-post","status-publish","format-standard","has-post-thumbnail","hentry","category-sin-categorizar","tag-patron-nuevo-mexico"],"acf":[],"yoast_head":"<!-- This site is optimized with the Yoast SEO plugin v27.5 - https:\/\/yoast.com\/product\/yoast-seo-wordpress\/ -->\n<title>De Ecuador a Europa y a ABQ: el artista y m\u00fasico Marceliano Peralta - Pattern Energy<\/title>\n<meta name=\"description\" content=\"Ya hab\u00eda escuchado la m\u00fasica de Marceliano, pero a\u00fan no hab\u00eda visto su arte. &quot;Trabajo el cuero y otros materiales naturales&quot;, me dijo, y luego me ense\u00f1\u00f3 su Instagram, kichwasarts. (Para su m\u00fasica, Marceliano tiene una p\u00e1gina en Facebook, Kichwas Native Music)\" \/>\n<meta name=\"robots\" content=\"index, follow, max-snippet:-1, max-image-preview:large, max-video-preview:-1\" \/>\n<link rel=\"canonical\" href=\"https:\/\/patternenergy.com\/es\/de-ecuador-a-europa-y-a-abq-el-artista-y-musico-marceliano-peralta\/\" \/>\n<meta property=\"og:locale\" content=\"es_ES\" \/>\n<meta property=\"og:type\" content=\"article\" \/>\n<meta property=\"og:title\" content=\"De Ecuador a Europa y a ABQ: el artista y m\u00fasico Marceliano Peralta - Pattern Energy\" \/>\n<meta property=\"og:description\" content=\"Ya hab\u00eda escuchado la m\u00fasica de Marceliano, pero a\u00fan no hab\u00eda visto su arte. &quot;Trabajo el cuero y otros materiales naturales&quot;, me dijo, y luego me ense\u00f1\u00f3 su Instagram, kichwasarts. (Para su m\u00fasica, Marceliano tiene una p\u00e1gina en Facebook, Kichwas Native Music)\" \/>\n<meta property=\"og:url\" content=\"https:\/\/patternenergy.com\/es\/de-ecuador-a-europa-y-a-abq-el-artista-y-musico-marceliano-peralta\/\" \/>\n<meta property=\"og:site_name\" content=\"Pattern Energy\" \/>\n<meta property=\"article:publisher\" content=\"https:\/\/www.facebook.com\/PatternEnergy\/\" \/>\n<meta property=\"article:published_time\" content=\"2022-02-09T02:05:26+00:00\" \/>\n<meta property=\"article:modified_time\" content=\"2026-02-19T09:04:06+00:00\" \/>\n<meta property=\"og:image\" content=\"https:\/\/patternenergy.com\/wp-content\/uploads\/2022\/09\/featured-image-1.jpg\" \/>\n\t<meta property=\"og:image:width\" content=\"741\" \/>\n\t<meta property=\"og:image:height\" content=\"556\" \/>\n\t<meta property=\"og:image:type\" content=\"image\/jpeg\" \/>\n<meta name=\"author\" content=\"ptrndmn\" \/>\n<meta name=\"twitter:card\" content=\"summary_large_image\" \/>\n<meta name=\"twitter:label1\" content=\"Escrito por\" \/>\n\t<meta name=\"twitter:data1\" content=\"ptrndmn\" \/>\n\t<meta name=\"twitter:label2\" content=\"Tiempo de lectura\" \/>\n\t<meta name=\"twitter:data2\" content=\"4 minutos\" \/>\n<script type=\"application\/ld+json\" class=\"yoast-schema-graph\">{\"@context\":\"https:\\\/\\\/schema.org\",\"@graph\":[{\"@type\":\"Article\",\"@id\":\"https:\\\/\\\/patternenergy.com\\\/es\\\/de-ecuador-a-europa-y-a-abq-el-artista-y-musico-marceliano-peralta\\\/#article\",\"isPartOf\":{\"@id\":\"https:\\\/\\\/patternenergy.com\\\/es\\\/de-ecuador-a-europa-y-a-abq-el-artista-y-musico-marceliano-peralta\\\/\"},\"author\":{\"name\":\"ptrndmn\",\"@id\":\"https:\\\/\\\/patternenergy.com\\\/es\\\/#\\\/schema\\\/person\\\/33965a118f27fded0be086c056aa2706\"},\"headline\":\"De Ecuador a Europa y a ABQ: el artista y m\u00fasico Marceliano Peralta\",\"datePublished\":\"2022-02-09T02:05:26+00:00\",\"dateModified\":\"2026-02-19T09:04:06+00:00\",\"mainEntityOfPage\":{\"@id\":\"https:\\\/\\\/patternenergy.com\\\/es\\\/de-ecuador-a-europa-y-a-abq-el-artista-y-musico-marceliano-peralta\\\/\"},\"wordCount\":826,\"publisher\":{\"@id\":\"https:\\\/\\\/patternenergy.com\\\/es\\\/#organization\"},\"image\":{\"@id\":\"https:\\\/\\\/patternenergy.com\\\/es\\\/de-ecuador-a-europa-y-a-abq-el-artista-y-musico-marceliano-peralta\\\/#primaryimage\"},\"thumbnailUrl\":\"https:\\\/\\\/patternenergy.com\\\/wp-content\\\/uploads\\\/2022\\\/09\\\/featured-image-1.jpg\",\"keywords\":[\"Patr\u00f3n Nuevo M\u00e9xico\"],\"articleSection\":[\"Sin categorizar\"],\"inLanguage\":\"es\"},{\"@type\":\"WebPage\",\"@id\":\"https:\\\/\\\/patternenergy.com\\\/es\\\/de-ecuador-a-europa-y-a-abq-el-artista-y-musico-marceliano-peralta\\\/\",\"url\":\"https:\\\/\\\/patternenergy.com\\\/es\\\/de-ecuador-a-europa-y-a-abq-el-artista-y-musico-marceliano-peralta\\\/\",\"name\":\"De Ecuador a Europa y a ABQ: el artista y m\u00fasico Marceliano Peralta - Pattern Energy\",\"isPartOf\":{\"@id\":\"https:\\\/\\\/patternenergy.com\\\/es\\\/#website\"},\"primaryImageOfPage\":{\"@id\":\"https:\\\/\\\/patternenergy.com\\\/es\\\/de-ecuador-a-europa-y-a-abq-el-artista-y-musico-marceliano-peralta\\\/#primaryimage\"},\"image\":{\"@id\":\"https:\\\/\\\/patternenergy.com\\\/es\\\/de-ecuador-a-europa-y-a-abq-el-artista-y-musico-marceliano-peralta\\\/#primaryimage\"},\"thumbnailUrl\":\"https:\\\/\\\/patternenergy.com\\\/wp-content\\\/uploads\\\/2022\\\/09\\\/featured-image-1.jpg\",\"datePublished\":\"2022-02-09T02:05:26+00:00\",\"dateModified\":\"2026-02-19T09:04:06+00:00\",\"description\":\"Ya hab\u00eda escuchado la m\u00fasica de Marceliano, pero a\u00fan no hab\u00eda visto su arte. \\\"Trabajo el cuero y otros materiales naturales\\\", me dijo, y luego me ense\u00f1\u00f3 su Instagram, kichwasarts. (Para su m\u00fasica, Marceliano tiene una p\u00e1gina en Facebook, Kichwas Native Music)\",\"breadcrumb\":{\"@id\":\"https:\\\/\\\/patternenergy.com\\\/es\\\/de-ecuador-a-europa-y-a-abq-el-artista-y-musico-marceliano-peralta\\\/#breadcrumb\"},\"inLanguage\":\"es\",\"potentialAction\":[{\"@type\":\"ReadAction\",\"target\":[\"https:\\\/\\\/patternenergy.com\\\/es\\\/de-ecuador-a-europa-y-a-abq-el-artista-y-musico-marceliano-peralta\\\/\"]}]},{\"@type\":\"ImageObject\",\"inLanguage\":\"es\",\"@id\":\"https:\\\/\\\/patternenergy.com\\\/es\\\/de-ecuador-a-europa-y-a-abq-el-artista-y-musico-marceliano-peralta\\\/#primaryimage\",\"url\":\"https:\\\/\\\/patternenergy.com\\\/wp-content\\\/uploads\\\/2022\\\/09\\\/featured-image-1.jpg\",\"contentUrl\":\"https:\\\/\\\/patternenergy.com\\\/wp-content\\\/uploads\\\/2022\\\/09\\\/featured-image-1.jpg\",\"width\":741,\"height\":556},{\"@type\":\"BreadcrumbList\",\"@id\":\"https:\\\/\\\/patternenergy.com\\\/es\\\/de-ecuador-a-europa-y-a-abq-el-artista-y-musico-marceliano-peralta\\\/#breadcrumb\",\"itemListElement\":[{\"@type\":\"ListItem\",\"position\":1,\"name\":\"Home\",\"item\":\"https:\\\/\\\/patternenergy.com\\\/es\\\/\"},{\"@type\":\"ListItem\",\"position\":2,\"name\":\"De Ecuador a Europa y a ABQ: el artista y m\u00fasico Marceliano Peralta\"}]},{\"@type\":\"WebSite\",\"@id\":\"https:\\\/\\\/patternenergy.com\\\/es\\\/#website\",\"url\":\"https:\\\/\\\/patternenergy.com\\\/es\\\/\",\"name\":\"Pattern Energy\",\"description\":\"Desarrollamos, construimos, poseemos y explotamos proyectos e\u00f3licos, solares, de transmisi\u00f3n y de almacenamiento de energ\u00eda de alta calidad en todo el mundo.\",\"publisher\":{\"@id\":\"https:\\\/\\\/patternenergy.com\\\/es\\\/#organization\"},\"potentialAction\":[{\"@type\":\"SearchAction\",\"target\":{\"@type\":\"EntryPoint\",\"urlTemplate\":\"https:\\\/\\\/patternenergy.com\\\/es\\\/?s={search_term_string}\"},\"query-input\":{\"@type\":\"PropertyValueSpecification\",\"valueRequired\":true,\"valueName\":\"search_term_string\"}}],\"inLanguage\":\"es\"},{\"@type\":\"Organization\",\"@id\":\"https:\\\/\\\/patternenergy.com\\\/es\\\/#organization\",\"name\":\"Pattern Energy\",\"url\":\"https:\\\/\\\/patternenergy.com\\\/es\\\/\",\"logo\":{\"@type\":\"ImageObject\",\"inLanguage\":\"es\",\"@id\":\"https:\\\/\\\/patternenergy.com\\\/es\\\/#\\\/schema\\\/logo\\\/image\\\/\",\"url\":\"https:\\\/\\\/patternenergy.com\\\/wp-content\\\/uploads\\\/2022\\\/01\\\/Pattern-Energy-Media-thumbnail-logo.jpg\",\"contentUrl\":\"https:\\\/\\\/patternenergy.com\\\/wp-content\\\/uploads\\\/2022\\\/01\\\/Pattern-Energy-Media-thumbnail-logo.jpg\",\"width\":1200,\"height\":627,\"caption\":\"Pattern Energy\"},\"image\":{\"@id\":\"https:\\\/\\\/patternenergy.com\\\/es\\\/#\\\/schema\\\/logo\\\/image\\\/\"},\"sameAs\":[\"https:\\\/\\\/www.facebook.com\\\/PatternEnergy\\\/\",\"https:\\\/\\\/instagram.com\\\/patternenergy?utm_medium=copy_link\",\"https:\\\/\\\/www.linkedin.com\\\/company\\\/pattern-energy\",\"https:\\\/\\\/www.youtube.com\\\/user\\\/PatternEnergy?app=desktop\",\"https:\\\/\\\/web.cauze.com\\\/company\\\/293\"]},{\"@type\":\"Person\",\"@id\":\"https:\\\/\\\/patternenergy.com\\\/es\\\/#\\\/schema\\\/person\\\/33965a118f27fded0be086c056aa2706\",\"name\":\"ptrndmn\",\"sameAs\":[\"https:\\\/\\\/patternenergy.com\"],\"url\":\"https:\\\/\\\/patternenergy.com\\\/es\\\/author\\\/ptrndmn\\\/\"}]}<\/script>\n<!-- \/ Yoast SEO plugin. -->","yoast_head_json":{"title":"De Ecuador a Europa y a ABQ: el artista y m\u00fasico Marceliano Peralta - Pattern Energy","description":"Ya hab\u00eda escuchado la m\u00fasica de Marceliano, pero a\u00fan no hab\u00eda visto su arte. \"Trabajo el cuero y otros materiales naturales\", me dijo, y luego me ense\u00f1\u00f3 su Instagram, kichwasarts. (Para su m\u00fasica, Marceliano tiene una p\u00e1gina en Facebook, Kichwas Native Music)","robots":{"index":"index","follow":"follow","max-snippet":"max-snippet:-1","max-image-preview":"max-image-preview:large","max-video-preview":"max-video-preview:-1"},"canonical":"https:\/\/patternenergy.com\/es\/de-ecuador-a-europa-y-a-abq-el-artista-y-musico-marceliano-peralta\/","og_locale":"es_ES","og_type":"article","og_title":"De Ecuador a Europa y a ABQ: el artista y m\u00fasico Marceliano Peralta - Pattern Energy","og_description":"Ya hab\u00eda escuchado la m\u00fasica de Marceliano, pero a\u00fan no hab\u00eda visto su arte. \"Trabajo el cuero y otros materiales naturales\", me dijo, y luego me ense\u00f1\u00f3 su Instagram, kichwasarts. (Para su m\u00fasica, Marceliano tiene una p\u00e1gina en Facebook, Kichwas Native Music)","og_url":"https:\/\/patternenergy.com\/es\/de-ecuador-a-europa-y-a-abq-el-artista-y-musico-marceliano-peralta\/","og_site_name":"Pattern Energy","article_publisher":"https:\/\/www.facebook.com\/PatternEnergy\/","article_published_time":"2022-02-09T02:05:26+00:00","article_modified_time":"2026-02-19T09:04:06+00:00","og_image":[{"width":741,"height":556,"url":"https:\/\/patternenergy.com\/wp-content\/uploads\/2022\/09\/featured-image-1.jpg","type":"image\/jpeg"}],"author":"ptrndmn","twitter_card":"summary_large_image","twitter_misc":{"Escrito por":"ptrndmn","Tiempo de lectura":"4 minutos"},"schema":{"@context":"https:\/\/schema.org","@graph":[{"@type":"Article","@id":"https:\/\/patternenergy.com\/es\/de-ecuador-a-europa-y-a-abq-el-artista-y-musico-marceliano-peralta\/#article","isPartOf":{"@id":"https:\/\/patternenergy.com\/es\/de-ecuador-a-europa-y-a-abq-el-artista-y-musico-marceliano-peralta\/"},"author":{"name":"ptrndmn","@id":"https:\/\/patternenergy.com\/es\/#\/schema\/person\/33965a118f27fded0be086c056aa2706"},"headline":"De Ecuador a Europa y a ABQ: el artista y m\u00fasico Marceliano Peralta","datePublished":"2022-02-09T02:05:26+00:00","dateModified":"2026-02-19T09:04:06+00:00","mainEntityOfPage":{"@id":"https:\/\/patternenergy.com\/es\/de-ecuador-a-europa-y-a-abq-el-artista-y-musico-marceliano-peralta\/"},"wordCount":826,"publisher":{"@id":"https:\/\/patternenergy.com\/es\/#organization"},"image":{"@id":"https:\/\/patternenergy.com\/es\/de-ecuador-a-europa-y-a-abq-el-artista-y-musico-marceliano-peralta\/#primaryimage"},"thumbnailUrl":"https:\/\/patternenergy.com\/wp-content\/uploads\/2022\/09\/featured-image-1.jpg","keywords":["Patr\u00f3n Nuevo M\u00e9xico"],"articleSection":["Sin categorizar"],"inLanguage":"es"},{"@type":"WebPage","@id":"https:\/\/patternenergy.com\/es\/de-ecuador-a-europa-y-a-abq-el-artista-y-musico-marceliano-peralta\/","url":"https:\/\/patternenergy.com\/es\/de-ecuador-a-europa-y-a-abq-el-artista-y-musico-marceliano-peralta\/","name":"De Ecuador a Europa y a ABQ: el artista y m\u00fasico Marceliano Peralta - Pattern Energy","isPartOf":{"@id":"https:\/\/patternenergy.com\/es\/#website"},"primaryImageOfPage":{"@id":"https:\/\/patternenergy.com\/es\/de-ecuador-a-europa-y-a-abq-el-artista-y-musico-marceliano-peralta\/#primaryimage"},"image":{"@id":"https:\/\/patternenergy.com\/es\/de-ecuador-a-europa-y-a-abq-el-artista-y-musico-marceliano-peralta\/#primaryimage"},"thumbnailUrl":"https:\/\/patternenergy.com\/wp-content\/uploads\/2022\/09\/featured-image-1.jpg","datePublished":"2022-02-09T02:05:26+00:00","dateModified":"2026-02-19T09:04:06+00:00","description":"Ya hab\u00eda escuchado la m\u00fasica de Marceliano, pero a\u00fan no hab\u00eda visto su arte. \"Trabajo el cuero y otros materiales naturales\", me dijo, y luego me ense\u00f1\u00f3 su Instagram, kichwasarts. (Para su m\u00fasica, Marceliano tiene una p\u00e1gina en Facebook, Kichwas Native Music)","breadcrumb":{"@id":"https:\/\/patternenergy.com\/es\/de-ecuador-a-europa-y-a-abq-el-artista-y-musico-marceliano-peralta\/#breadcrumb"},"inLanguage":"es","potentialAction":[{"@type":"ReadAction","target":["https:\/\/patternenergy.com\/es\/de-ecuador-a-europa-y-a-abq-el-artista-y-musico-marceliano-peralta\/"]}]},{"@type":"ImageObject","inLanguage":"es","@id":"https:\/\/patternenergy.com\/es\/de-ecuador-a-europa-y-a-abq-el-artista-y-musico-marceliano-peralta\/#primaryimage","url":"https:\/\/patternenergy.com\/wp-content\/uploads\/2022\/09\/featured-image-1.jpg","contentUrl":"https:\/\/patternenergy.com\/wp-content\/uploads\/2022\/09\/featured-image-1.jpg","width":741,"height":556},{"@type":"BreadcrumbList","@id":"https:\/\/patternenergy.com\/es\/de-ecuador-a-europa-y-a-abq-el-artista-y-musico-marceliano-peralta\/#breadcrumb","itemListElement":[{"@type":"ListItem","position":1,"name":"Home","item":"https:\/\/patternenergy.com\/es\/"},{"@type":"ListItem","position":2,"name":"De Ecuador a Europa y a ABQ: el artista y m\u00fasico Marceliano Peralta"}]},{"@type":"WebSite","@id":"https:\/\/patternenergy.com\/es\/#website","url":"https:\/\/patternenergy.com\/es\/","name":"Pattern Energy","description":"Desarrollamos, construimos, poseemos y explotamos proyectos e\u00f3licos, solares, de transmisi\u00f3n y de almacenamiento de energ\u00eda de alta calidad en todo el mundo.","publisher":{"@id":"https:\/\/patternenergy.com\/es\/#organization"},"potentialAction":[{"@type":"SearchAction","target":{"@type":"EntryPoint","urlTemplate":"https:\/\/patternenergy.com\/es\/?s={search_term_string}"},"query-input":{"@type":"PropertyValueSpecification","valueRequired":true,"valueName":"search_term_string"}}],"inLanguage":"es"},{"@type":"Organization","@id":"https:\/\/patternenergy.com\/es\/#organization","name":"Pattern Energy","url":"https:\/\/patternenergy.com\/es\/","logo":{"@type":"ImageObject","inLanguage":"es","@id":"https:\/\/patternenergy.com\/es\/#\/schema\/logo\/image\/","url":"https:\/\/patternenergy.com\/wp-content\/uploads\/2022\/01\/Pattern-Energy-Media-thumbnail-logo.jpg","contentUrl":"https:\/\/patternenergy.com\/wp-content\/uploads\/2022\/01\/Pattern-Energy-Media-thumbnail-logo.jpg","width":1200,"height":627,"caption":"Pattern Energy"},"image":{"@id":"https:\/\/patternenergy.com\/es\/#\/schema\/logo\/image\/"},"sameAs":["https:\/\/www.facebook.com\/PatternEnergy\/","https:\/\/instagram.com\/patternenergy?utm_medium=copy_link","https:\/\/www.linkedin.com\/company\/pattern-energy","https:\/\/www.youtube.com\/user\/PatternEnergy?app=desktop","https:\/\/web.cauze.com\/company\/293"]},{"@type":"Person","@id":"https:\/\/patternenergy.com\/es\/#\/schema\/person\/33965a118f27fded0be086c056aa2706","name":"ptrndmn","sameAs":["https:\/\/patternenergy.com"],"url":"https:\/\/patternenergy.com\/es\/author\/ptrndmn\/"}]}},"_links":{"self":[{"href":"https:\/\/patternenergy.com\/es\/wp-json\/wp\/v2\/posts\/18302","targetHints":{"allow":["GET"]}}],"collection":[{"href":"https:\/\/patternenergy.com\/es\/wp-json\/wp\/v2\/posts"}],"about":[{"href":"https:\/\/patternenergy.com\/es\/wp-json\/wp\/v2\/types\/post"}],"author":[{"embeddable":true,"href":"https:\/\/patternenergy.com\/es\/wp-json\/wp\/v2\/users\/1"}],"replies":[{"embeddable":true,"href":"https:\/\/patternenergy.com\/es\/wp-json\/wp\/v2\/comments?post=18302"}],"version-history":[{"count":0,"href":"https:\/\/patternenergy.com\/es\/wp-json\/wp\/v2\/posts\/18302\/revisions"}],"wp:featuredmedia":[{"embeddable":true,"href":"https:\/\/patternenergy.com\/es\/wp-json\/wp\/v2\/media\/13922"}],"wp:attachment":[{"href":"https:\/\/patternenergy.com\/es\/wp-json\/wp\/v2\/media?parent=18302"}],"wp:term":[{"taxonomy":"category","embeddable":true,"href":"https:\/\/patternenergy.com\/es\/wp-json\/wp\/v2\/categories?post=18302"},{"taxonomy":"post_tag","embeddable":true,"href":"https:\/\/patternenergy.com\/es\/wp-json\/wp\/v2\/tags?post=18302"},{"taxonomy":"sub_site","embeddable":true,"href":"https:\/\/patternenergy.com\/es\/wp-json\/wp\/v2\/sub_site?post=18302"}],"curies":[{"name":"wp","href":"https:\/\/api.w.org\/{rel}","templated":true}]}}