{"id":18197,"date":"2022-07-14T18:26:45","date_gmt":"2022-07-14T23:26:45","guid":{"rendered":"https:\/\/patternenergy.com\/el-viento-de-santa-isabel-se-luce\/"},"modified":"2026-02-19T04:06:49","modified_gmt":"2026-02-19T09:06:49","slug":"el-viento-de-santa-isabel-se-luce","status":"publish","type":"post","link":"https:\/\/patternenergy.com\/es\/el-viento-de-santa-isabel-se-luce\/","title":{"rendered":"El viento de Santa Isabel se luce"},"content":{"rendered":"<p><span style=\"font-weight: 400;\">El equipo de la Finca de Viento Santa Isabel se enorgullece de explotar la primera instalaci\u00f3n comercial de energ\u00eda e\u00f3lica construida en la isla. El equipo disfruta mostrando las instalaciones a los visitantes, ayud\u00e1ndoles a conocer de cerca la energ\u00eda e\u00f3lica y viendo c\u00f3mo encajan en la comunidad agr\u00edcola circundante.<\/span><\/p>\n<p>&nbsp;<\/p>\n<p><img loading=\"lazy\" decoding=\"async\" class=\"alignnone wp-image-5976 size-full\" src=\"https:\/\/patternenergy.com\/wp-content\/uploads\/2022\/07\/SIW-4-scaled-e1657822436872.jpg\" alt=\"\" width=\"1200\" height=\"900\" srcset=\"https:\/\/patternenergy.com\/wp-content\/uploads\/2022\/07\/SIW-4-scaled-e1657822436872.jpg 1200w, https:\/\/patternenergy.com\/wp-content\/uploads\/2022\/07\/SIW-4-scaled-e1657822436872-300x225.jpg 300w, https:\/\/patternenergy.com\/wp-content\/uploads\/2022\/07\/SIW-4-scaled-e1657822436872-1024x768.jpg 1024w, https:\/\/patternenergy.com\/wp-content\/uploads\/2022\/07\/SIW-4-scaled-e1657822436872-768x576.jpg 768w\" sizes=\"auto, (max-width: 1200px) 100vw, 1200px\" \/><\/p>\n<h3><span style=\"font-weight: 400;\">Invitados ins\u00f3litos  <\/span><\/h3>\n<p><span style=\"font-weight: 400;\">En junio, Oscar Vel\u00e1zquez, Director de las instalaciones, y Carlos Rom\u00e1n, Subdirector, organizaron una visita a la Finca de Viento Santa Isabel para miembros de la Southeastern Association of Regulatory Utility Commissioners (SEARUC). SEARUC se dedica a analizar y mejorar el rendimiento de los servicios p\u00fablicos en todo el sureste de Estados Unidos. Este a\u00f1o celebraron su conferencia anual en Puerto Rico, dando a sus miembros la oportunidad de experimentar todo lo que la isla puede ofrecer.<\/span><\/p>\n<p><span style=\"font-weight: 400;\">Los visitantes del SEARUC se encontraban en Puerto Rico en un descanso de su trabajo habitual, deseosos de conocer mejor c\u00f3mo encaja la Finca de Viento Santa Isabel en el plan energ\u00e9tico de la isla, c\u00f3mo trabaja su equipo y c\u00f3mo se preparan y recuperan las instalaciones tras el paso del hurac\u00e1n Mar\u00eda. El contexto \u00fanico de Puerto Rico ofrece lecciones esenciales para la energ\u00eda e\u00f3lica en todas partes.<\/span><\/p>\n<p><img loading=\"lazy\" decoding=\"async\" class=\"alignnone wp-image-5979 size-full\" src=\"https:\/\/patternenergy.com\/wp-content\/uploads\/2022\/07\/IMG_9248-scaled-e1657822470810.jpg\" alt=\"\" width=\"1200\" height=\"900\" srcset=\"https:\/\/patternenergy.com\/wp-content\/uploads\/2022\/07\/IMG_9248-scaled-e1657822470810.jpg 1200w, https:\/\/patternenergy.com\/wp-content\/uploads\/2022\/07\/IMG_9248-scaled-e1657822470810-300x225.jpg 300w, https:\/\/patternenergy.com\/wp-content\/uploads\/2022\/07\/IMG_9248-scaled-e1657822470810-1024x768.jpg 1024w, https:\/\/patternenergy.com\/wp-content\/uploads\/2022\/07\/IMG_9248-scaled-e1657822470810-768x576.jpg 768w\" sizes=\"auto, (max-width: 1200px) 100vw, 1200px\" \/><\/p>\n<h3><span style=\"font-weight: 400;\">Dos explotaciones comparten un terreno<\/span><\/h3>\n<p><span style=\"font-weight: 400;\">La hospitalidad local no se detuvo en la instalaci\u00f3n energ\u00e9tica.  <\/span><a href=\"https:\/\/fincadonmanuelpr.com\/\"><span style=\"font-weight: 400;\">Finca Don Manuel<\/span><\/a><span style=\"font-weight: 400;\">El presidente de la Finca de Viento Santa Isabel, un importante agricultor de frutas tropicales y copropietario de los terrenos donde se levantan las turbinas de la Finca de Viento Santa Isabel, invit\u00f3 amablemente a todos a disfrutar de un almuerzo espectacular. Adem\u00e1s de la deliciosa comida, los visitantes pudieron comprender mejor c\u00f3mo la energ\u00eda e\u00f3lica puede asociarse con la agricultura circundante para mejorar los resultados para todos.<\/span><\/p>\n<p><img loading=\"lazy\" decoding=\"async\" class=\"wp-image-5978 size-square-thumb aligncenter\" src=\"https:\/\/patternenergy.com\/wp-content\/uploads\/2022\/07\/SIW-3-scaled-e1657822459733-450x450.jpg\" alt=\"\" width=\"450\" height=\"450\" srcset=\"https:\/\/patternenergy.com\/wp-content\/uploads\/2022\/07\/SIW-3-scaled-e1657822459733-450x450.jpg 450w, https:\/\/patternenergy.com\/wp-content\/uploads\/2022\/07\/SIW-3-scaled-e1657822459733-150x150.jpg 150w\" sizes=\"auto, (max-width: 450px) 100vw, 450px\" \/> <img loading=\"lazy\" decoding=\"async\" class=\"aligncenter wp-image-5977 size-square-thumb\" src=\"https:\/\/patternenergy.com\/wp-content\/uploads\/2022\/07\/SIW-2-scaled-e1657822447323-450x450.jpg\" alt=\"\" width=\"450\" height=\"450\" srcset=\"https:\/\/patternenergy.com\/wp-content\/uploads\/2022\/07\/SIW-2-scaled-e1657822447323-450x450.jpg 450w, https:\/\/patternenergy.com\/wp-content\/uploads\/2022\/07\/SIW-2-scaled-e1657822447323-150x150.jpg 150w\" sizes=\"auto, (max-width: 450px) 100vw, 450px\" \/><\/p>\n<h3><span style=\"font-weight: 400;\">\u00bfDesea una visita guiada?<\/span><\/h3>\n<p><span style=\"font-weight: 400;\">Oscar y Carlos siempre disfrutan ense\u00f1ando las instalaciones y c\u00f3mo es trabajar all\u00ed. Los visitantes pueden manejar el equipo t\u00e9cnico de seguridad y acercarse a la base de una turbina para ver de primera mano c\u00f3mo funciona un parque e\u00f3lico.<\/span><\/p>\n<p><span style=\"font-weight: 400;\">Para obtener m\u00e1s informaci\u00f3n sobre la instalaci\u00f3n de energ\u00eda e\u00f3lica y c\u00f3mo ponerse en contacto con nosotros para solicitar una visita para su escuela o grupo, por favor <\/span><a href=\"https:\/\/patternenergy.com\/es\/projects\/santa-isabel-viento\/\" target=\"_blank\" rel=\"noopener\"><br \/>\n  <span style=\"font-weight: 400;\">haga clic aqu\u00ed<\/span><br \/>\n<\/a><span style=\"font-weight: 400;\"> para visitar la p\u00e1gina web de la instalaci\u00f3n.<\/span><\/p>\n<p><img loading=\"lazy\" decoding=\"async\" class=\"alignnone wp-image-5980 size-full\" src=\"https:\/\/patternenergy.com\/wp-content\/uploads\/2022\/07\/SIW-9-e1657822722971.jpg\" alt=\"\" width=\"1200\" height=\"900\" srcset=\"https:\/\/patternenergy.com\/wp-content\/uploads\/2022\/07\/SIW-9-e1657822722971.jpg 1200w, https:\/\/patternenergy.com\/wp-content\/uploads\/2022\/07\/SIW-9-e1657822722971-300x225.jpg 300w, https:\/\/patternenergy.com\/wp-content\/uploads\/2022\/07\/SIW-9-e1657822722971-1024x768.jpg 1024w, https:\/\/patternenergy.com\/wp-content\/uploads\/2022\/07\/SIW-9-e1657822722971-768x576.jpg 768w\" sizes=\"auto, (max-width: 1200px) 100vw, 1200px\" \/><\/p>\n","protected":false},"excerpt":{"rendered":"<p>El equipo de la Finca de Viento Santa Isabel se enorgullece de explotar la primera instalaci\u00f3n comercial de energ\u00eda e\u00f3lica construida en la isla. El equipo disfruta mostrando las instalaciones a los visitantes, ayud\u00e1ndoles a conocer de cerca la energ\u00eda e\u00f3lica y viendo c\u00f3mo encajan en la comunidad agr\u00edcola circundante. &nbsp; Invitados ins\u00f3litos En junio, [&hellip;]<\/p>\n","protected":false},"author":3,"featured_media":13018,"comment_status":"closed","ping_status":"closed","sticky":false,"template":"","format":"standard","meta":{"_acf_changed":false,"footnotes":""},"categories":[524,649,527,447],"tags":[996],"sub_site":[],"class_list":["post-18197","post","type-post","status-publish","format-standard","has-post-thumbnail","hentry","category-estados-unidos","category-historias-de-energia-patron","category-noticias-de-pattern-energy","category-sin-categorizar","tag-santa-isabel-viento"],"acf":[],"yoast_head":"<!-- This site is optimized with the Yoast SEO plugin v27.4 - https:\/\/yoast.com\/product\/yoast-seo-wordpress\/ -->\n<title>El viento de Santa Isabel se luce - Pattern Energy<\/title>\n<meta name=\"description\" content=\"El equipo de la Finca de Viento Santa Isabel se enorgullece de explotar la primera instalaci\u00f3n comercial de energ\u00eda e\u00f3lica construida en la isla.\" \/>\n<meta name=\"robots\" content=\"index, follow, max-snippet:-1, max-image-preview:large, max-video-preview:-1\" \/>\n<link rel=\"canonical\" href=\"https:\/\/patternenergy.com\/es\/el-viento-de-santa-isabel-se-luce\/\" \/>\n<meta property=\"og:locale\" content=\"es_ES\" \/>\n<meta property=\"og:type\" content=\"article\" \/>\n<meta property=\"og:title\" content=\"El viento de Santa Isabel se luce - Pattern Energy\" \/>\n<meta property=\"og:description\" content=\"El equipo de la Finca de Viento Santa Isabel se enorgullece de explotar la primera instalaci\u00f3n comercial de energ\u00eda e\u00f3lica construida en la isla.\" \/>\n<meta property=\"og:url\" content=\"https:\/\/patternenergy.com\/es\/el-viento-de-santa-isabel-se-luce\/\" \/>\n<meta property=\"og:site_name\" content=\"Pattern Energy\" \/>\n<meta property=\"article:publisher\" content=\"https:\/\/www.facebook.com\/PatternEnergy\/\" \/>\n<meta property=\"article:published_time\" content=\"2022-07-14T23:26:45+00:00\" \/>\n<meta property=\"article:modified_time\" content=\"2026-02-19T09:06:49+00:00\" \/>\n<meta property=\"og:image\" content=\"https:\/\/patternenergy.com\/wp-content\/uploads\/2022\/07\/Pattern_Corporate_BlogContent_SantaIsabelSiteTours_SocialPreviewImage1_07.12.22_DRAFT-1024x538.jpg\" \/>\n<meta name=\"author\" content=\"Alisa Frincke\" \/>\n<meta name=\"twitter:card\" content=\"summary_large_image\" \/>\n<meta name=\"twitter:image\" content=\"https:\/\/patternenergy.com\/wp-content\/uploads\/2022\/07\/Pattern_Corporate_BlogContent_SantaIsabelSiteTours_SocialPreviewImage1_07.12.22_DRAFT-1024x538.jpg\" \/>\n<meta name=\"twitter:label1\" content=\"Escrito por\" \/>\n\t<meta name=\"twitter:data1\" content=\"Alisa Frincke\" \/>\n\t<meta name=\"twitter:label2\" content=\"Tiempo de lectura\" \/>\n\t<meta name=\"twitter:data2\" content=\"3 minutos\" \/>\n<script type=\"application\/ld+json\" class=\"yoast-schema-graph\">{\"@context\":\"https:\\\/\\\/schema.org\",\"@graph\":[{\"@type\":\"Article\",\"@id\":\"https:\\\/\\\/patternenergy.com\\\/es\\\/el-viento-de-santa-isabel-se-luce\\\/#article\",\"isPartOf\":{\"@id\":\"https:\\\/\\\/patternenergy.com\\\/es\\\/el-viento-de-santa-isabel-se-luce\\\/\"},\"author\":{\"name\":\"Alisa Frincke\",\"@id\":\"https:\\\/\\\/patternenergy.com\\\/es\\\/#\\\/schema\\\/person\\\/6f7080f7c9428a32a6bbe73bf6c8e412\"},\"headline\":\"El viento de Santa Isabel se luce\",\"datePublished\":\"2022-07-14T23:26:45+00:00\",\"dateModified\":\"2026-02-19T09:06:49+00:00\",\"mainEntityOfPage\":{\"@id\":\"https:\\\/\\\/patternenergy.com\\\/es\\\/el-viento-de-santa-isabel-se-luce\\\/\"},\"wordCount\":415,\"publisher\":{\"@id\":\"https:\\\/\\\/patternenergy.com\\\/es\\\/#organization\"},\"image\":{\"@id\":\"https:\\\/\\\/patternenergy.com\\\/es\\\/el-viento-de-santa-isabel-se-luce\\\/#primaryimage\"},\"thumbnailUrl\":\"https:\\\/\\\/patternenergy.com\\\/wp-content\\\/uploads\\\/2022\\\/07\\\/Pattern_Corporate_BlogContent_SantaIsabelSiteTours_FeatureImage_07.12.22_DRAFT.jpg\",\"keywords\":[\"Santa Isabel Viento\"],\"articleSection\":[\"Estados Unidos\",\"Historias de Energ\u00eda Patr\u00f3n\",\"Noticias de Pattern Energy\",\"Sin categorizar\"],\"inLanguage\":\"es\"},{\"@type\":\"WebPage\",\"@id\":\"https:\\\/\\\/patternenergy.com\\\/es\\\/el-viento-de-santa-isabel-se-luce\\\/\",\"url\":\"https:\\\/\\\/patternenergy.com\\\/es\\\/el-viento-de-santa-isabel-se-luce\\\/\",\"name\":\"El viento de Santa Isabel se luce - Pattern Energy\",\"isPartOf\":{\"@id\":\"https:\\\/\\\/patternenergy.com\\\/es\\\/#website\"},\"primaryImageOfPage\":{\"@id\":\"https:\\\/\\\/patternenergy.com\\\/es\\\/el-viento-de-santa-isabel-se-luce\\\/#primaryimage\"},\"image\":{\"@id\":\"https:\\\/\\\/patternenergy.com\\\/es\\\/el-viento-de-santa-isabel-se-luce\\\/#primaryimage\"},\"thumbnailUrl\":\"https:\\\/\\\/patternenergy.com\\\/wp-content\\\/uploads\\\/2022\\\/07\\\/Pattern_Corporate_BlogContent_SantaIsabelSiteTours_FeatureImage_07.12.22_DRAFT.jpg\",\"datePublished\":\"2022-07-14T23:26:45+00:00\",\"dateModified\":\"2026-02-19T09:06:49+00:00\",\"description\":\"El equipo de la Finca de Viento Santa Isabel se enorgullece de explotar la primera instalaci\u00f3n comercial de energ\u00eda e\u00f3lica construida en la isla.\",\"breadcrumb\":{\"@id\":\"https:\\\/\\\/patternenergy.com\\\/es\\\/el-viento-de-santa-isabel-se-luce\\\/#breadcrumb\"},\"inLanguage\":\"es\",\"potentialAction\":[{\"@type\":\"ReadAction\",\"target\":[\"https:\\\/\\\/patternenergy.com\\\/es\\\/el-viento-de-santa-isabel-se-luce\\\/\"]}]},{\"@type\":\"ImageObject\",\"inLanguage\":\"es\",\"@id\":\"https:\\\/\\\/patternenergy.com\\\/es\\\/el-viento-de-santa-isabel-se-luce\\\/#primaryimage\",\"url\":\"https:\\\/\\\/patternenergy.com\\\/wp-content\\\/uploads\\\/2022\\\/07\\\/Pattern_Corporate_BlogContent_SantaIsabelSiteTours_FeatureImage_07.12.22_DRAFT.jpg\",\"contentUrl\":\"https:\\\/\\\/patternenergy.com\\\/wp-content\\\/uploads\\\/2022\\\/07\\\/Pattern_Corporate_BlogContent_SantaIsabelSiteTours_FeatureImage_07.12.22_DRAFT.jpg\",\"width\":1200,\"height\":1200},{\"@type\":\"BreadcrumbList\",\"@id\":\"https:\\\/\\\/patternenergy.com\\\/es\\\/el-viento-de-santa-isabel-se-luce\\\/#breadcrumb\",\"itemListElement\":[{\"@type\":\"ListItem\",\"position\":1,\"name\":\"Home\",\"item\":\"https:\\\/\\\/patternenergy.com\\\/es\\\/\"},{\"@type\":\"ListItem\",\"position\":2,\"name\":\"El viento de Santa Isabel se luce\"}]},{\"@type\":\"WebSite\",\"@id\":\"https:\\\/\\\/patternenergy.com\\\/es\\\/#website\",\"url\":\"https:\\\/\\\/patternenergy.com\\\/es\\\/\",\"name\":\"Pattern Energy\",\"description\":\"Desarrollamos, construimos, poseemos y explotamos proyectos e\u00f3licos, solares, de transmisi\u00f3n y de almacenamiento de energ\u00eda de alta calidad en todo el mundo.\",\"publisher\":{\"@id\":\"https:\\\/\\\/patternenergy.com\\\/es\\\/#organization\"},\"potentialAction\":[{\"@type\":\"SearchAction\",\"target\":{\"@type\":\"EntryPoint\",\"urlTemplate\":\"https:\\\/\\\/patternenergy.com\\\/es\\\/?s={search_term_string}\"},\"query-input\":{\"@type\":\"PropertyValueSpecification\",\"valueRequired\":true,\"valueName\":\"search_term_string\"}}],\"inLanguage\":\"es\"},{\"@type\":\"Organization\",\"@id\":\"https:\\\/\\\/patternenergy.com\\\/es\\\/#organization\",\"name\":\"Pattern Energy\",\"url\":\"https:\\\/\\\/patternenergy.com\\\/es\\\/\",\"logo\":{\"@type\":\"ImageObject\",\"inLanguage\":\"es\",\"@id\":\"https:\\\/\\\/patternenergy.com\\\/es\\\/#\\\/schema\\\/logo\\\/image\\\/\",\"url\":\"https:\\\/\\\/patternenergy.com\\\/wp-content\\\/uploads\\\/2022\\\/01\\\/Pattern-Energy-Media-thumbnail-logo.jpg\",\"contentUrl\":\"https:\\\/\\\/patternenergy.com\\\/wp-content\\\/uploads\\\/2022\\\/01\\\/Pattern-Energy-Media-thumbnail-logo.jpg\",\"width\":1200,\"height\":627,\"caption\":\"Pattern Energy\"},\"image\":{\"@id\":\"https:\\\/\\\/patternenergy.com\\\/es\\\/#\\\/schema\\\/logo\\\/image\\\/\"},\"sameAs\":[\"https:\\\/\\\/www.facebook.com\\\/PatternEnergy\\\/\",\"https:\\\/\\\/instagram.com\\\/patternenergy?utm_medium=copy_link\",\"https:\\\/\\\/www.linkedin.com\\\/company\\\/pattern-energy\",\"https:\\\/\\\/www.youtube.com\\\/user\\\/PatternEnergy?app=desktop\",\"https:\\\/\\\/web.cauze.com\\\/company\\\/293\"]},{\"@type\":\"Person\",\"@id\":\"https:\\\/\\\/patternenergy.com\\\/es\\\/#\\\/schema\\\/person\\\/6f7080f7c9428a32a6bbe73bf6c8e412\",\"name\":\"Alisa Frincke\",\"url\":\"https:\\\/\\\/patternenergy.com\\\/es\\\/author\\\/alisa\\\/\"}]}<\/script>\n<!-- \/ Yoast SEO plugin. -->","yoast_head_json":{"title":"El viento de Santa Isabel se luce - Pattern Energy","description":"El equipo de la Finca de Viento Santa Isabel se enorgullece de explotar la primera instalaci\u00f3n comercial de energ\u00eda e\u00f3lica construida en la isla.","robots":{"index":"index","follow":"follow","max-snippet":"max-snippet:-1","max-image-preview":"max-image-preview:large","max-video-preview":"max-video-preview:-1"},"canonical":"https:\/\/patternenergy.com\/es\/el-viento-de-santa-isabel-se-luce\/","og_locale":"es_ES","og_type":"article","og_title":"El viento de Santa Isabel se luce - Pattern Energy","og_description":"El equipo de la Finca de Viento Santa Isabel se enorgullece de explotar la primera instalaci\u00f3n comercial de energ\u00eda e\u00f3lica construida en la isla.","og_url":"https:\/\/patternenergy.com\/es\/el-viento-de-santa-isabel-se-luce\/","og_site_name":"Pattern Energy","article_publisher":"https:\/\/www.facebook.com\/PatternEnergy\/","article_published_time":"2022-07-14T23:26:45+00:00","article_modified_time":"2026-02-19T09:06:49+00:00","og_image":[{"url":"https:\/\/patternenergy.com\/wp-content\/uploads\/2022\/07\/Pattern_Corporate_BlogContent_SantaIsabelSiteTours_SocialPreviewImage1_07.12.22_DRAFT-1024x538.jpg","type":"","width":"","height":""}],"author":"Alisa Frincke","twitter_card":"summary_large_image","twitter_image":"https:\/\/patternenergy.com\/wp-content\/uploads\/2022\/07\/Pattern_Corporate_BlogContent_SantaIsabelSiteTours_SocialPreviewImage1_07.12.22_DRAFT-1024x538.jpg","twitter_misc":{"Escrito por":"Alisa Frincke","Tiempo de lectura":"3 minutos"},"schema":{"@context":"https:\/\/schema.org","@graph":[{"@type":"Article","@id":"https:\/\/patternenergy.com\/es\/el-viento-de-santa-isabel-se-luce\/#article","isPartOf":{"@id":"https:\/\/patternenergy.com\/es\/el-viento-de-santa-isabel-se-luce\/"},"author":{"name":"Alisa Frincke","@id":"https:\/\/patternenergy.com\/es\/#\/schema\/person\/6f7080f7c9428a32a6bbe73bf6c8e412"},"headline":"El viento de Santa Isabel se luce","datePublished":"2022-07-14T23:26:45+00:00","dateModified":"2026-02-19T09:06:49+00:00","mainEntityOfPage":{"@id":"https:\/\/patternenergy.com\/es\/el-viento-de-santa-isabel-se-luce\/"},"wordCount":415,"publisher":{"@id":"https:\/\/patternenergy.com\/es\/#organization"},"image":{"@id":"https:\/\/patternenergy.com\/es\/el-viento-de-santa-isabel-se-luce\/#primaryimage"},"thumbnailUrl":"https:\/\/patternenergy.com\/wp-content\/uploads\/2022\/07\/Pattern_Corporate_BlogContent_SantaIsabelSiteTours_FeatureImage_07.12.22_DRAFT.jpg","keywords":["Santa Isabel Viento"],"articleSection":["Estados Unidos","Historias de Energ\u00eda Patr\u00f3n","Noticias de Pattern Energy","Sin categorizar"],"inLanguage":"es"},{"@type":"WebPage","@id":"https:\/\/patternenergy.com\/es\/el-viento-de-santa-isabel-se-luce\/","url":"https:\/\/patternenergy.com\/es\/el-viento-de-santa-isabel-se-luce\/","name":"El viento de Santa Isabel se luce - Pattern Energy","isPartOf":{"@id":"https:\/\/patternenergy.com\/es\/#website"},"primaryImageOfPage":{"@id":"https:\/\/patternenergy.com\/es\/el-viento-de-santa-isabel-se-luce\/#primaryimage"},"image":{"@id":"https:\/\/patternenergy.com\/es\/el-viento-de-santa-isabel-se-luce\/#primaryimage"},"thumbnailUrl":"https:\/\/patternenergy.com\/wp-content\/uploads\/2022\/07\/Pattern_Corporate_BlogContent_SantaIsabelSiteTours_FeatureImage_07.12.22_DRAFT.jpg","datePublished":"2022-07-14T23:26:45+00:00","dateModified":"2026-02-19T09:06:49+00:00","description":"El equipo de la Finca de Viento Santa Isabel se enorgullece de explotar la primera instalaci\u00f3n comercial de energ\u00eda e\u00f3lica construida en la isla.","breadcrumb":{"@id":"https:\/\/patternenergy.com\/es\/el-viento-de-santa-isabel-se-luce\/#breadcrumb"},"inLanguage":"es","potentialAction":[{"@type":"ReadAction","target":["https:\/\/patternenergy.com\/es\/el-viento-de-santa-isabel-se-luce\/"]}]},{"@type":"ImageObject","inLanguage":"es","@id":"https:\/\/patternenergy.com\/es\/el-viento-de-santa-isabel-se-luce\/#primaryimage","url":"https:\/\/patternenergy.com\/wp-content\/uploads\/2022\/07\/Pattern_Corporate_BlogContent_SantaIsabelSiteTours_FeatureImage_07.12.22_DRAFT.jpg","contentUrl":"https:\/\/patternenergy.com\/wp-content\/uploads\/2022\/07\/Pattern_Corporate_BlogContent_SantaIsabelSiteTours_FeatureImage_07.12.22_DRAFT.jpg","width":1200,"height":1200},{"@type":"BreadcrumbList","@id":"https:\/\/patternenergy.com\/es\/el-viento-de-santa-isabel-se-luce\/#breadcrumb","itemListElement":[{"@type":"ListItem","position":1,"name":"Home","item":"https:\/\/patternenergy.com\/es\/"},{"@type":"ListItem","position":2,"name":"El viento de Santa Isabel se luce"}]},{"@type":"WebSite","@id":"https:\/\/patternenergy.com\/es\/#website","url":"https:\/\/patternenergy.com\/es\/","name":"Pattern Energy","description":"Desarrollamos, construimos, poseemos y explotamos proyectos e\u00f3licos, solares, de transmisi\u00f3n y de almacenamiento de energ\u00eda de alta calidad en todo el mundo.","publisher":{"@id":"https:\/\/patternenergy.com\/es\/#organization"},"potentialAction":[{"@type":"SearchAction","target":{"@type":"EntryPoint","urlTemplate":"https:\/\/patternenergy.com\/es\/?s={search_term_string}"},"query-input":{"@type":"PropertyValueSpecification","valueRequired":true,"valueName":"search_term_string"}}],"inLanguage":"es"},{"@type":"Organization","@id":"https:\/\/patternenergy.com\/es\/#organization","name":"Pattern Energy","url":"https:\/\/patternenergy.com\/es\/","logo":{"@type":"ImageObject","inLanguage":"es","@id":"https:\/\/patternenergy.com\/es\/#\/schema\/logo\/image\/","url":"https:\/\/patternenergy.com\/wp-content\/uploads\/2022\/01\/Pattern-Energy-Media-thumbnail-logo.jpg","contentUrl":"https:\/\/patternenergy.com\/wp-content\/uploads\/2022\/01\/Pattern-Energy-Media-thumbnail-logo.jpg","width":1200,"height":627,"caption":"Pattern Energy"},"image":{"@id":"https:\/\/patternenergy.com\/es\/#\/schema\/logo\/image\/"},"sameAs":["https:\/\/www.facebook.com\/PatternEnergy\/","https:\/\/instagram.com\/patternenergy?utm_medium=copy_link","https:\/\/www.linkedin.com\/company\/pattern-energy","https:\/\/www.youtube.com\/user\/PatternEnergy?app=desktop","https:\/\/web.cauze.com\/company\/293"]},{"@type":"Person","@id":"https:\/\/patternenergy.com\/es\/#\/schema\/person\/6f7080f7c9428a32a6bbe73bf6c8e412","name":"Alisa Frincke","url":"https:\/\/patternenergy.com\/es\/author\/alisa\/"}]}},"_links":{"self":[{"href":"https:\/\/patternenergy.com\/es\/wp-json\/wp\/v2\/posts\/18197","targetHints":{"allow":["GET"]}}],"collection":[{"href":"https:\/\/patternenergy.com\/es\/wp-json\/wp\/v2\/posts"}],"about":[{"href":"https:\/\/patternenergy.com\/es\/wp-json\/wp\/v2\/types\/post"}],"author":[{"embeddable":true,"href":"https:\/\/patternenergy.com\/es\/wp-json\/wp\/v2\/users\/3"}],"replies":[{"embeddable":true,"href":"https:\/\/patternenergy.com\/es\/wp-json\/wp\/v2\/comments?post=18197"}],"version-history":[{"count":0,"href":"https:\/\/patternenergy.com\/es\/wp-json\/wp\/v2\/posts\/18197\/revisions"}],"wp:featuredmedia":[{"embeddable":true,"href":"https:\/\/patternenergy.com\/es\/wp-json\/wp\/v2\/media\/13018"}],"wp:attachment":[{"href":"https:\/\/patternenergy.com\/es\/wp-json\/wp\/v2\/media?parent=18197"}],"wp:term":[{"taxonomy":"category","embeddable":true,"href":"https:\/\/patternenergy.com\/es\/wp-json\/wp\/v2\/categories?post=18197"},{"taxonomy":"post_tag","embeddable":true,"href":"https:\/\/patternenergy.com\/es\/wp-json\/wp\/v2\/tags?post=18197"},{"taxonomy":"sub_site","embeddable":true,"href":"https:\/\/patternenergy.com\/es\/wp-json\/wp\/v2\/sub_site?post=18197"}],"curies":[{"name":"wp","href":"https:\/\/api.w.org\/{rel}","templated":true}]}}