{"id":18122,"date":"2022-03-31T19:34:01","date_gmt":"2022-04-01T00:34:01","guid":{"rendered":"https:\/\/patternenergy.com\/la-feria-de-otono-de-kincardine-vuelve-a-la-carga\/"},"modified":"2026-02-19T04:06:49","modified_gmt":"2026-02-19T09:06:49","slug":"la-feria-de-otono-de-kincardine-vuelve-a-la-carga","status":"publish","type":"post","link":"https:\/\/patternenergy.com\/es\/la-feria-de-otono-de-kincardine-vuelve-a-la-carga\/","title":{"rendered":"La Feria de Oto\u00f1o de Kincardine vuelve a la carga"},"content":{"rendered":"<p><span style=\"font-weight: 400;\">Una antigua tradici\u00f3n se prepara para un gran regreso este oto\u00f1o.<\/span><\/p>\n<p><span style=\"font-weight: 400;\">La planificaci\u00f3n de la Feria de Oto\u00f1o de Kincardine ya est\u00e1 en marcha, y los organizadores est\u00e1n entusiasmados con su regreso un a\u00f1o m\u00e1s.<\/span><\/p>\n<p><span style=\"font-weight: 400;\">\u00abLa Sociedad Agr\u00edcola de Kincardine existe desde hace 171 a\u00f1os. Tiene una larga historia en nuestra zona y en Ontario. Todos los a\u00f1os celebramos nuestro principal acontecimiento, la Feria de Oto\u00f1o, el fin de semana del D\u00eda del Trabajo\u00bb, dice Shirley Hartwick, coordinadora de prospecci\u00f3n de la Sociedad Agr\u00edcola de Kincardine.<\/span><\/p>\n<div id=\"attachment_5320\" style=\"width: 297px\" class=\"wp-caption alignnone\"><img loading=\"lazy\" decoding=\"async\" aria-describedby=\"caption-attachment-5320\" class=\"wp-image-5320\" src=\"https:\/\/patternenergy.com\/wp-content\/uploads\/2022\/03\/MorganandKatie-225x300.jpg\" alt=\"\" width=\"287\" height=\"382\" srcset=\"https:\/\/patternenergy.com\/wp-content\/uploads\/2022\/03\/MorganandKatie-225x300.jpg 225w, https:\/\/patternenergy.com\/wp-content\/uploads\/2022\/03\/MorganandKatie.jpg 720w\" sizes=\"auto, (max-width: 287px) 100vw, 287px\" \/><p id=\"caption-attachment-5320\" class=\"wp-caption-text\">Morgan Ritchie 2019-2020 (izquierda) Katie Voskamp (2018) Embajadores de la Sociedad Agr\u00edcola de Kincardine.<\/p><\/div>\n<h3>Pasar p\u00e1gina a las ferias virtuales<\/h3>\n<p><span style=\"font-weight: 400;\">Aunque las ferias presenciales han sido la norma durante la mayor parte de su historia, los dos \u00faltimos a\u00f1os han sido bastante diferentes.<\/span><\/p>\n<p><span style=\"font-weight: 400;\">\u00abLos dos \u00faltimos a\u00f1os hemos pasado a una feria virtual. Contratamos a un vide\u00f3grafo local y le encargamos una serie de v\u00eddeos sobre algunos agricultores, productores y artesanos locales. Tambi\u00e9n le pedimos a un chef local que nos ense\u00f1ara algunas recetas con ingredientes locales. Todos los v\u00eddeos se publicaron en nuestras redes sociales e hicimos algunos concursos a lo largo del a\u00f1o\u00bb, explica Shirley.<\/span><\/p>\n<p><span style=\"font-weight: 400;\">Los planes para este a\u00f1o pintan bien, y el objetivo de la Feria de Oto\u00f1o sigue siendo el mismo.<\/span><\/p>\n<div id=\"attachment_5318\" style=\"width: 491px\" class=\"wp-caption alignnone\"><img loading=\"lazy\" decoding=\"async\" aria-describedby=\"caption-attachment-5318\" class=\"wp-image-5318\" src=\"https:\/\/patternenergy.com\/wp-content\/uploads\/2022\/03\/2017paradecraigfamily-300x169.jpg\" alt=\"\" width=\"481\" height=\"271\" srcset=\"https:\/\/patternenergy.com\/wp-content\/uploads\/2022\/03\/2017paradecraigfamily-300x169.jpg 300w, https:\/\/patternenergy.com\/wp-content\/uploads\/2022\/03\/2017paradecraigfamily-768x432.jpg 768w, https:\/\/patternenergy.com\/wp-content\/uploads\/2022\/03\/2017paradecraigfamily.jpg 960w\" sizes=\"auto, (max-width: 481px) 100vw, 481px\" \/><p id=\"caption-attachment-5318\" class=\"wp-caption-text\">Una entrada pasada en el desfile de la Feria de Oto\u00f1o de Kincardine.<\/p><\/div>\n<h3><span style=\"font-weight: 400;\">Una emocionante vuelta a la normalidad<\/span><\/h3>\n<p><span style=\"font-weight: 400;\">\u00abNuestra misi\u00f3n es intentar concienciar a la gente durante la feria mostr\u00e1ndole un d\u00eda en la vida de un agricultor\u00bb, explica Shirley.<\/span><\/p>\n<p><span style=\"font-weight: 400;\">Muchas de las actividades del acontecimiento anual tienen su origen en la agricultura, desde concursos de ganado vacuno, productos l\u00e1cteos y aves de corral, hasta competiciones de 4-H, artesan\u00eda dom\u00e9stica, horticultura y floricultura. Pero la Sociedad Agr\u00edcola est\u00e1 abierta a aportar algunas novedades.<\/span><\/p>\n<p><span style=\"font-weight: 400;\">\u00abEn este momento, estamos pensando que la feria ser\u00e1 similar a como se ha hecho antes, pero todav\u00eda estamos en la fase de planificaci\u00f3n. Queremos traer algunas cosas que se han dejado en el pasado, como el espect\u00e1culo ecuestre. Normalmente hacemos un baile el s\u00e1bado por la noche, pero estamos pensando en hacerlo antes de la feria\u00bb, dice.<\/span><\/p>\n<p><span style=\"font-weight: 400;\">Los cantantes e int\u00e9rpretes locales tambi\u00e9n pueden repasar sus habilidades.<\/span><\/p>\n<p><span style=\"font-weight: 400;\">\u00abOtra cosa que esperamos a\u00f1adir este a\u00f1o es un concurso de talentos: Kincardine&#8217;s Got Talent o Kincardine Idol\u00bb, dice.<\/span><\/p>\n<div id=\"attachment_5319\" style=\"width: 489px\" class=\"wp-caption alignnone\"><img loading=\"lazy\" decoding=\"async\" aria-describedby=\"caption-attachment-5319\" class=\"wp-image-5319\" src=\"https:\/\/patternenergy.com\/wp-content\/uploads\/2022\/03\/12234903_962092880541895_4295059936686433873_n-300x225.jpg\" alt=\"\" width=\"479\" height=\"359\" srcset=\"https:\/\/patternenergy.com\/wp-content\/uploads\/2022\/03\/12234903_962092880541895_4295059936686433873_n-300x225.jpg 300w, https:\/\/patternenergy.com\/wp-content\/uploads\/2022\/03\/12234903_962092880541895_4295059936686433873_n-768x576.jpg 768w, https:\/\/patternenergy.com\/wp-content\/uploads\/2022\/03\/12234903_962092880541895_4295059936686433873_n.jpg 960w\" sizes=\"auto, (max-width: 479px) 100vw, 479px\" \/><p id=\"caption-attachment-5319\" class=\"wp-caption-text\">Participaciones anteriores en el Concurso de Hortalizas.<\/p><\/div>\n<h3><span style=\"font-weight: 400;\">Ra\u00edces profundas<\/span><\/h3>\n<p><span style=\"font-weight: 400;\">La feria, de dos d\u00edas de duraci\u00f3n, suele recibir entre 2.000 y 3.000 visitantes al a\u00f1o, y docenas de voluntarios trabajan duro para sacarla adelante.<\/span><\/p>\n<p><span style=\"font-weight: 400;\">Popular desde hace 171 a\u00f1os, la feria tiene una profunda y rica historia en la zona.<\/span><\/p>\n<p><span style=\"font-weight: 400;\">\u00abPor lo que s\u00e9, la Sociedad Agr\u00edcola se constituy\u00f3 en 1851. Pero creo que el a\u00f1o siguiente fue el primero en que se celebr\u00f3 la feria. La ubicaci\u00f3n ha cambiado mucho a lo largo de los a\u00f1os y empez\u00f3 a celebrarse un viernes porque quer\u00edan que los escolares participaran en el desfile. Tiene una buena historia en Kincardine\u00bb, dice Shirley.<\/span><\/p>\n<blockquote><p><span style=\"font-weight: 400;\">\u00abPor lo que s\u00e9, la Sociedad Agr\u00edcola se constituy\u00f3 en 1851. Pero creo que el a\u00f1o siguiente fue el primero en que se celebr\u00f3 la feria. La ubicaci\u00f3n ha cambiado mucho a lo largo de los a\u00f1os y empez\u00f3 a celebrarse un viernes porque quer\u00edan que los escolares participaran en el desfile. Tiene una buena historia en Kincardine\u00bb, dice Shirley.<\/span><\/p><\/blockquote>\n<p><span style=\"font-weight: 400;\">Pero el objetivo principal de la feria no ha cambiado: mostrar lo que hacen los agricultores.<\/span><\/p>\n<p><span style=\"font-weight: 400;\">\u00abLos concursos habr\u00edan sido el n\u00facleo de la feria, los granjeros habr\u00edan tra\u00eddo todo lo que hab\u00edan cultivado y criado. Tambi\u00e9n habr\u00eda competiciones de cultivos y espect\u00e1culos\u00bb, explica Shirley.<\/span><\/p>\n<div id=\"attachment_5321\" style=\"width: 511px\" class=\"wp-caption alignnone\"><img loading=\"lazy\" decoding=\"async\" aria-describedby=\"caption-attachment-5321\" class=\"wp-image-5321\" src=\"https:\/\/patternenergy.com\/wp-content\/uploads\/2022\/03\/showingcattleat-the-fair-300x209.jpg\" alt=\"\" width=\"501\" height=\"349\" srcset=\"https:\/\/patternenergy.com\/wp-content\/uploads\/2022\/03\/showingcattleat-the-fair-300x209.jpg 300w, https:\/\/patternenergy.com\/wp-content\/uploads\/2022\/03\/showingcattleat-the-fair-1024x714.jpg 1024w, https:\/\/patternenergy.com\/wp-content\/uploads\/2022\/03\/showingcattleat-the-fair-768x536.jpg 768w, https:\/\/patternenergy.com\/wp-content\/uploads\/2022\/03\/showingcattleat-the-fair.jpg 1285w\" sizes=\"auto, (max-width: 501px) 100vw, 501px\" \/><p id=\"caption-attachment-5321\" class=\"wp-caption-text\">Exposici\u00f3n de ganado en la Feria de Oto\u00f1o de Kincardine, a\u00f1os 50.<\/p><\/div>\n<h3><span style=\"font-weight: 400;\">Planificar la competici\u00f3n<\/span><\/h3>\n<p><span style=\"font-weight: 400;\">Para que todo el mundo est\u00e9 preparado para los concursos de este a\u00f1o, se informa con antelaci\u00f3n a los participantes de las divisiones a las que pueden presentar sus candidaturas.<\/span><\/p>\n<p><span style=\"font-weight: 400;\">\u00abTodos los a\u00f1os intentamos publicar con antelaci\u00f3n el libro de la Feria de Oto\u00f1o para que quien quiera participar en el concurso de flores o en el de hortalizas sepa qu\u00e9 tipo de productos se van a presentar a la feria. As\u00ed pueden cultivar un tipo espec\u00edfico de hortaliza o flor. Tambi\u00e9n hacemos versiones junior de estos concursos\u00bb, dice Shirley.<\/span><\/p>\n<p><span style=\"font-weight: 400;\">Mientras la comunidad trabaja para dar la bienvenida de nuevo a la feria, la Sociedad Agr\u00edcola de Kincardine ha dado a conocer el tema de este a\u00f1o.<\/span><\/p>\n<p><span style=\"font-weight: 400;\">\u00abNuestro tema de este a\u00f1o es Back in the Saddle. Intentamos incorporar el tema a nuestros concursos y premios\u00bb, dice Shirley.<\/span><\/p>\n<div id=\"attachment_5316\" style=\"width: 542px\" class=\"wp-caption alignnone\"><img loading=\"lazy\" decoding=\"async\" aria-describedby=\"caption-attachment-5316\" class=\"wp-image-5316\" src=\"https:\/\/patternenergy.com\/wp-content\/uploads\/2022\/03\/horseracing-at-the-fair-300x209.jpg\" alt=\"\" width=\"532\" height=\"370\" srcset=\"https:\/\/patternenergy.com\/wp-content\/uploads\/2022\/03\/horseracing-at-the-fair-300x209.jpg 300w, https:\/\/patternenergy.com\/wp-content\/uploads\/2022\/03\/horseracing-at-the-fair-1024x714.jpg 1024w, https:\/\/patternenergy.com\/wp-content\/uploads\/2022\/03\/horseracing-at-the-fair-768x536.jpg 768w, https:\/\/patternenergy.com\/wp-content\/uploads\/2022\/03\/horseracing-at-the-fair.jpg 1285w\" sizes=\"auto, (max-width: 532px) 100vw, 532px\" \/><p id=\"caption-attachment-5316\" class=\"wp-caption-text\">Carreras de caballos en Connaught Park, fecha desconocida.<\/p><\/div>\n<p>&nbsp;<\/p>\n<div id=\"attachment_5317\" style=\"width: 407px\" class=\"wp-caption alignnone\"><img loading=\"lazy\" decoding=\"async\" aria-describedby=\"caption-attachment-5317\" class=\"wp-image-5317\" src=\"https:\/\/patternenergy.com\/wp-content\/uploads\/2022\/03\/1-300x300.png\" alt=\"\" width=\"397\" height=\"397\" srcset=\"https:\/\/patternenergy.com\/wp-content\/uploads\/2022\/03\/1-300x300.png 300w, https:\/\/patternenergy.com\/wp-content\/uploads\/2022\/03\/1-1024x1024.png 1024w, https:\/\/patternenergy.com\/wp-content\/uploads\/2022\/03\/1-150x150.png 150w, https:\/\/patternenergy.com\/wp-content\/uploads\/2022\/03\/1-768x768.png 768w, https:\/\/patternenergy.com\/wp-content\/uploads\/2022\/03\/1-450x450.png 450w, https:\/\/patternenergy.com\/wp-content\/uploads\/2022\/03\/1.png 1080w\" sizes=\"auto, (max-width: 397px) 100vw, 397px\" \/><p id=\"caption-attachment-5317\" class=\"wp-caption-text\">Cartel de la feria de oto\u00f1o de este a\u00f1o.<\/p><\/div>\n<h3><span style=\"font-weight: 400;\">Salvando las distancias<\/span><\/h3>\n<p><span style=\"font-weight: 400;\">Aunque la feria s\u00f3lo dura dos d\u00edas, Shirley afirma que su impacto en la comunidad perdura mucho tiempo.<\/span><\/p>\n<p><span style=\"font-weight: 400;\">\u00abCreo que reunir a todo el mundo para participar en una \u00faltima cosa antes de que acabe el verano es realmente importante. Pero el objetivo principal es tender un puente entre las comunidades rurales y urbanas. Ahora somos una comunidad muy diversa. Ahora hay muchas granjas m\u00e1s grandes con un ambiente m\u00e1s urbano, as\u00ed que queremos reunir a todo el mundo para que vea lo que es la agricultura\u00bb, afirma.<\/span><\/p>\n<p><span style=\"font-weight: 400;\">Para m\u00e1s informaci\u00f3n sobre la Feria de Oto\u00f1o de Kincardine, visite <\/span><a href=\"https:\/\/www.facebook.com\/Kinfallfair\"><br \/>\n  <span style=\"font-weight: 400;\">su p\u00e1gina de Facebook<\/span><br \/>\n<\/a><span style=\"font-weight: 400;\">.<\/span><\/p>\n<p data-pm-slice=\"1 1 []\">Para saber m\u00e1s sobre Armow Wind, <a href=\"https:\/\/patternenergy.com\/es\/projects\/viento-en-popa\/\">haga clic aqu\u00ed<\/a>.<\/p>\n","protected":false},"excerpt":{"rendered":"<p>Una antigua tradici\u00f3n se prepara para un gran regreso este oto\u00f1o. La planificaci\u00f3n de la Feria de Oto\u00f1o de Kincardine ya est\u00e1 en marcha, y los organizadores est\u00e1n entusiasmados con su regreso un a\u00f1o m\u00e1s. \u00abLa Sociedad Agr\u00edcola de Kincardine existe desde hace 171 a\u00f1os. Tiene una larga historia en nuestra zona y en Ontario. [&hellip;]<\/p>\n","protected":false},"author":3,"featured_media":12536,"comment_status":"closed","ping_status":"closed","sticky":false,"template":"","format":"standard","meta":{"_acf_changed":false,"footnotes":""},"categories":[513,637,447],"tags":[873,875,876,877,872,514],"sub_site":[],"class_list":["post-18122","post","type-post","status-publish","format-standard","has-post-thumbnail","hentry","category-canada-es","category-patron-canada-historias","category-sin-categorizar","tag-condado-de-bruce","tag-feria-de-otono","tag-feria-rural","tag-fiesta-de-la-cosecha","tag-kincardine-es","tag-viento-en-popa"],"acf":[],"yoast_head":"<!-- This site is optimized with the Yoast SEO plugin v27.5 - https:\/\/yoast.com\/product\/yoast-seo-wordpress\/ -->\n<title>La Feria de Oto\u00f1o de Kincardine vuelve a la carga - Pattern Energy<\/title>\n<meta name=\"description\" content=\"Una larga tradici\u00f3n se prepara para un gran regreso este oto\u00f1o. La planificaci\u00f3n de la Feria de Oto\u00f1o de Kincardine ya est\u00e1 en marcha, y los organizadores est\u00e1n entusiasmados con su regreso un a\u00f1o m\u00e1s.\" \/>\n<meta name=\"robots\" content=\"index, follow, max-snippet:-1, max-image-preview:large, max-video-preview:-1\" \/>\n<link rel=\"canonical\" href=\"https:\/\/patternenergy.com\/es\/la-feria-de-otono-de-kincardine-vuelve-a-la-carga\/\" \/>\n<meta property=\"og:locale\" content=\"es_ES\" \/>\n<meta property=\"og:type\" content=\"article\" \/>\n<meta property=\"og:title\" content=\"La Feria de Oto\u00f1o de Kincardine vuelve a la carga\" \/>\n<meta property=\"og:description\" content=\"Disfrute de una larga tradici\u00f3n en el condado de Bruce visitando la Feria de Oto\u00f1o de Kincardine este mes de septiembre. Lea nuestra \u00faltima entrada en el blog para obtener m\u00e1s informaci\u00f3n.\" \/>\n<meta property=\"og:url\" content=\"https:\/\/patternenergy.com\/es\/la-feria-de-otono-de-kincardine-vuelve-a-la-carga\/\" \/>\n<meta property=\"og:site_name\" content=\"Pattern Energy\" \/>\n<meta property=\"article:publisher\" content=\"https:\/\/www.facebook.com\/PatternEnergy\/\" \/>\n<meta property=\"article:published_time\" content=\"2022-04-01T00:34:01+00:00\" \/>\n<meta property=\"article:modified_time\" content=\"2026-02-19T09:06:49+00:00\" \/>\n<meta property=\"og:image\" content=\"https:\/\/patternenergy.com\/wp-content\/uploads\/2022\/03\/social-media-preview-1-8-1024x538.png\" \/>\n<meta name=\"author\" content=\"Alisa Frincke\" \/>\n<meta name=\"twitter:card\" content=\"summary_large_image\" \/>\n<meta name=\"twitter:title\" content=\"La Feria de Oto\u00f1o de Kincardine vuelve a la carga\" \/>\n<meta name=\"twitter:description\" content=\"Disfrute de una larga tradici\u00f3n en el condado de Bruce visitando la Feria de Oto\u00f1o de Kincardine este mes de septiembre. Lea nuestra \u00faltima entrada en el blog para obtener m\u00e1s informaci\u00f3n.\" \/>\n<meta name=\"twitter:image\" content=\"https:\/\/patternenergy.com\/wp-content\/uploads\/2022\/03\/social-media-preview-1-8-1024x538.png\" \/>\n<meta name=\"twitter:label1\" content=\"Escrito por\" \/>\n\t<meta name=\"twitter:data1\" content=\"Alisa Frincke\" \/>\n\t<meta name=\"twitter:label2\" content=\"Tiempo de lectura\" \/>\n\t<meta name=\"twitter:data2\" content=\"5 minutos\" \/>\n<script type=\"application\/ld+json\" class=\"yoast-schema-graph\">{\"@context\":\"https:\\\/\\\/schema.org\",\"@graph\":[{\"@type\":\"Article\",\"@id\":\"https:\\\/\\\/patternenergy.com\\\/es\\\/la-feria-de-otono-de-kincardine-vuelve-a-la-carga\\\/#article\",\"isPartOf\":{\"@id\":\"https:\\\/\\\/patternenergy.com\\\/es\\\/la-feria-de-otono-de-kincardine-vuelve-a-la-carga\\\/\"},\"author\":{\"name\":\"Alisa Frincke\",\"@id\":\"https:\\\/\\\/patternenergy.com\\\/es\\\/#\\\/schema\\\/person\\\/6f7080f7c9428a32a6bbe73bf6c8e412\"},\"headline\":\"La Feria de Oto\u00f1o de Kincardine vuelve a la carga\",\"datePublished\":\"2022-04-01T00:34:01+00:00\",\"dateModified\":\"2026-02-19T09:06:49+00:00\",\"mainEntityOfPage\":{\"@id\":\"https:\\\/\\\/patternenergy.com\\\/es\\\/la-feria-de-otono-de-kincardine-vuelve-a-la-carga\\\/\"},\"wordCount\":1020,\"publisher\":{\"@id\":\"https:\\\/\\\/patternenergy.com\\\/es\\\/#organization\"},\"image\":{\"@id\":\"https:\\\/\\\/patternenergy.com\\\/es\\\/la-feria-de-otono-de-kincardine-vuelve-a-la-carga\\\/#primaryimage\"},\"thumbnailUrl\":\"https:\\\/\\\/patternenergy.com\\\/wp-content\\\/uploads\\\/2022\\\/03\\\/featured-image-1-2.png\",\"keywords\":[\"condado de bruce\",\"feria de oto\u00f1o\",\"feria rural\",\"fiesta de la cosecha\",\"Kincardine\",\"Viento en popa\"],\"articleSection\":[\"Canad\u00e1\",\"Patr\u00f3n Canad\u00e1 Historias\",\"Sin categorizar\"],\"inLanguage\":\"es\"},{\"@type\":\"WebPage\",\"@id\":\"https:\\\/\\\/patternenergy.com\\\/es\\\/la-feria-de-otono-de-kincardine-vuelve-a-la-carga\\\/\",\"url\":\"https:\\\/\\\/patternenergy.com\\\/es\\\/la-feria-de-otono-de-kincardine-vuelve-a-la-carga\\\/\",\"name\":\"La Feria de Oto\u00f1o de Kincardine vuelve a la carga - Pattern Energy\",\"isPartOf\":{\"@id\":\"https:\\\/\\\/patternenergy.com\\\/es\\\/#website\"},\"primaryImageOfPage\":{\"@id\":\"https:\\\/\\\/patternenergy.com\\\/es\\\/la-feria-de-otono-de-kincardine-vuelve-a-la-carga\\\/#primaryimage\"},\"image\":{\"@id\":\"https:\\\/\\\/patternenergy.com\\\/es\\\/la-feria-de-otono-de-kincardine-vuelve-a-la-carga\\\/#primaryimage\"},\"thumbnailUrl\":\"https:\\\/\\\/patternenergy.com\\\/wp-content\\\/uploads\\\/2022\\\/03\\\/featured-image-1-2.png\",\"datePublished\":\"2022-04-01T00:34:01+00:00\",\"dateModified\":\"2026-02-19T09:06:49+00:00\",\"description\":\"Una larga tradici\u00f3n se prepara para un gran regreso este oto\u00f1o. La planificaci\u00f3n de la Feria de Oto\u00f1o de Kincardine ya est\u00e1 en marcha, y los organizadores est\u00e1n entusiasmados con su regreso un a\u00f1o m\u00e1s.\",\"breadcrumb\":{\"@id\":\"https:\\\/\\\/patternenergy.com\\\/es\\\/la-feria-de-otono-de-kincardine-vuelve-a-la-carga\\\/#breadcrumb\"},\"inLanguage\":\"es\",\"potentialAction\":[{\"@type\":\"ReadAction\",\"target\":[\"https:\\\/\\\/patternenergy.com\\\/es\\\/la-feria-de-otono-de-kincardine-vuelve-a-la-carga\\\/\"]}]},{\"@type\":\"ImageObject\",\"inLanguage\":\"es\",\"@id\":\"https:\\\/\\\/patternenergy.com\\\/es\\\/la-feria-de-otono-de-kincardine-vuelve-a-la-carga\\\/#primaryimage\",\"url\":\"https:\\\/\\\/patternenergy.com\\\/wp-content\\\/uploads\\\/2022\\\/03\\\/featured-image-1-2.png\",\"contentUrl\":\"https:\\\/\\\/patternenergy.com\\\/wp-content\\\/uploads\\\/2022\\\/03\\\/featured-image-1-2.png\",\"width\":741,\"height\":556},{\"@type\":\"BreadcrumbList\",\"@id\":\"https:\\\/\\\/patternenergy.com\\\/es\\\/la-feria-de-otono-de-kincardine-vuelve-a-la-carga\\\/#breadcrumb\",\"itemListElement\":[{\"@type\":\"ListItem\",\"position\":1,\"name\":\"Home\",\"item\":\"https:\\\/\\\/patternenergy.com\\\/es\\\/\"},{\"@type\":\"ListItem\",\"position\":2,\"name\":\"La Feria de Oto\u00f1o de Kincardine vuelve a la carga\"}]},{\"@type\":\"WebSite\",\"@id\":\"https:\\\/\\\/patternenergy.com\\\/es\\\/#website\",\"url\":\"https:\\\/\\\/patternenergy.com\\\/es\\\/\",\"name\":\"Pattern Energy\",\"description\":\"Desarrollamos, construimos, poseemos y explotamos proyectos e\u00f3licos, solares, de transmisi\u00f3n y de almacenamiento de energ\u00eda de alta calidad en todo el mundo.\",\"publisher\":{\"@id\":\"https:\\\/\\\/patternenergy.com\\\/es\\\/#organization\"},\"potentialAction\":[{\"@type\":\"SearchAction\",\"target\":{\"@type\":\"EntryPoint\",\"urlTemplate\":\"https:\\\/\\\/patternenergy.com\\\/es\\\/?s={search_term_string}\"},\"query-input\":{\"@type\":\"PropertyValueSpecification\",\"valueRequired\":true,\"valueName\":\"search_term_string\"}}],\"inLanguage\":\"es\"},{\"@type\":\"Organization\",\"@id\":\"https:\\\/\\\/patternenergy.com\\\/es\\\/#organization\",\"name\":\"Pattern Energy\",\"url\":\"https:\\\/\\\/patternenergy.com\\\/es\\\/\",\"logo\":{\"@type\":\"ImageObject\",\"inLanguage\":\"es\",\"@id\":\"https:\\\/\\\/patternenergy.com\\\/es\\\/#\\\/schema\\\/logo\\\/image\\\/\",\"url\":\"https:\\\/\\\/patternenergy.com\\\/wp-content\\\/uploads\\\/2022\\\/01\\\/Pattern-Energy-Media-thumbnail-logo.jpg\",\"contentUrl\":\"https:\\\/\\\/patternenergy.com\\\/wp-content\\\/uploads\\\/2022\\\/01\\\/Pattern-Energy-Media-thumbnail-logo.jpg\",\"width\":1200,\"height\":627,\"caption\":\"Pattern Energy\"},\"image\":{\"@id\":\"https:\\\/\\\/patternenergy.com\\\/es\\\/#\\\/schema\\\/logo\\\/image\\\/\"},\"sameAs\":[\"https:\\\/\\\/www.facebook.com\\\/PatternEnergy\\\/\",\"https:\\\/\\\/instagram.com\\\/patternenergy?utm_medium=copy_link\",\"https:\\\/\\\/www.linkedin.com\\\/company\\\/pattern-energy\",\"https:\\\/\\\/www.youtube.com\\\/user\\\/PatternEnergy?app=desktop\",\"https:\\\/\\\/web.cauze.com\\\/company\\\/293\"]},{\"@type\":\"Person\",\"@id\":\"https:\\\/\\\/patternenergy.com\\\/es\\\/#\\\/schema\\\/person\\\/6f7080f7c9428a32a6bbe73bf6c8e412\",\"name\":\"Alisa Frincke\",\"url\":\"https:\\\/\\\/patternenergy.com\\\/es\\\/author\\\/alisa\\\/\"}]}<\/script>\n<!-- \/ Yoast SEO plugin. -->","yoast_head_json":{"title":"La Feria de Oto\u00f1o de Kincardine vuelve a la carga - Pattern Energy","description":"Una larga tradici\u00f3n se prepara para un gran regreso este oto\u00f1o. La planificaci\u00f3n de la Feria de Oto\u00f1o de Kincardine ya est\u00e1 en marcha, y los organizadores est\u00e1n entusiasmados con su regreso un a\u00f1o m\u00e1s.","robots":{"index":"index","follow":"follow","max-snippet":"max-snippet:-1","max-image-preview":"max-image-preview:large","max-video-preview":"max-video-preview:-1"},"canonical":"https:\/\/patternenergy.com\/es\/la-feria-de-otono-de-kincardine-vuelve-a-la-carga\/","og_locale":"es_ES","og_type":"article","og_title":"La Feria de Oto\u00f1o de Kincardine vuelve a la carga","og_description":"Disfrute de una larga tradici\u00f3n en el condado de Bruce visitando la Feria de Oto\u00f1o de Kincardine este mes de septiembre. Lea nuestra \u00faltima entrada en el blog para obtener m\u00e1s informaci\u00f3n.","og_url":"https:\/\/patternenergy.com\/es\/la-feria-de-otono-de-kincardine-vuelve-a-la-carga\/","og_site_name":"Pattern Energy","article_publisher":"https:\/\/www.facebook.com\/PatternEnergy\/","article_published_time":"2022-04-01T00:34:01+00:00","article_modified_time":"2026-02-19T09:06:49+00:00","og_image":[{"url":"https:\/\/patternenergy.com\/wp-content\/uploads\/2022\/03\/social-media-preview-1-8-1024x538.png","type":"","width":"","height":""}],"author":"Alisa Frincke","twitter_card":"summary_large_image","twitter_title":"La Feria de Oto\u00f1o de Kincardine vuelve a la carga","twitter_description":"Disfrute de una larga tradici\u00f3n en el condado de Bruce visitando la Feria de Oto\u00f1o de Kincardine este mes de septiembre. Lea nuestra \u00faltima entrada en el blog para obtener m\u00e1s informaci\u00f3n.","twitter_image":"https:\/\/patternenergy.com\/wp-content\/uploads\/2022\/03\/social-media-preview-1-8-1024x538.png","twitter_misc":{"Escrito por":"Alisa Frincke","Tiempo de lectura":"5 minutos"},"schema":{"@context":"https:\/\/schema.org","@graph":[{"@type":"Article","@id":"https:\/\/patternenergy.com\/es\/la-feria-de-otono-de-kincardine-vuelve-a-la-carga\/#article","isPartOf":{"@id":"https:\/\/patternenergy.com\/es\/la-feria-de-otono-de-kincardine-vuelve-a-la-carga\/"},"author":{"name":"Alisa Frincke","@id":"https:\/\/patternenergy.com\/es\/#\/schema\/person\/6f7080f7c9428a32a6bbe73bf6c8e412"},"headline":"La Feria de Oto\u00f1o de Kincardine vuelve a la carga","datePublished":"2022-04-01T00:34:01+00:00","dateModified":"2026-02-19T09:06:49+00:00","mainEntityOfPage":{"@id":"https:\/\/patternenergy.com\/es\/la-feria-de-otono-de-kincardine-vuelve-a-la-carga\/"},"wordCount":1020,"publisher":{"@id":"https:\/\/patternenergy.com\/es\/#organization"},"image":{"@id":"https:\/\/patternenergy.com\/es\/la-feria-de-otono-de-kincardine-vuelve-a-la-carga\/#primaryimage"},"thumbnailUrl":"https:\/\/patternenergy.com\/wp-content\/uploads\/2022\/03\/featured-image-1-2.png","keywords":["condado de bruce","feria de oto\u00f1o","feria rural","fiesta de la cosecha","Kincardine","Viento en popa"],"articleSection":["Canad\u00e1","Patr\u00f3n Canad\u00e1 Historias","Sin categorizar"],"inLanguage":"es"},{"@type":"WebPage","@id":"https:\/\/patternenergy.com\/es\/la-feria-de-otono-de-kincardine-vuelve-a-la-carga\/","url":"https:\/\/patternenergy.com\/es\/la-feria-de-otono-de-kincardine-vuelve-a-la-carga\/","name":"La Feria de Oto\u00f1o de Kincardine vuelve a la carga - Pattern Energy","isPartOf":{"@id":"https:\/\/patternenergy.com\/es\/#website"},"primaryImageOfPage":{"@id":"https:\/\/patternenergy.com\/es\/la-feria-de-otono-de-kincardine-vuelve-a-la-carga\/#primaryimage"},"image":{"@id":"https:\/\/patternenergy.com\/es\/la-feria-de-otono-de-kincardine-vuelve-a-la-carga\/#primaryimage"},"thumbnailUrl":"https:\/\/patternenergy.com\/wp-content\/uploads\/2022\/03\/featured-image-1-2.png","datePublished":"2022-04-01T00:34:01+00:00","dateModified":"2026-02-19T09:06:49+00:00","description":"Una larga tradici\u00f3n se prepara para un gran regreso este oto\u00f1o. La planificaci\u00f3n de la Feria de Oto\u00f1o de Kincardine ya est\u00e1 en marcha, y los organizadores est\u00e1n entusiasmados con su regreso un a\u00f1o m\u00e1s.","breadcrumb":{"@id":"https:\/\/patternenergy.com\/es\/la-feria-de-otono-de-kincardine-vuelve-a-la-carga\/#breadcrumb"},"inLanguage":"es","potentialAction":[{"@type":"ReadAction","target":["https:\/\/patternenergy.com\/es\/la-feria-de-otono-de-kincardine-vuelve-a-la-carga\/"]}]},{"@type":"ImageObject","inLanguage":"es","@id":"https:\/\/patternenergy.com\/es\/la-feria-de-otono-de-kincardine-vuelve-a-la-carga\/#primaryimage","url":"https:\/\/patternenergy.com\/wp-content\/uploads\/2022\/03\/featured-image-1-2.png","contentUrl":"https:\/\/patternenergy.com\/wp-content\/uploads\/2022\/03\/featured-image-1-2.png","width":741,"height":556},{"@type":"BreadcrumbList","@id":"https:\/\/patternenergy.com\/es\/la-feria-de-otono-de-kincardine-vuelve-a-la-carga\/#breadcrumb","itemListElement":[{"@type":"ListItem","position":1,"name":"Home","item":"https:\/\/patternenergy.com\/es\/"},{"@type":"ListItem","position":2,"name":"La Feria de Oto\u00f1o de Kincardine vuelve a la carga"}]},{"@type":"WebSite","@id":"https:\/\/patternenergy.com\/es\/#website","url":"https:\/\/patternenergy.com\/es\/","name":"Pattern Energy","description":"Desarrollamos, construimos, poseemos y explotamos proyectos e\u00f3licos, solares, de transmisi\u00f3n y de almacenamiento de energ\u00eda de alta calidad en todo el mundo.","publisher":{"@id":"https:\/\/patternenergy.com\/es\/#organization"},"potentialAction":[{"@type":"SearchAction","target":{"@type":"EntryPoint","urlTemplate":"https:\/\/patternenergy.com\/es\/?s={search_term_string}"},"query-input":{"@type":"PropertyValueSpecification","valueRequired":true,"valueName":"search_term_string"}}],"inLanguage":"es"},{"@type":"Organization","@id":"https:\/\/patternenergy.com\/es\/#organization","name":"Pattern Energy","url":"https:\/\/patternenergy.com\/es\/","logo":{"@type":"ImageObject","inLanguage":"es","@id":"https:\/\/patternenergy.com\/es\/#\/schema\/logo\/image\/","url":"https:\/\/patternenergy.com\/wp-content\/uploads\/2022\/01\/Pattern-Energy-Media-thumbnail-logo.jpg","contentUrl":"https:\/\/patternenergy.com\/wp-content\/uploads\/2022\/01\/Pattern-Energy-Media-thumbnail-logo.jpg","width":1200,"height":627,"caption":"Pattern Energy"},"image":{"@id":"https:\/\/patternenergy.com\/es\/#\/schema\/logo\/image\/"},"sameAs":["https:\/\/www.facebook.com\/PatternEnergy\/","https:\/\/instagram.com\/patternenergy?utm_medium=copy_link","https:\/\/www.linkedin.com\/company\/pattern-energy","https:\/\/www.youtube.com\/user\/PatternEnergy?app=desktop","https:\/\/web.cauze.com\/company\/293"]},{"@type":"Person","@id":"https:\/\/patternenergy.com\/es\/#\/schema\/person\/6f7080f7c9428a32a6bbe73bf6c8e412","name":"Alisa Frincke","url":"https:\/\/patternenergy.com\/es\/author\/alisa\/"}]}},"_links":{"self":[{"href":"https:\/\/patternenergy.com\/es\/wp-json\/wp\/v2\/posts\/18122","targetHints":{"allow":["GET"]}}],"collection":[{"href":"https:\/\/patternenergy.com\/es\/wp-json\/wp\/v2\/posts"}],"about":[{"href":"https:\/\/patternenergy.com\/es\/wp-json\/wp\/v2\/types\/post"}],"author":[{"embeddable":true,"href":"https:\/\/patternenergy.com\/es\/wp-json\/wp\/v2\/users\/3"}],"replies":[{"embeddable":true,"href":"https:\/\/patternenergy.com\/es\/wp-json\/wp\/v2\/comments?post=18122"}],"version-history":[{"count":0,"href":"https:\/\/patternenergy.com\/es\/wp-json\/wp\/v2\/posts\/18122\/revisions"}],"wp:featuredmedia":[{"embeddable":true,"href":"https:\/\/patternenergy.com\/es\/wp-json\/wp\/v2\/media\/12536"}],"wp:attachment":[{"href":"https:\/\/patternenergy.com\/es\/wp-json\/wp\/v2\/media?parent=18122"}],"wp:term":[{"taxonomy":"category","embeddable":true,"href":"https:\/\/patternenergy.com\/es\/wp-json\/wp\/v2\/categories?post=18122"},{"taxonomy":"post_tag","embeddable":true,"href":"https:\/\/patternenergy.com\/es\/wp-json\/wp\/v2\/tags?post=18122"},{"taxonomy":"sub_site","embeddable":true,"href":"https:\/\/patternenergy.com\/es\/wp-json\/wp\/v2\/sub_site?post=18122"}],"curies":[{"name":"wp","href":"https:\/\/api.w.org\/{rel}","templated":true}]}}