{"id":17875,"date":"2021-05-18T08:51:49","date_gmt":"2021-05-18T13:51:49","guid":{"rendered":"https:\/\/patternenergy.com\/una-asociacion-especial-para-capturar-el-viento\/"},"modified":"2026-02-19T03:56:10","modified_gmt":"2026-02-19T08:56:10","slug":"una-asociacion-especial-para-capturar-el-viento","status":"publish","type":"post","link":"https:\/\/patternenergy.com\/es\/una-asociacion-especial-para-capturar-el-viento\/","title":{"rendered":"Una asociaci\u00f3n especial para capturar el viento"},"content":{"rendered":"&#13;\n<figure class=\"wp-block-image size-large\"><img loading=\"lazy\" decoding=\"async\" width=\"880\" height=\"478\" class=\"wp-image-3125\" src=\"https:\/\/patternenergy.com\/wp-content\/uploads\/2021\/12\/1-8.jpg\" alt=\"\"\/>&#13;\n<figcaption><strong><em>Dar forma a los sue\u00f1os de una comunidad.<\/em><\/strong><\/figcaption>&#13;\n<\/figure>&#13;\n&#13;\n<p>A principios de la d\u00e9cada de 2000, una idea tom\u00f3 forma en las mentes de los l\u00edderes de St. Quer\u00edan aprovechar los magn\u00edficos recursos e\u00f3licos de su regi\u00f3n para impulsar la actividad econ\u00f3mica de la zona. Joseph Wind refleja la materializaci\u00f3n de su visi\u00f3n.  <\/p>&#13;\n&#13;\n<p>La instalaci\u00f3n ofrece un ejemplo de proyecto de energ\u00eda renovable a gran escala iniciado por la comunidad. A lo largo de su funcionamiento, esa estrecha conexi\u00f3n con la comunidad ha ayudado al proyecto a contribuir de forma significativa como vecino y socio.<\/p>&#13;\n&#13;\n<div class=\"wp-block-image\">&#13;\n<figure class=\"aligncenter size-large\"><img loading=\"lazy\" decoding=\"async\" width=\"900\" height=\"498\" class=\"wp-image-2735\" src=\"https:\/\/patternenergy.com\/wp-content\/uploads\/2021\/12\/04.05.11_sjwf_06_0490-1.jpg\" alt=\"\"\/><\/figure>&#13;\n<\/div>&#13;\n&#13;\n<p><strong>Una relaci\u00f3n de apoyo mutuo<\/strong><\/p>&#13;\n&#13;\n<p>Los municipios rurales de Montcalm y Rhineland son el hogar de gente trabajadora con una visi\u00f3n compartida de un futuro pr\u00f3spero. Durante su funcionamiento, los empleados del parque e\u00f3lico St. Joseph han establecido s\u00f3lidas relaciones de trabajo con los agricultores, los contratistas y la comunidad en general.<\/p>&#13;\n&#13;\n<p>Mark Alderson, Director de las instalaciones, atribuye el \u00e9xito del proyecto a esas relaciones, que a su vez han contribuido de forma significativa a causas y programas de la zona.<\/p>&#13;\n&#13;\n<p>\u00abSomos una de las instalaciones e\u00f3licas con m\u00e1s apoyo comunitario de Norteam\u00e9rica\u00bb, explica Mark.  <\/p>&#13;\n&#13;\n<p>Mark atribuye el \u00e9xito del centro al apoyo que ha recibido de los vecinos.<\/p>&#13;\n&#13;\n<p>\u00abSon muy buena gente\u00bb, explica Mark. \u00abSon l\u00f3gicos y comprensivos. No damos por sentado su apoyo\u00bb.  <\/p>&#13;\n&#13;\n<p>Quiz\u00e1s porque St. Joseph Wind naci\u00f3 como una visi\u00f3n de los l\u00edderes de la comunidad, los habitantes se interesan mucho por c\u00f3mo van las cosas en las instalaciones. \u00abEn la comunidad hay un verdadero sentido de la propiedad y la responsabilidad\u00bb, afirma Mark.<\/p>&#13;\n&#13;\n<p><strong>Un nuevo tipo de granja<\/strong><\/p>&#13;\n&#13;\n<p>Las turbinas de St. Joseph Wind se elevan sobre tierras con una rica historia agraria. Las tradiciones establecidas por los inmigrantes franc\u00f3fonos que se asentaron en la regi\u00f3n en las d\u00e9cadas de 1870 y 1880 contin\u00faan hoy en d\u00eda gracias a sus descendientes. La decisi\u00f3n de llevar a cabo un proyecto de energ\u00eda e\u00f3lica refleja el impulso progresista de la comunidad. Al mismo tiempo, aprovechar los beneficios de la energ\u00eda e\u00f3lica era un paso natural.<\/p>&#13;\n&#13;\n<p>La instalaci\u00f3n realiza importantes pagos a los propietarios de los terrenos que la albergan en concepto de arrendamiento y a los municipios locales en concepto de ingresos fiscales. \u00abLos beneficios econ\u00f3micos tienen repercusiones reales. Hemos visto c\u00f3mo mejoraban los servicios de la administraci\u00f3n local gracias a una mayor base impositiva\u00bb, afirma Mark.  <\/p>&#13;\n&#13;\n<div class=\"wp-block-image\">&#13;\n<figure class=\"aligncenter size-large\"><img loading=\"lazy\" decoding=\"async\" width=\"880\" height=\"478\" class=\"wp-image-3121\" src=\"https:\/\/patternenergy.com\/wp-content\/uploads\/2021\/12\/4-5.jpg\" alt=\"\"\/>&#13;\n<figcaption><strong><em>Las turbinas de St. Joseph Wind<\/em><\/strong><\/figcaption>&#13;\n<\/figure>&#13;\n<\/div>&#13;\n&#13;\n<p><strong>Un buen vecino<\/strong><\/p>&#13;\n&#13;\n<p>Las alianzas establecidas al inicio del proyecto entre la comunidad y Pattern Canada, que desarroll\u00f3 y explota actualmente St. Joseph Wind, han ayudado a la instalaci\u00f3n a integrarse en la comunidad para convertirse en un socio en la conservaci\u00f3n de su patrimonio.<\/p>&#13;\n&#13;\n<p>Las contribuciones de St. Joseph Wind al <a href=\"http:\/\/museestjoseph.ca\/\" target=\"_blank\" rel=\"noreferrer noopener\">Museo St.<\/a> Joseph han sido una pieza central de ese esfuerzo. Con una fiel reproducci\u00f3n de un pueblo de pioneros, el museo se ha convertido en un importante centro cultural. Joseph Wind se enorgullece de patrocinar la labor del museo.  <\/p>&#13;\n&#13;\n<div class=\"wp-block-image\">&#13;\n<figure class=\"aligncenter size-large\"><img loading=\"lazy\" decoding=\"async\" width=\"900\" height=\"600\" class=\"wp-image-2736\" src=\"https:\/\/patternenergy.com\/wp-content\/uploads\/2021\/12\/04.04.11_sjwf_04_0684.jpg\" alt=\"\"\/>&#13;\n<figcaption><strong><em>Museo St. Joseph<\/em><\/strong><\/figcaption>&#13;\n<\/figure>&#13;\n<\/div>&#13;\n&#13;\n<p>El patrocinio de programas deportivos y actos culturales locales es una peque\u00f1a pero importante forma de que el centro siga retribuyendo a la comunidad. Cuando la pandemia de Covid-19 golpe\u00f3 en 2020, St. Joseph Wind busc\u00f3 organizaciones locales que necesitaran apoyo extra para seguir sirviendo a la comunidad durante un a\u00f1o dif\u00edcil.  <\/p>&#13;\n&#13;\n<p>\u00abIntentamos ser proactivos y hacer todo lo posible para que la comunidad sepa que valoramos formar parte de ella\u00bb. Mark dice.  <\/p>&#13;\n","protected":false},"excerpt":{"rendered":"<p>A principios de la d\u00e9cada de 2000, en las comunidades de los alrededores de St. Joseph arraig\u00f3 la idea de aprovechar los magn\u00edficos recursos e\u00f3licos de la regi\u00f3n como nuevo motor de prosperidad. Joseph Wind refleja la realizaci\u00f3n de esa visi\u00f3n.  <\/p>\n","protected":false},"author":3,"featured_media":10422,"comment_status":"closed","ping_status":"closed","sticky":false,"template":"","format":"standard","meta":{"_acf_changed":false,"footnotes":""},"categories":[513,637,447],"tags":[655,638,654,653,650,652,656,651],"sub_site":[],"class_list":["post-17875","post","type-post","status-publish","format-standard","has-post-thumbnail","hentry","category-canada-es","category-patron-canada-historias","category-sin-categorizar","tag-ciudad-de-san-jose","tag-comunidad","tag-equipo","tag-historia-es","tag-raices-agricolas","tag-relaciones-comunitarias","tag-san-jose","tag-ser-buenos-vecinos"],"acf":[],"yoast_head":"<!-- This site is optimized with the Yoast SEO plugin v27.5 - https:\/\/yoast.com\/product\/yoast-seo-wordpress\/ -->\n<title>Una asociaci\u00f3n especial para capturar el viento - Pattern Energy<\/title>\n<meta name=\"description\" content=\"A principios de la d\u00e9cada de 2000, en las comunidades de los alrededores de St. Joseph arraig\u00f3 la idea de aprovechar los magn\u00edficos recursos e\u00f3licos de la regi\u00f3n como nuevo motor de prosperidad. Joseph Wind refleja la realizaci\u00f3n de esa visi\u00f3n.\" \/>\n<meta name=\"robots\" content=\"index, follow, max-snippet:-1, max-image-preview:large, max-video-preview:-1\" \/>\n<link rel=\"canonical\" href=\"https:\/\/patternenergy.com\/es\/una-asociacion-especial-para-capturar-el-viento\/\" \/>\n<meta property=\"og:locale\" content=\"es_ES\" \/>\n<meta property=\"og:type\" content=\"article\" \/>\n<meta property=\"og:title\" content=\"Una asociaci\u00f3n especial para capturar el viento\" \/>\n<meta property=\"og:description\" content=\"Joseph Wind comenz\u00f3 como la visi\u00f3n de la comunidad de c\u00f3mo la energ\u00eda renovable pod\u00eda crear un futuro m\u00e1s pr\u00f3spero. Hoy estamos orgullosos de la estrecha colaboraci\u00f3n que hemos establecido con nuestros vecinos.\" \/>\n<meta property=\"og:url\" content=\"https:\/\/patternenergy.com\/es\/una-asociacion-especial-para-capturar-el-viento\/\" \/>\n<meta property=\"og:site_name\" content=\"Pattern Energy\" \/>\n<meta property=\"article:publisher\" content=\"https:\/\/www.facebook.com\/PatternEnergy\/\" \/>\n<meta property=\"article:published_time\" content=\"2021-05-18T13:51:49+00:00\" \/>\n<meta property=\"article:modified_time\" content=\"2026-02-19T08:56:10+00:00\" \/>\n<meta property=\"og:image\" content=\"https:\/\/patterncanada.ca\/wp-content\/uploads\/2021\/05\/Canada-Blog-12_J-Story_Social-Media-Preview.jpg\" \/>\n<meta name=\"author\" content=\"Alisa Frincke\" \/>\n<meta name=\"twitter:card\" content=\"summary_large_image\" \/>\n<meta name=\"twitter:title\" content=\"Una asociaci\u00f3n especial para capturar el viento\" \/>\n<meta name=\"twitter:description\" content=\"Joseph Wind comenz\u00f3 como la visi\u00f3n de la comunidad de c\u00f3mo la energ\u00eda renovable pod\u00eda crear un futuro m\u00e1s pr\u00f3spero. Hoy estamos orgullosos de la estrecha colaboraci\u00f3n que hemos establecido con nuestros vecinos.\" \/>\n<meta name=\"twitter:image\" content=\"https:\/\/patterncanada.ca\/wp-content\/uploads\/2021\/05\/Canada-Blog-12_J-Story_Social-Media-Preview.jpg\" \/>\n<meta name=\"twitter:label1\" content=\"Escrito por\" \/>\n\t<meta name=\"twitter:data1\" content=\"Alisa Frincke\" \/>\n\t<meta name=\"twitter:label2\" content=\"Tiempo de lectura\" \/>\n\t<meta name=\"twitter:data2\" content=\"3 minutos\" \/>\n<script type=\"application\/ld+json\" class=\"yoast-schema-graph\">{\"@context\":\"https:\\\/\\\/schema.org\",\"@graph\":[{\"@type\":\"Article\",\"@id\":\"https:\\\/\\\/patternenergy.com\\\/es\\\/una-asociacion-especial-para-capturar-el-viento\\\/#article\",\"isPartOf\":{\"@id\":\"https:\\\/\\\/patternenergy.com\\\/es\\\/una-asociacion-especial-para-capturar-el-viento\\\/\"},\"author\":{\"name\":\"Alisa Frincke\",\"@id\":\"https:\\\/\\\/patternenergy.com\\\/es\\\/#\\\/schema\\\/person\\\/6f7080f7c9428a32a6bbe73bf6c8e412\"},\"headline\":\"Una asociaci\u00f3n especial para capturar el viento\",\"datePublished\":\"2021-05-18T13:51:49+00:00\",\"dateModified\":\"2026-02-19T08:56:10+00:00\",\"mainEntityOfPage\":{\"@id\":\"https:\\\/\\\/patternenergy.com\\\/es\\\/una-asociacion-especial-para-capturar-el-viento\\\/\"},\"wordCount\":619,\"publisher\":{\"@id\":\"https:\\\/\\\/patternenergy.com\\\/es\\\/#organization\"},\"image\":{\"@id\":\"https:\\\/\\\/patternenergy.com\\\/es\\\/una-asociacion-especial-para-capturar-el-viento\\\/#primaryimage\"},\"thumbnailUrl\":\"https:\\\/\\\/patternenergy.com\\\/wp-content\\\/uploads\\\/2021\\\/05\\\/9.jpg\",\"keywords\":[\"Ciudad de San Jos\u00e9\",\"Comunidad\",\"Equipo\",\"Historia\",\"Ra\u00edces agr\u00edcolas\",\"Relaciones comunitarias\",\"San Jos\u00e9\",\"Ser buenos vecinos\"],\"articleSection\":[\"Canad\u00e1\",\"Patr\u00f3n Canad\u00e1 Historias\",\"Sin categorizar\"],\"inLanguage\":\"es\"},{\"@type\":\"WebPage\",\"@id\":\"https:\\\/\\\/patternenergy.com\\\/es\\\/una-asociacion-especial-para-capturar-el-viento\\\/\",\"url\":\"https:\\\/\\\/patternenergy.com\\\/es\\\/una-asociacion-especial-para-capturar-el-viento\\\/\",\"name\":\"Una asociaci\u00f3n especial para capturar el viento - Pattern Energy\",\"isPartOf\":{\"@id\":\"https:\\\/\\\/patternenergy.com\\\/es\\\/#website\"},\"primaryImageOfPage\":{\"@id\":\"https:\\\/\\\/patternenergy.com\\\/es\\\/una-asociacion-especial-para-capturar-el-viento\\\/#primaryimage\"},\"image\":{\"@id\":\"https:\\\/\\\/patternenergy.com\\\/es\\\/una-asociacion-especial-para-capturar-el-viento\\\/#primaryimage\"},\"thumbnailUrl\":\"https:\\\/\\\/patternenergy.com\\\/wp-content\\\/uploads\\\/2021\\\/05\\\/9.jpg\",\"datePublished\":\"2021-05-18T13:51:49+00:00\",\"dateModified\":\"2026-02-19T08:56:10+00:00\",\"description\":\"A principios de la d\u00e9cada de 2000, en las comunidades de los alrededores de St. Joseph arraig\u00f3 la idea de aprovechar los magn\u00edficos recursos e\u00f3licos de la regi\u00f3n como nuevo motor de prosperidad. Joseph Wind refleja la realizaci\u00f3n de esa visi\u00f3n.\",\"breadcrumb\":{\"@id\":\"https:\\\/\\\/patternenergy.com\\\/es\\\/una-asociacion-especial-para-capturar-el-viento\\\/#breadcrumb\"},\"inLanguage\":\"es\",\"potentialAction\":[{\"@type\":\"ReadAction\",\"target\":[\"https:\\\/\\\/patternenergy.com\\\/es\\\/una-asociacion-especial-para-capturar-el-viento\\\/\"]}]},{\"@type\":\"ImageObject\",\"inLanguage\":\"es\",\"@id\":\"https:\\\/\\\/patternenergy.com\\\/es\\\/una-asociacion-especial-para-capturar-el-viento\\\/#primaryimage\",\"url\":\"https:\\\/\\\/patternenergy.com\\\/wp-content\\\/uploads\\\/2021\\\/05\\\/9.jpg\",\"contentUrl\":\"https:\\\/\\\/patternenergy.com\\\/wp-content\\\/uploads\\\/2021\\\/05\\\/9.jpg\",\"width\":1080,\"height\":672},{\"@type\":\"BreadcrumbList\",\"@id\":\"https:\\\/\\\/patternenergy.com\\\/es\\\/una-asociacion-especial-para-capturar-el-viento\\\/#breadcrumb\",\"itemListElement\":[{\"@type\":\"ListItem\",\"position\":1,\"name\":\"Home\",\"item\":\"https:\\\/\\\/patternenergy.com\\\/es\\\/\"},{\"@type\":\"ListItem\",\"position\":2,\"name\":\"Una asociaci\u00f3n especial para capturar el viento\"}]},{\"@type\":\"WebSite\",\"@id\":\"https:\\\/\\\/patternenergy.com\\\/es\\\/#website\",\"url\":\"https:\\\/\\\/patternenergy.com\\\/es\\\/\",\"name\":\"Pattern Energy\",\"description\":\"Desarrollamos, construimos, poseemos y explotamos proyectos e\u00f3licos, solares, de transmisi\u00f3n y de almacenamiento de energ\u00eda de alta calidad en todo el mundo.\",\"publisher\":{\"@id\":\"https:\\\/\\\/patternenergy.com\\\/es\\\/#organization\"},\"potentialAction\":[{\"@type\":\"SearchAction\",\"target\":{\"@type\":\"EntryPoint\",\"urlTemplate\":\"https:\\\/\\\/patternenergy.com\\\/es\\\/?s={search_term_string}\"},\"query-input\":{\"@type\":\"PropertyValueSpecification\",\"valueRequired\":true,\"valueName\":\"search_term_string\"}}],\"inLanguage\":\"es\"},{\"@type\":\"Organization\",\"@id\":\"https:\\\/\\\/patternenergy.com\\\/es\\\/#organization\",\"name\":\"Pattern Energy\",\"url\":\"https:\\\/\\\/patternenergy.com\\\/es\\\/\",\"logo\":{\"@type\":\"ImageObject\",\"inLanguage\":\"es\",\"@id\":\"https:\\\/\\\/patternenergy.com\\\/es\\\/#\\\/schema\\\/logo\\\/image\\\/\",\"url\":\"https:\\\/\\\/patternenergy.com\\\/wp-content\\\/uploads\\\/2022\\\/01\\\/Pattern-Energy-Media-thumbnail-logo.jpg\",\"contentUrl\":\"https:\\\/\\\/patternenergy.com\\\/wp-content\\\/uploads\\\/2022\\\/01\\\/Pattern-Energy-Media-thumbnail-logo.jpg\",\"width\":1200,\"height\":627,\"caption\":\"Pattern Energy\"},\"image\":{\"@id\":\"https:\\\/\\\/patternenergy.com\\\/es\\\/#\\\/schema\\\/logo\\\/image\\\/\"},\"sameAs\":[\"https:\\\/\\\/www.facebook.com\\\/PatternEnergy\\\/\",\"https:\\\/\\\/instagram.com\\\/patternenergy?utm_medium=copy_link\",\"https:\\\/\\\/www.linkedin.com\\\/company\\\/pattern-energy\",\"https:\\\/\\\/www.youtube.com\\\/user\\\/PatternEnergy?app=desktop\",\"https:\\\/\\\/web.cauze.com\\\/company\\\/293\"]},{\"@type\":\"Person\",\"@id\":\"https:\\\/\\\/patternenergy.com\\\/es\\\/#\\\/schema\\\/person\\\/6f7080f7c9428a32a6bbe73bf6c8e412\",\"name\":\"Alisa Frincke\",\"url\":\"https:\\\/\\\/patternenergy.com\\\/es\\\/author\\\/alisa\\\/\"}]}<\/script>\n<!-- \/ Yoast SEO plugin. -->","yoast_head_json":{"title":"Una asociaci\u00f3n especial para capturar el viento - Pattern Energy","description":"A principios de la d\u00e9cada de 2000, en las comunidades de los alrededores de St. Joseph arraig\u00f3 la idea de aprovechar los magn\u00edficos recursos e\u00f3licos de la regi\u00f3n como nuevo motor de prosperidad. Joseph Wind refleja la realizaci\u00f3n de esa visi\u00f3n.","robots":{"index":"index","follow":"follow","max-snippet":"max-snippet:-1","max-image-preview":"max-image-preview:large","max-video-preview":"max-video-preview:-1"},"canonical":"https:\/\/patternenergy.com\/es\/una-asociacion-especial-para-capturar-el-viento\/","og_locale":"es_ES","og_type":"article","og_title":"Una asociaci\u00f3n especial para capturar el viento","og_description":"Joseph Wind comenz\u00f3 como la visi\u00f3n de la comunidad de c\u00f3mo la energ\u00eda renovable pod\u00eda crear un futuro m\u00e1s pr\u00f3spero. Hoy estamos orgullosos de la estrecha colaboraci\u00f3n que hemos establecido con nuestros vecinos.","og_url":"https:\/\/patternenergy.com\/es\/una-asociacion-especial-para-capturar-el-viento\/","og_site_name":"Pattern Energy","article_publisher":"https:\/\/www.facebook.com\/PatternEnergy\/","article_published_time":"2021-05-18T13:51:49+00:00","article_modified_time":"2026-02-19T08:56:10+00:00","og_image":[{"url":"https:\/\/patterncanada.ca\/wp-content\/uploads\/2021\/05\/Canada-Blog-12_J-Story_Social-Media-Preview.jpg","type":"","width":"","height":""}],"author":"Alisa Frincke","twitter_card":"summary_large_image","twitter_title":"Una asociaci\u00f3n especial para capturar el viento","twitter_description":"Joseph Wind comenz\u00f3 como la visi\u00f3n de la comunidad de c\u00f3mo la energ\u00eda renovable pod\u00eda crear un futuro m\u00e1s pr\u00f3spero. Hoy estamos orgullosos de la estrecha colaboraci\u00f3n que hemos establecido con nuestros vecinos.","twitter_image":"https:\/\/patterncanada.ca\/wp-content\/uploads\/2021\/05\/Canada-Blog-12_J-Story_Social-Media-Preview.jpg","twitter_misc":{"Escrito por":"Alisa Frincke","Tiempo de lectura":"3 minutos"},"schema":{"@context":"https:\/\/schema.org","@graph":[{"@type":"Article","@id":"https:\/\/patternenergy.com\/es\/una-asociacion-especial-para-capturar-el-viento\/#article","isPartOf":{"@id":"https:\/\/patternenergy.com\/es\/una-asociacion-especial-para-capturar-el-viento\/"},"author":{"name":"Alisa Frincke","@id":"https:\/\/patternenergy.com\/es\/#\/schema\/person\/6f7080f7c9428a32a6bbe73bf6c8e412"},"headline":"Una asociaci\u00f3n especial para capturar el viento","datePublished":"2021-05-18T13:51:49+00:00","dateModified":"2026-02-19T08:56:10+00:00","mainEntityOfPage":{"@id":"https:\/\/patternenergy.com\/es\/una-asociacion-especial-para-capturar-el-viento\/"},"wordCount":619,"publisher":{"@id":"https:\/\/patternenergy.com\/es\/#organization"},"image":{"@id":"https:\/\/patternenergy.com\/es\/una-asociacion-especial-para-capturar-el-viento\/#primaryimage"},"thumbnailUrl":"https:\/\/patternenergy.com\/wp-content\/uploads\/2021\/05\/9.jpg","keywords":["Ciudad de San Jos\u00e9","Comunidad","Equipo","Historia","Ra\u00edces agr\u00edcolas","Relaciones comunitarias","San Jos\u00e9","Ser buenos vecinos"],"articleSection":["Canad\u00e1","Patr\u00f3n Canad\u00e1 Historias","Sin categorizar"],"inLanguage":"es"},{"@type":"WebPage","@id":"https:\/\/patternenergy.com\/es\/una-asociacion-especial-para-capturar-el-viento\/","url":"https:\/\/patternenergy.com\/es\/una-asociacion-especial-para-capturar-el-viento\/","name":"Una asociaci\u00f3n especial para capturar el viento - Pattern Energy","isPartOf":{"@id":"https:\/\/patternenergy.com\/es\/#website"},"primaryImageOfPage":{"@id":"https:\/\/patternenergy.com\/es\/una-asociacion-especial-para-capturar-el-viento\/#primaryimage"},"image":{"@id":"https:\/\/patternenergy.com\/es\/una-asociacion-especial-para-capturar-el-viento\/#primaryimage"},"thumbnailUrl":"https:\/\/patternenergy.com\/wp-content\/uploads\/2021\/05\/9.jpg","datePublished":"2021-05-18T13:51:49+00:00","dateModified":"2026-02-19T08:56:10+00:00","description":"A principios de la d\u00e9cada de 2000, en las comunidades de los alrededores de St. Joseph arraig\u00f3 la idea de aprovechar los magn\u00edficos recursos e\u00f3licos de la regi\u00f3n como nuevo motor de prosperidad. Joseph Wind refleja la realizaci\u00f3n de esa visi\u00f3n.","breadcrumb":{"@id":"https:\/\/patternenergy.com\/es\/una-asociacion-especial-para-capturar-el-viento\/#breadcrumb"},"inLanguage":"es","potentialAction":[{"@type":"ReadAction","target":["https:\/\/patternenergy.com\/es\/una-asociacion-especial-para-capturar-el-viento\/"]}]},{"@type":"ImageObject","inLanguage":"es","@id":"https:\/\/patternenergy.com\/es\/una-asociacion-especial-para-capturar-el-viento\/#primaryimage","url":"https:\/\/patternenergy.com\/wp-content\/uploads\/2021\/05\/9.jpg","contentUrl":"https:\/\/patternenergy.com\/wp-content\/uploads\/2021\/05\/9.jpg","width":1080,"height":672},{"@type":"BreadcrumbList","@id":"https:\/\/patternenergy.com\/es\/una-asociacion-especial-para-capturar-el-viento\/#breadcrumb","itemListElement":[{"@type":"ListItem","position":1,"name":"Home","item":"https:\/\/patternenergy.com\/es\/"},{"@type":"ListItem","position":2,"name":"Una asociaci\u00f3n especial para capturar el viento"}]},{"@type":"WebSite","@id":"https:\/\/patternenergy.com\/es\/#website","url":"https:\/\/patternenergy.com\/es\/","name":"Pattern Energy","description":"Desarrollamos, construimos, poseemos y explotamos proyectos e\u00f3licos, solares, de transmisi\u00f3n y de almacenamiento de energ\u00eda de alta calidad en todo el mundo.","publisher":{"@id":"https:\/\/patternenergy.com\/es\/#organization"},"potentialAction":[{"@type":"SearchAction","target":{"@type":"EntryPoint","urlTemplate":"https:\/\/patternenergy.com\/es\/?s={search_term_string}"},"query-input":{"@type":"PropertyValueSpecification","valueRequired":true,"valueName":"search_term_string"}}],"inLanguage":"es"},{"@type":"Organization","@id":"https:\/\/patternenergy.com\/es\/#organization","name":"Pattern Energy","url":"https:\/\/patternenergy.com\/es\/","logo":{"@type":"ImageObject","inLanguage":"es","@id":"https:\/\/patternenergy.com\/es\/#\/schema\/logo\/image\/","url":"https:\/\/patternenergy.com\/wp-content\/uploads\/2022\/01\/Pattern-Energy-Media-thumbnail-logo.jpg","contentUrl":"https:\/\/patternenergy.com\/wp-content\/uploads\/2022\/01\/Pattern-Energy-Media-thumbnail-logo.jpg","width":1200,"height":627,"caption":"Pattern Energy"},"image":{"@id":"https:\/\/patternenergy.com\/es\/#\/schema\/logo\/image\/"},"sameAs":["https:\/\/www.facebook.com\/PatternEnergy\/","https:\/\/instagram.com\/patternenergy?utm_medium=copy_link","https:\/\/www.linkedin.com\/company\/pattern-energy","https:\/\/www.youtube.com\/user\/PatternEnergy?app=desktop","https:\/\/web.cauze.com\/company\/293"]},{"@type":"Person","@id":"https:\/\/patternenergy.com\/es\/#\/schema\/person\/6f7080f7c9428a32a6bbe73bf6c8e412","name":"Alisa Frincke","url":"https:\/\/patternenergy.com\/es\/author\/alisa\/"}]}},"_links":{"self":[{"href":"https:\/\/patternenergy.com\/es\/wp-json\/wp\/v2\/posts\/17875","targetHints":{"allow":["GET"]}}],"collection":[{"href":"https:\/\/patternenergy.com\/es\/wp-json\/wp\/v2\/posts"}],"about":[{"href":"https:\/\/patternenergy.com\/es\/wp-json\/wp\/v2\/types\/post"}],"author":[{"embeddable":true,"href":"https:\/\/patternenergy.com\/es\/wp-json\/wp\/v2\/users\/3"}],"replies":[{"embeddable":true,"href":"https:\/\/patternenergy.com\/es\/wp-json\/wp\/v2\/comments?post=17875"}],"version-history":[{"count":0,"href":"https:\/\/patternenergy.com\/es\/wp-json\/wp\/v2\/posts\/17875\/revisions"}],"wp:featuredmedia":[{"embeddable":true,"href":"https:\/\/patternenergy.com\/es\/wp-json\/wp\/v2\/media\/10422"}],"wp:attachment":[{"href":"https:\/\/patternenergy.com\/es\/wp-json\/wp\/v2\/media?parent=17875"}],"wp:term":[{"taxonomy":"category","embeddable":true,"href":"https:\/\/patternenergy.com\/es\/wp-json\/wp\/v2\/categories?post=17875"},{"taxonomy":"post_tag","embeddable":true,"href":"https:\/\/patternenergy.com\/es\/wp-json\/wp\/v2\/tags?post=17875"},{"taxonomy":"sub_site","embeddable":true,"href":"https:\/\/patternenergy.com\/es\/wp-json\/wp\/v2\/sub_site?post=17875"}],"curies":[{"name":"wp","href":"https:\/\/api.w.org\/{rel}","templated":true}]}}